{"id":2935,"date":"2016-02-25T13:24:50","date_gmt":"2016-02-25T11:24:50","guid":{"rendered":"http:\/\/www.hossi-im-netz.de\/wordpress\/?p=2935"},"modified":"2016-02-25T13:24:50","modified_gmt":"2016-02-25T11:24:50","slug":"2016-ein-schaltjahr","status":"publish","type":"post","link":"https:\/\/www.hossi-im-netz.de\/wordpress\/2016-ein-schaltjahr\/","title":{"rendered":"2016 &#8211; Ein Schaltjahr"},"content":{"rendered":"<h2>2016 &#8211; Ein Schaltjahr<\/h2>\n<p>In diesem Jahr ist der meteorologische Winter und damit auch das gesamte Jahr um einen Tag l\u00e4nger. Grund daf\u00fcr ist der 29. Februar, der &#8222;Schalttag&#8220; in diesem Jahr. Wozu dient jedoch dieser zus\u00e4tzliche Tag und wieso wird er gerade im Februar angeh\u00e4ngt?<\/p>\n<p>Betrachtet man die Wetterentwicklung der kommenden Tage, so stellt sich vor\u00fcbergehend eine etwas ruhigere Wetterlage mit h\u00e4ufigen sonnigen Abschnitten ein. Am Montag, den 29. Februar, k\u00f6nnte es jedoch wettertechnisch wieder spannend werden. Ein Tief, das \u00fcber das westliche Mittelmeer in Richtung Norditalien zieht, sorgt voraussichtlich in einigen Gebiete Deutschlands f\u00fcr weiteren Nachschub an Schnee. Da sich diese Entwicklung aus heutiger Sicht noch relativ unsicher darstellt, soll im heutigen Thema des Tages auf dieses spezielle Datum eingegangen werden, denn der 29. Februar ist ein sogenannter &#8222;Schalttag&#8220; und tritt nur alle paar Jahre in Erscheinung.<\/p>\n<p>Wir ben\u00f6tigen diesen Schalttag, um das Kalenderjahr (gregorianische Kalender) an das Jahreszeiten basierende Sonnenjahr (auch tropisches Jahr genannt) anzugleichen bzw. mit dem tropischen Jahr zu synchronisieren. Das Sonnenjahr beschreibt die Zeitdauer zwischen zwei gleichen Zeitpunkten im Ablauf der Jahreszeiten. Zur Bestimmung der L\u00e4nge des Sonnenjahres kann z. B. der Zeitraum zwischen zwei Durchg\u00e4ngen der Sonne durch den &#8222;Fr\u00fchlingspunkt&#8220; (Tag-und-Nacht-Gleiche im Fr\u00fchjahr) verwendet werden. Nach dieser Definition ben\u00f6tigt die Erde f\u00fcr eine komplette Sonnenumrundung ungef\u00e4hr 356,2422 Tage. Dies sind 356 Tage, 5 Stunden, 48 Minuten und 45 Sekunden f\u00fcr einen Umlauf. Da nun das Kalenderjahr aber genau 365 Tage umfasst, fehlen uns pro Kalenderjahr 0,2422 Tage, also etwa einen Vierteltag. W\u00fcrde man diese Differenz \u00fcber einen l\u00e4ngeren Zeitraum nicht ausgleichen, w\u00fcrde sich der Fehler summieren und unser \u00fcblicher Monats- und Jahreszeitenablauf divergieren. Somit k\u00f6nnte nach vielen Jahren z. B. Weihnachten mitten im Sommer stattfinden.<\/p>\n<p>Wird diese j\u00e4hrliche Abweichung \u00fcber einen Zeitraum von vier Jahren betrachtet, so w\u00e4chst der Fehler auf 0,9688 Tage an. Um diese Differenz auszugleichen, wird im Vierjahresrhythmus ein Schalttag, den 29. Februar, angeh\u00e4ngt. Dadurch wird der Fehler allerdings noch nicht ganz behoben, denn auf einen langen Zeitraum gesehen, w\u00e4re das Kalenderjahr im Vergleich zum Sonnenjahr etwas zu lang.<\/p>\n<p>Um nun auch diese deutlich kleinere Abweichung zu korrigieren und weiter zu minimieren, behilft man sich dreier Regeln um die Schaltjahre festzulegen:<\/p>\n<p>Die erste Regel besagt, dass zun\u00e4chst die Jahre Schaltjahre sind, die durch vier ganzzahlig teilbar sind. Mit der zweiten Regel werden jedoch wieder einige Jahre ausgeschlossen. Dies sind diejenigen Jahre, die ein Jahrhundert abschlie\u00dfen (sog. S\u00e4kularjahre) und ohne Rest durch 100 teilbar sind. Somit sind beispielsweise das Jahr 2100, 2200, 2300 usw. keine Schaltjahre. Da diese zwei Regeln auf lange Sicht immer noch keine zufriedenstellende Genauigkeit versprechen (einen Tag Abweichung nach ca. 457 Jahren), gibt es eine dritte Regel: Bestimmte Jahre, die nach der zweiten Regel ausgeschlossen wurden, werden wieder herausgenommen. Dabei werden alle S\u00e4kularjahre, die durch 400 ohne Rest teilbar sind, doch wieder zu Schaltjahre. Dies sind z. B. die Jahre 1600, 2000, 2400 usw.<\/p>\n<p>Durch diese Regeln n\u00e4hern sich Kalenderjahr und tropisches Kalenderjahr so weit an, dass das gregorianische Kalenderjahr j\u00e4hrlich nur noch etwa 27 Sekunden zu kurz ist. Nach dieser Regelung muss voraussichtlich um das Jahr 4813 ein weiterer Schalttag eingef\u00fchrt werden, da sich bis dahin der Fehler wiederum auf einen Tag aufsummiert hat.<\/p>\n<p>Wieso wird aber nun dieser Schalttag im Februar angeh\u00e4ngt? Der heutige gregorianische Kalender beruht auf dem julianischen Kalender, der wiederum auf dem alten r\u00f6mischen Kalender beruht. Im r\u00f6mischen Kalender war bis zum Jahre 153 v. Chr. der Februarius der letzte Monat, was ihn dazu pr\u00e4destinierte, bei Bedarf einen Schalttag anzuh\u00e4ngen. Auch nach der darauffolgenden \u00c4nderung des Jahresanfangs auf den 1. Januar wurde diese Regelung bis heute beibehalten.<\/p>\n<p>M.Sc.-Met. Andreas W\u00fcrtz<\/p>\n<p>Deutscher Wetterdienst Vorhersage- und Beratungszentrale Offenbach, den 25.02.2016<\/p>\n<p>Copyright (c) Deutscher Wetterdienst<\/p>\n","protected":false},"excerpt":{"rendered":"<p>2016 &#8211; Ein Schaltjahr In diesem Jahr ist der meteorologische Winter und damit auch das gesamte Jahr um einen Tag l\u00e4nger. Grund daf\u00fcr ist der 29. Februar, der &#8222;Schalttag&#8220; in diesem Jahr. Wozu dient jedoch dieser zus\u00e4tzliche Tag und wieso <span class=\"excerpt-dots\">&hellip;<\/span> <a class=\"more-link\" href=\"https:\/\/www.hossi-im-netz.de\/wordpress\/2016-ein-schaltjahr\/\"><span class=\"more-msg\">Weiterlesen &rarr;<\/span><\/a><\/p>\n","protected":false},"author":1,"featured_media":0,"comment_status":"open","ping_status":"closed","sticky":false,"template":"","format":"standard","meta":{"_exactmetrics_skip_tracking":false,"_exactmetrics_sitenote_active":false,"_exactmetrics_sitenote_note":"","_exactmetrics_sitenote_category":0,"jetpack_post_was_ever_published":false,"_jetpack_newsletter_access":"","_jetpack_dont_email_post_to_subs":false,"_jetpack_newsletter_tier_id":0,"_jetpack_memberships_contains_paywalled_content":false,"_jetpack_memberships_contains_paid_content":false,"footnotes":"","jetpack_publicize_message":"","jetpack_publicize_feature_enabled":true,"jetpack_social_post_already_shared":true,"jetpack_social_options":{"image_generator_settings":{"template":"highway","default_image_id":0,"font":"","enabled":false},"version":2}},"categories":[37],"tags":[388,486,4],"yst_prominent_words":[],"class_list":["post-2935","post","type-post","status-publish","format-standard","hentry","category-wetterblog","tag-388","tag-schaltjahr","tag-wetter"],"jetpack_publicize_connections":[],"jetpack_featured_media_url":"","jetpack_sharing_enabled":true,"jetpack_shortlink":"https:\/\/wp.me\/p5DnIb-Ll","jetpack-related-posts":[],"jetpack_likes_enabled":true,"_links":{"self":[{"href":"https:\/\/www.hossi-im-netz.de\/wordpress\/wp-json\/wp\/v2\/posts\/2935","targetHints":{"allow":["GET"]}}],"collection":[{"href":"https:\/\/www.hossi-im-netz.de\/wordpress\/wp-json\/wp\/v2\/posts"}],"about":[{"href":"https:\/\/www.hossi-im-netz.de\/wordpress\/wp-json\/wp\/v2\/types\/post"}],"author":[{"embeddable":true,"href":"https:\/\/www.hossi-im-netz.de\/wordpress\/wp-json\/wp\/v2\/users\/1"}],"replies":[{"embeddable":true,"href":"https:\/\/www.hossi-im-netz.de\/wordpress\/wp-json\/wp\/v2\/comments?post=2935"}],"version-history":[{"count":1,"href":"https:\/\/www.hossi-im-netz.de\/wordpress\/wp-json\/wp\/v2\/posts\/2935\/revisions"}],"predecessor-version":[{"id":2936,"href":"https:\/\/www.hossi-im-netz.de\/wordpress\/wp-json\/wp\/v2\/posts\/2935\/revisions\/2936"}],"wp:attachment":[{"href":"https:\/\/www.hossi-im-netz.de\/wordpress\/wp-json\/wp\/v2\/media?parent=2935"}],"wp:term":[{"taxonomy":"category","embeddable":true,"href":"https:\/\/www.hossi-im-netz.de\/wordpress\/wp-json\/wp\/v2\/categories?post=2935"},{"taxonomy":"post_tag","embeddable":true,"href":"https:\/\/www.hossi-im-netz.de\/wordpress\/wp-json\/wp\/v2\/tags?post=2935"},{"taxonomy":"yst_prominent_words","embeddable":true,"href":"https:\/\/www.hossi-im-netz.de\/wordpress\/wp-json\/wp\/v2\/yst_prominent_words?post=2935"}],"curies":[{"name":"wp","href":"https:\/\/api.w.org\/{rel}","templated":true}]}}