{"id":2948,"date":"2016-02-27T14:35:56","date_gmt":"2016-02-27T12:35:56","guid":{"rendered":"http:\/\/www.hossi-im-netz.de\/wordpress\/?p=2948"},"modified":"2016-02-27T14:35:56","modified_gmt":"2016-02-27T12:35:56","slug":"der-fruehling-kommt-zumindest-der-meteorologische","status":"publish","type":"post","link":"https:\/\/www.hossi-im-netz.de\/wordpress\/der-fruehling-kommt-zumindest-der-meteorologische\/","title":{"rendered":"Der Fr\u00fchling kommt, zumindest der meteorologische"},"content":{"rendered":"<h2>Der Fr\u00fchling kommt, zumindest der meteorologische<\/h2>\n<p>Ist es fachlich gerechtfertigt, den meteorologischen Fr\u00fchlingsanfang drei Wochen vor den kalendarischen Fr\u00fchlingsbeginn zu legen? In Deutschland durchaus, im maritimen Klima eher nicht.<\/p>\n<p>Ist es eigentlich vern\u00fcnftig, das Fr\u00fchjahr meteorologisch schon am 1. M\u00e4rz zu beginnen und nicht astronomisch erst zur Tagundnachtgleiche um den 20. M\u00e4rz herum? Ein Blick in die vielj\u00e4hrige Statistik f\u00fcr Deutschland zeigt uns, dass das absolut vern\u00fcnftig ist, wenn wir das Jahr in vier etwa gleichlange Teile aufteilen. Die k\u00e4ltesten 90\/91 Tage liegen zwischen dem 1. Dezember und dem 1. M\u00e4rz. Die vielj\u00e4hrige Mitteltemperatur um den 01. Dezember betr\u00e4gt 1,72, um den 01. M\u00e4rz 1,76 Grad. Das funktioniert allerdings nicht in allen Klimata so exakt wie bei uns. Wo das Meer mit seiner W\u00e4rmekapazit\u00e4t starken Einfluss auf den Abstand zwischen den Sonnenstands- und den Temperaturextrema nimmt, passen die Temperaturen eher zu den astronomischen Jahreszeiten. Doch im deutschlandweiten Mittel liegt der Abstand der Extrema von Sonnenstand und Temperatur genau so, dass es mit der Aufteilung kalendarisch passt. In den k\u00fcstennahen deutschen Orten verschieben sich die k\u00e4ltesten 90 Tage des Jahres nach hinten. In Hamburg beispielsweise liegt die k\u00e4lteste 90-Tage-Periode eine Woche sp\u00e4ter. Helgoland, zumindest aus meteorologischer Sicht Deutschlands einzige Hochseeinsel, passt sich eher den kalendarischen Jahreszeiten an. Es ist also in Deutschland aus Sicht der Mitteltemperaturen absolut korrekt, das Fr\u00fchjahr am 01. M\u00e4rz beginnen zu lassen, auch wenn f\u00fcr Dienstag fr\u00fch in der S\u00fcdosth\u00e4lfte Schneefall und in ganz Deutschland Frost vorhergesagt wird. Das ist nat\u00fcrlich nicht das, was wir unter Fr\u00fchling verstehen. Aber schlie\u00dflich gibt es auch im Winter H\u00f6chsttemperaturen \u00fcber 20 Grad und im Sommer leichten Frost selbst in den Niederungen. Und im M\u00e4rz kann es im S\u00fcden erste Sommertage mit Werten \u00fcber 25 Grad geben. Wer den Fr\u00fchling am Dienstag wirklich mit Fr\u00fchlingstemperaturen beginnen will, der begibt sich am besten ans Mittelmeer. Im westlichen und im zentralen Bereich des Mittelmeers werden nach k\u00fchlen N\u00e4chten H\u00f6chstwerte von 15 bis 20 Grad erwartet, im Osten nach milden N\u00e4chten 25 bis 30 Grad.<\/p>\n<p>Dipl.-Met. Christoph Hartmann<\/p>\n<p>Deutscher Wetterdienst Vorhersage- und Beratungszentrale Offenbach, den 27.02.2016<\/p>\n<p>Copyright (c) Deutscher Wetterdienst<\/p>\n","protected":false},"excerpt":{"rendered":"<p>Der Fr\u00fchling kommt, zumindest der meteorologische Ist es fachlich gerechtfertigt, den meteorologischen Fr\u00fchlingsanfang drei Wochen vor den kalendarischen Fr\u00fchlingsbeginn zu legen? In Deutschland durchaus, im maritimen Klima eher nicht. Ist es eigentlich vern\u00fcnftig, das Fr\u00fchjahr meteorologisch schon am 1. M\u00e4rz <span class=\"excerpt-dots\">&hellip;<\/span> <a class=\"more-link\" href=\"https:\/\/www.hossi-im-netz.de\/wordpress\/der-fruehling-kommt-zumindest-der-meteorologische\/\"><span class=\"more-msg\">Weiterlesen &rarr;<\/span><\/a><\/p>\n","protected":false},"author":1,"featured_media":2934,"comment_status":"open","ping_status":"closed","sticky":false,"template":"","format":"standard","meta":{"_exactmetrics_skip_tracking":false,"_exactmetrics_sitenote_active":false,"_exactmetrics_sitenote_note":"","_exactmetrics_sitenote_category":0,"jetpack_post_was_ever_published":false,"_jetpack_newsletter_access":"","_jetpack_dont_email_post_to_subs":false,"_jetpack_newsletter_tier_id":0,"_jetpack_memberships_contains_paywalled_content":false,"_jetpack_memberships_contains_paid_content":false,"footnotes":"","jetpack_publicize_message":"","jetpack_publicize_feature_enabled":true,"jetpack_social_post_already_shared":true,"jetpack_social_options":{"image_generator_settings":{"template":"highway","default_image_id":0,"font":"","enabled":false},"version":2}},"categories":[37],"tags":[62,70,484,485],"yst_prominent_words":[],"class_list":["post-2948","post","type-post","status-publish","format-standard","has-post-thumbnail","hentry","category-wetterblog","tag-fruehjahr","tag-fruehling","tag-fruehling-2016","tag-fruehlingsanfang"],"jetpack_publicize_connections":[],"jetpack_featured_media_url":"https:\/\/www.hossi-im-netz.de\/wordpress\/wp-content\/uploads\/2016\/02\/image-22.jpeg","jetpack_sharing_enabled":true,"jetpack_shortlink":"https:\/\/wp.me\/p5DnIb-Ly","jetpack-related-posts":[],"jetpack_likes_enabled":true,"_links":{"self":[{"href":"https:\/\/www.hossi-im-netz.de\/wordpress\/wp-json\/wp\/v2\/posts\/2948","targetHints":{"allow":["GET"]}}],"collection":[{"href":"https:\/\/www.hossi-im-netz.de\/wordpress\/wp-json\/wp\/v2\/posts"}],"about":[{"href":"https:\/\/www.hossi-im-netz.de\/wordpress\/wp-json\/wp\/v2\/types\/post"}],"author":[{"embeddable":true,"href":"https:\/\/www.hossi-im-netz.de\/wordpress\/wp-json\/wp\/v2\/users\/1"}],"replies":[{"embeddable":true,"href":"https:\/\/www.hossi-im-netz.de\/wordpress\/wp-json\/wp\/v2\/comments?post=2948"}],"version-history":[{"count":1,"href":"https:\/\/www.hossi-im-netz.de\/wordpress\/wp-json\/wp\/v2\/posts\/2948\/revisions"}],"predecessor-version":[{"id":2949,"href":"https:\/\/www.hossi-im-netz.de\/wordpress\/wp-json\/wp\/v2\/posts\/2948\/revisions\/2949"}],"wp:featuredmedia":[{"embeddable":true,"href":"https:\/\/www.hossi-im-netz.de\/wordpress\/wp-json\/wp\/v2\/media\/2934"}],"wp:attachment":[{"href":"https:\/\/www.hossi-im-netz.de\/wordpress\/wp-json\/wp\/v2\/media?parent=2948"}],"wp:term":[{"taxonomy":"category","embeddable":true,"href":"https:\/\/www.hossi-im-netz.de\/wordpress\/wp-json\/wp\/v2\/categories?post=2948"},{"taxonomy":"post_tag","embeddable":true,"href":"https:\/\/www.hossi-im-netz.de\/wordpress\/wp-json\/wp\/v2\/tags?post=2948"},{"taxonomy":"yst_prominent_words","embeddable":true,"href":"https:\/\/www.hossi-im-netz.de\/wordpress\/wp-json\/wp\/v2\/yst_prominent_words?post=2948"}],"curies":[{"name":"wp","href":"https:\/\/api.w.org\/{rel}","templated":true}]}}