{"id":2953,"date":"2016-02-28T15:28:32","date_gmt":"2016-02-28T13:28:32","guid":{"rendered":"http:\/\/www.hossi-im-netz.de\/wordpress\/?p=2953"},"modified":"2016-02-28T15:28:32","modified_gmt":"2016-02-28T13:28:32","slug":"was-uns-im-maerz-so-alles-bluehen-kann","status":"publish","type":"post","link":"https:\/\/www.hossi-im-netz.de\/wordpress\/was-uns-im-maerz-so-alles-bluehen-kann\/","title":{"rendered":"Was uns im M\u00e4rz so alles bl\u00fchen kann &#8230; *"},"content":{"rendered":"<h2>Was uns im M\u00e4rz so alles bl\u00fchen kann &#8230; *<\/h2>\n<p>Der M\u00e4rz ist der \u00dcbergangsmonat vom Winter zum Fr\u00fchling. Entsprechend weit liegen die potenziellen meteorologischen Daten auseinander.<\/p>\n<p>Was bl\u00fcht denn alles in der Natur? Der M\u00e4rz, der erste Fr\u00fchlingsmonat, markiert den \u00dcbergang vom Winter zum Fr\u00fchjahr. Anfang M\u00e4rz haben wir normalerweise den Vorfr\u00fchling, in dem Schneegl\u00f6ckchen und der winterliche Schreck der Pollenallergiker, die Hasel, bl\u00fcht. Im Laufe des Monats, im deutschlandweiten Mittel um den 20. M\u00e4rz, setzt die Vegetationsperiode ein. Inzwischen d\u00fcrfen wir auch Ende M\u00e4rz sogar auf den Erstfr\u00fchling hoffen. Die Forsythie als dessen Indikator bl\u00fcht seit der Erw\u00e4rmung Anfang der 90er Jahre im Regelfall schon Ende des Monats. Ende M\u00e4rz kann es im Garten schon recht bunt werden, es bl\u00fchen z.B. G\u00e4nsebl\u00fcmchen, Krokus, Osterglocke und das Stiefm\u00fctterchen. Nicht nur die Hobbyg\u00e4rtner, sondern auch die Pollenallergiker kommen auf ihre Kosten. Der M\u00e4rz ist die Hauptbl\u00fctezeit von Hasel und Erle, Mitte des Monats kommen u.a. Pappel und Weide dazu, zum Ende des Monats schlie\u00dflich Birke und Esche. Dieses Jahr bl\u00fchen die Pflanzen noch etwa zwei Wochen fr\u00fcher.<\/p>\n<p>Kommen wir nun zum m\u00f6glichen Wetter, sprich den Extremwerten, die wir seit Aufzeichnungsbeginn in Deutschland gemessen haben.<\/p>\n<p>Im M\u00e4rz kann es anfangs noch sehr winterlich sein, schlie\u00dflich haben 10 % aller Stationen Anfang M\u00e4rz noch eine H\u00f6chst(!)temperatur unter minus 10 Grad (1971) gemeldet, also ganzt\u00e4gig strengen Frost. Tiefstwerte unter minus 20 Grad gab es schon an 30 % aller Stationen; minus 30 Grad erreichte aber nur die Zugspitze, in den Niederungen war es in Riedlingen und Hermaringen (beide in der N\u00e4he von Ulm im Donautal gelegen) am 01.03.2005 mit minus 28 Grad am k\u00e4ltesten. Dass zu solchen Temperaturen auch Schnee geh\u00f6rt, versteht sich von selbst. 100 cm und mehr gab es schon an vielen Stationen der Mittelgebirge und nat\u00fcrlich der Alpen. In den Tallagen der Alpen ist Oberstdorf mit 170 cm Schnee am 12.03.1968 f\u00fchrend, in den Mittelgebirgen Clausthal-Zellerfeld mit 164 cm am 08.03.1970. In den Niederungen Norddeutschlands gab es 1979 Anfang M\u00e4rz noch 50 cm Schnee. Schlie\u00dfen wir nun das Kapitel Winter und wenden uns den eher erfreulichen Sommeranteilen des M\u00e4rz zu.<\/p>\n<p>Maxima von 20 Grad und mehr gab es in den Niederungen bis auf k\u00fcstennahe Orte schon an allen Stationen, gut 10 % aller Stationen erlebten schon mal einen Sommertag mit H\u00f6chstwerten \u00fcber 25 Grad. Die n\u00f6rdlichste von ihnen war Angerm\u00fcnde &#8211; 65 km nord\u00f6stlich von Berlin &#8211; mit 25,2 Grad am 30.03.1968. Das absolute M\u00e4rzmaximum wurde mit 26,6\u00b0C am 28.03.1989 in Baden-Baden gemessen.<\/p>\n<p>Auch im M\u00e4rz, einer der drei niederschlags\u00e4rmsten Monate des Jahres, kann es viel regnen. In Freudenstadt fiel 1988 527 Liter auf den Quadratmeter, etwa soviel wie in einigen Gegenden Deutschlands im gesamten Jahr.<\/p>\n<p>An Sonnenscheinstunden sind zwischen 263 (1953) und 21 Stunden (1988) als Extremwerte zu vermelden, beides auf dem Feldberg im Schwarzwald. Das waren 1953 immerhin etwa 80%, 1988 6% der astronomisch m\u00f6glichen Sonnenscheindauer.<\/p>\n<p>Sie sehen also, im M\u00e4rz kann uns vom tiefsten Winter bis zum Sommertag meteorologisch alles bl\u00fchen.*<\/p>\n<p>Dipl.-Met. Christoph Hartmann<\/p>\n<p>Deutscher Wetterdienst Vorhersage- und Beratungszentrale Offenbach, den 28.02.2016<\/p>\n<p>Copyright (c) Deutscher Wetterdienst<\/p>\n","protected":false},"excerpt":{"rendered":"<p>Was uns im M\u00e4rz so alles bl\u00fchen kann &#8230; * Der M\u00e4rz ist der \u00dcbergangsmonat vom Winter zum Fr\u00fchling. Entsprechend weit liegen die potenziellen meteorologischen Daten auseinander. Was bl\u00fcht denn alles in der Natur? Der M\u00e4rz, der erste Fr\u00fchlingsmonat, markiert <span class=\"excerpt-dots\">&hellip;<\/span> <a class=\"more-link\" href=\"https:\/\/www.hossi-im-netz.de\/wordpress\/was-uns-im-maerz-so-alles-bluehen-kann\/\"><span class=\"more-msg\">Weiterlesen &rarr;<\/span><\/a><\/p>\n","protected":false},"author":1,"featured_media":2934,"comment_status":"open","ping_status":"closed","sticky":false,"template":"","format":"standard","meta":{"_exactmetrics_skip_tracking":false,"_exactmetrics_sitenote_active":false,"_exactmetrics_sitenote_note":"","_exactmetrics_sitenote_category":0,"jetpack_post_was_ever_published":false,"_jetpack_newsletter_access":"","_jetpack_dont_email_post_to_subs":false,"_jetpack_newsletter_tier_id":0,"_jetpack_memberships_contains_paywalled_content":false,"_jetpack_memberships_contains_paid_content":false,"footnotes":"","jetpack_publicize_message":"","jetpack_publicize_feature_enabled":true,"jetpack_social_post_already_shared":true,"jetpack_social_options":{"image_generator_settings":{"template":"highway","default_image_id":0,"font":"","enabled":false},"version":2}},"categories":[37],"tags":[70,128,4],"yst_prominent_words":[],"class_list":["post-2953","post","type-post","status-publish","format-standard","has-post-thumbnail","hentry","category-wetterblog","tag-fruehling","tag-maerz","tag-wetter"],"jetpack_publicize_connections":[],"jetpack_featured_media_url":"https:\/\/www.hossi-im-netz.de\/wordpress\/wp-content\/uploads\/2016\/02\/image-22.jpeg","jetpack_sharing_enabled":true,"jetpack_shortlink":"https:\/\/wp.me\/p5DnIb-LD","jetpack-related-posts":[],"jetpack_likes_enabled":true,"_links":{"self":[{"href":"https:\/\/www.hossi-im-netz.de\/wordpress\/wp-json\/wp\/v2\/posts\/2953","targetHints":{"allow":["GET"]}}],"collection":[{"href":"https:\/\/www.hossi-im-netz.de\/wordpress\/wp-json\/wp\/v2\/posts"}],"about":[{"href":"https:\/\/www.hossi-im-netz.de\/wordpress\/wp-json\/wp\/v2\/types\/post"}],"author":[{"embeddable":true,"href":"https:\/\/www.hossi-im-netz.de\/wordpress\/wp-json\/wp\/v2\/users\/1"}],"replies":[{"embeddable":true,"href":"https:\/\/www.hossi-im-netz.de\/wordpress\/wp-json\/wp\/v2\/comments?post=2953"}],"version-history":[{"count":1,"href":"https:\/\/www.hossi-im-netz.de\/wordpress\/wp-json\/wp\/v2\/posts\/2953\/revisions"}],"predecessor-version":[{"id":2954,"href":"https:\/\/www.hossi-im-netz.de\/wordpress\/wp-json\/wp\/v2\/posts\/2953\/revisions\/2954"}],"wp:featuredmedia":[{"embeddable":true,"href":"https:\/\/www.hossi-im-netz.de\/wordpress\/wp-json\/wp\/v2\/media\/2934"}],"wp:attachment":[{"href":"https:\/\/www.hossi-im-netz.de\/wordpress\/wp-json\/wp\/v2\/media?parent=2953"}],"wp:term":[{"taxonomy":"category","embeddable":true,"href":"https:\/\/www.hossi-im-netz.de\/wordpress\/wp-json\/wp\/v2\/categories?post=2953"},{"taxonomy":"post_tag","embeddable":true,"href":"https:\/\/www.hossi-im-netz.de\/wordpress\/wp-json\/wp\/v2\/tags?post=2953"},{"taxonomy":"yst_prominent_words","embeddable":true,"href":"https:\/\/www.hossi-im-netz.de\/wordpress\/wp-json\/wp\/v2\/yst_prominent_words?post=2953"}],"curies":[{"name":"wp","href":"https:\/\/api.w.org\/{rel}","templated":true}]}}