{"id":3120,"date":"2016-03-23T14:26:50","date_gmt":"2016-03-23T12:26:50","guid":{"rendered":"http:\/\/www.hossi-im-netz.de\/wordpress\/?p=3120"},"modified":"2016-03-23T14:26:50","modified_gmt":"2016-03-23T12:26:50","slug":"welttag-der-meteorologie-stellen-wir-uns-der-zukunft","status":"publish","type":"post","link":"https:\/\/www.hossi-im-netz.de\/wordpress\/welttag-der-meteorologie-stellen-wir-uns-der-zukunft\/","title":{"rendered":"Welttag der Meteorologie &#8211; Stellen wir uns der Zukunft"},"content":{"rendered":"<h2>Welttag der Meteorologie &#8211; Stellen wir uns der Zukunft<\/h2>\n<p>&#8222;Hei\u00dfer, trockener, feuchter. Stellt Euch der Zukunft.&#8220; So lautet das Motto des diesj\u00e4hrigen Welttags der Meteorologie. Was es damit auf sich hat, lesen Sie im Folgenden.<\/p>\n<p>Am heutigen 23. M\u00e4rz ist es wieder soweit &#8211; es ist Welttag der Meteorologie, der auch als Internationaler Tag der Meteorologie beziehungsweise als &#8222;Weltwettertag&#8220; bekannt ist. Dieser Ehrentag findet weltweit einmal j\u00e4hrlich jeweils am 23. M\u00e4rz statt und erinnert an die vor genau 66 Jahren in Kraft getretene Konvention zur Gr\u00fcndung der Weltorganisation f\u00fcr Meteorologie (WMO). Sie ging als Nachfolgeorganisation der Internationalen Meteorologischen Organisation (IMO), die im Jahre 1873 gegr\u00fcndet wurde, hervor und ist als Sonderorganisation der Vereinten Nationen mit Sitz in Genf federf\u00fchrend in allen Belangen der Meteorologie. Der Deutsche Wetterdienst vertritt die Bundesrepublik Deutschland als Mitglied dieser globalen Organisation seit 1954. Zu den wichtigsten Aufgaben der WMO z\u00e4hlen beispielsweise die F\u00f6rderung der internationalen Zusammenarbeit auf dem Gebiet der Meteorologie und der Hydrologie, die Standardisierung des Beobachtungswesens sowie die Planung und Durchf\u00fchrung technisch-wissenschaftlicher Programme. Hervorzuheben ist die politische Neutralit\u00e4t, mit der globale Projekte der meteorologischen Forschungsgemeinschaft unter der Schirmherrschaft der WMO vorangetrieben werden.<\/p>\n<p>Jedes Jahr w\u00e4hlt die Weltorganisation zum Welttag der Meteorologie ein Leitthema aus, bei denen aktuelle Studien, Projekte und Verfahren erl\u00e4utert werden. In diesem Jahr lautet das Motto: &#8222;Hotter, drier, wetter. Face the future.&#8220; &#8211; also \u00fcbersetzt: &#8222;Hei\u00dfer, trockener, feuchter. Stellt Euch der Zukunft.&#8220; Damit stehen die Herausforderungen des Klimawandels im Mittelpunkt, denn 2015 war bez\u00fcglich registrierter Wetterextreme in der Tat ein historisches Jahr. Daher appelliert Petteri Taales, Generalsekret\u00e4r der WMO, auch eindringlich an die Politik, das j\u00fcngst im Dezember auf der internationalen Klimakonferenz unterzeichnete &#8222;Pariser Abkommen&#8220; zu verwirklichen. Als Ziel sieht die Vereinbarung die Begrenzung der globalen Erw\u00e4rmung auf unter 2\u00b0C vor, indem die Treibhausgasemissionen drastisch zur\u00fcckgefahren werden. Hier noch einige pr\u00e4gende Beispiele aus Deutschland und der Welt zu den genannten drei Motto-Schlagw\u00f6rtern:<\/p>\n<p>&#8222;Hei\u00dfer&#8220;: 2015 war mit einer globalen Durchschnittstemperatur von 14.7 \u00b0C weltweit das w\u00e4rmste Jahr seit Beginn der Wetteraufzeichnungen. Mit einer positiven Temperaturabweichung von knapp 1\u00b0C gegen\u00fcber der vorindustriellen Periode Ende des 19. Jahrhunderts ist die H\u00e4lfte der kritischen Obergrenze von 2\u00b0C im vergangenen Jahr bereits erreicht worden. In Erinnerung blieb hierzulande der Temperaturrekord von 40,3\u00b0C, das am 5. Juli und auch am 7. August in Kitzingen (Unterfranken\/Bayern) registriert wurde. Aber auch die j\u00fcngste Vergangenheit brachte mit einer positiven Temperaturabweichung von 5,6 Grad im letzten Dezember zum langj\u00e4hrigen Mittel (1961-1990) einen neuen Allzeitrekord zu Stande.<\/p>\n<p>&#8222;Trockener&#8220;: Nicht nur die Hitzewellen, auch die D\u00fcrreperioden erreichen immer gr\u00f6\u00dfere Ausma\u00dfe. Exemplarisch erw\u00e4hnt sei hier die lang anhaltende Trockenheit in \u00d6sterreich im vergangenen Sommer. Im Nordosten des Landes, sprich in einem Gebiet von Ober\u00f6sterreich \u00fcber Nieder\u00f6sterreich und Wien bis zum Burgenland war es der trockenste Sommer seit 1911. Dort regnete es bis zu 43 Prozent weniger als im Durchschnitt, Ernteausf\u00e4lle von bis zu 90% waren die Folge. In Deutschland stach vor allem in der Mitte des Landes das trockene Fr\u00fchjahr hervor. So hat es beispielsweise in Frankfurt am Main im gesamten Fr\u00fchjahr nur 51,1 mm Niederschlag gegeben, was lediglich 31% (also nicht mal einem Drittel!) des &#8222;Soll-Niederschlags&#8220; &#8211; verglichen mit der Referenzperiode 1961 bis 1990 &#8211; entsprach.<\/p>\n<p>&#8222;Feuchter&#8220;: Nein, dieser Punkt stellt keinen Widerspruch zum vorherigen dar. Obwohl der Niederschlag eine sehr variable Gr\u00f6\u00dfe ist und von vielen Faktoren abh\u00e4ngt, zeigt der weltweite Trend ein h\u00f6heres Risiko f\u00fcr Starkregenf\u00e4lle in Regionen, in denen es ohnehin im Mittel schon viel regnet. Immer w\u00e4rmer werdende Luftmassen sind in der Lage mehr Wasserdampf aufzunehmen, der dann potentiell als niederschlagbares Wasser ausfallen kann. Hierzulande ist vor allem das Starkregenereignis in M\u00fcnster vom 28. Juli 2014 noch pr\u00e4sent, bei dem kleinr\u00e4umig sintflutartige Regenf\u00e4lle 292 mm innerhalb von nur 7 Stunden produzierten. Damit spielte dieses Event in derselben Liga wie \u00fcblicherweise gemessene Niederschlagssummen in Taifun- oder Monsunregionen wie Japan oder China.<\/p>\n<p>Weitere Informationen hierzu finden Sie auf der Homepage der WMO: <a href=\"http:\/\/www.wmo.int\/worldmetday\/home\" target=\"_blank\">http:\/\/www.wmo.int\/worldmetday\/home<\/a><\/p>\n<p>Abschlie\u00dfend noch ein passendes Zitat des franz\u00f6sischen Schriftstellers Albert Camus (1913-1960): &#8222;Die wahre Gro\u00dfz\u00fcgigkeit der Zukunft gegen\u00fcber besteht darin, in der Gegenwart alles zu geben.&#8220;<\/p>\n<p>In diesem Sinne: &#8222;Let&#8217;s face the future!&#8220; &#8211; &#8222;Stellen wir uns der Zukunft!&#8220;<\/p>\n<p>Dipl.-Met. Robert Hausen<\/p>\n<p>Deutscher Wetterdienst Vorhersage- und Beratungszentrale Offenbach, den 23.03.2016<\/p>\n<p>Copyright (c) Deutscher Wetterdienst<\/p>\n","protected":false},"excerpt":{"rendered":"<p>Welttag der Meteorologie &#8211; Stellen wir uns der Zukunft &#8222;Hei\u00dfer, trockener, feuchter. Stellt Euch der Zukunft.&#8220; So lautet das Motto des diesj\u00e4hrigen Welttags der Meteorologie. Was es damit auf sich hat, lesen Sie im Folgenden. Am heutigen 23. M\u00e4rz ist <span class=\"excerpt-dots\">&hellip;<\/span> <a class=\"more-link\" href=\"https:\/\/www.hossi-im-netz.de\/wordpress\/welttag-der-meteorologie-stellen-wir-uns-der-zukunft\/\"><span class=\"more-msg\">Weiterlesen &rarr;<\/span><\/a><\/p>\n","protected":false},"author":1,"featured_media":0,"comment_status":"open","ping_status":"closed","sticky":false,"template":"","format":"standard","meta":{"_exactmetrics_skip_tracking":false,"_exactmetrics_sitenote_active":false,"_exactmetrics_sitenote_note":"","_exactmetrics_sitenote_category":0,"jetpack_post_was_ever_published":false,"_jetpack_newsletter_access":"","_jetpack_dont_email_post_to_subs":false,"_jetpack_newsletter_tier_id":0,"_jetpack_memberships_contains_paywalled_content":false,"_jetpack_memberships_contains_paid_content":false,"footnotes":"","jetpack_publicize_message":"","jetpack_publicize_feature_enabled":true,"jetpack_social_post_already_shared":true,"jetpack_social_options":{"image_generator_settings":{"template":"highway","default_image_id":0,"font":"","enabled":false},"version":2}},"categories":[37],"tags":[559,558,560],"yst_prominent_words":[],"class_list":["post-3120","post","type-post","status-publish","format-standard","hentry","category-wetterblog","tag-meteorologie","tag-welttag","tag-zukunft"],"jetpack_publicize_connections":[],"jetpack_featured_media_url":"","jetpack_sharing_enabled":true,"jetpack_shortlink":"https:\/\/wp.me\/p5DnIb-Ok","jetpack-related-posts":[],"jetpack_likes_enabled":true,"_links":{"self":[{"href":"https:\/\/www.hossi-im-netz.de\/wordpress\/wp-json\/wp\/v2\/posts\/3120","targetHints":{"allow":["GET"]}}],"collection":[{"href":"https:\/\/www.hossi-im-netz.de\/wordpress\/wp-json\/wp\/v2\/posts"}],"about":[{"href":"https:\/\/www.hossi-im-netz.de\/wordpress\/wp-json\/wp\/v2\/types\/post"}],"author":[{"embeddable":true,"href":"https:\/\/www.hossi-im-netz.de\/wordpress\/wp-json\/wp\/v2\/users\/1"}],"replies":[{"embeddable":true,"href":"https:\/\/www.hossi-im-netz.de\/wordpress\/wp-json\/wp\/v2\/comments?post=3120"}],"version-history":[{"count":1,"href":"https:\/\/www.hossi-im-netz.de\/wordpress\/wp-json\/wp\/v2\/posts\/3120\/revisions"}],"predecessor-version":[{"id":3121,"href":"https:\/\/www.hossi-im-netz.de\/wordpress\/wp-json\/wp\/v2\/posts\/3120\/revisions\/3121"}],"wp:attachment":[{"href":"https:\/\/www.hossi-im-netz.de\/wordpress\/wp-json\/wp\/v2\/media?parent=3120"}],"wp:term":[{"taxonomy":"category","embeddable":true,"href":"https:\/\/www.hossi-im-netz.de\/wordpress\/wp-json\/wp\/v2\/categories?post=3120"},{"taxonomy":"post_tag","embeddable":true,"href":"https:\/\/www.hossi-im-netz.de\/wordpress\/wp-json\/wp\/v2\/tags?post=3120"},{"taxonomy":"yst_prominent_words","embeddable":true,"href":"https:\/\/www.hossi-im-netz.de\/wordpress\/wp-json\/wp\/v2\/yst_prominent_words?post=3120"}],"curies":[{"name":"wp","href":"https:\/\/api.w.org\/{rel}","templated":true}]}}