{"id":3207,"date":"2016-04-06T20:53:54","date_gmt":"2016-04-06T18:53:54","guid":{"rendered":"http:\/\/www.hossi-im-netz.de\/wordpress\/?p=3207"},"modified":"2016-04-06T20:53:54","modified_gmt":"2016-04-06T18:53:54","slug":"typisch-april-temperaturen-auf-berg-und-talfahrt","status":"publish","type":"post","link":"https:\/\/www.hossi-im-netz.de\/wordpress\/typisch-april-temperaturen-auf-berg-und-talfahrt\/","title":{"rendered":"Typisch April &#8211; Temperaturen auf Berg- und Talfahrt"},"content":{"rendered":"<h2>Typisch April &#8211; Temperaturen auf Berg- und Talfahrt<\/h2>\n<p>Das Wetter im April macht bekanntlich was es will. Dabei zeigt sich das Wechselspiel aus milden, sonnigen, k\u00fchlen und wechselhaften Tagen besonders in dieser Woche.<\/p>\n<p>Am gestrigen Dienstag zeigte sich das Wetter in Deutschland zweigeteilt. Bei dichter Bew\u00f6lkung kam es \u00fcber der Westh\u00e4lfte wiederholt zu Regenf\u00e4llen und auch die H\u00f6chsttemperaturen vom vergangenen Wochenende waren in weite Ferne ger\u00fcckt. Wurden am letzten Sonntag beispielsweise in K\u00f6ln noch knapp 21 Grad erreicht, waren es gestern nur noch k\u00fchle 13 Grad.<\/p>\n<p>Im Gegensatz dazu sorgte warme Luft aus Nordafrika von den Alpen bis nach Brandenburg noch einmal f\u00fcr fr\u00fchsommerliche Temperaturen. Am w\u00e4rmsten war es mit 25,6 Grad in Regensburg, aber auch in Dresden konnte man bei einer maximalen Lufttemperatur von 25,1 Grad von einem ersten Sommertag sprechen. In der feuchtwarmen Luft lie\u00dfen einzelne kr\u00e4ftigere Gewitter nicht lange auf sich warten. Diese entwickelten sich vereinzelt \u00fcber dem Osten Deutschlands und brachten teils Starkregen und kleink\u00f6rnigen Hagel mit sich.<\/p>\n<p>Doch mit den wetterbedingten Fr\u00fchlingsgef\u00fchlen ist in den n\u00e4chsten Tagen auch in der Osth\u00e4lfte Schluss. Denn die bereits in den Westen eingeflossene k\u00fchlere Meeresluft kommt nun weiter ostw\u00e4rts voran. Eingeleitet wird dieser Luftmassenwechsel durch Tief &#8222;Myrna&#8220;. Es befand sich gestern noch \u00fcber dem Nordwesten Deutschlands, verlagerte sich in der vergangenen Nacht Richtung S\u00fcdschweden und ist mittags etwa \u00fcber dem Bottnischen Meerbusen zu finden. Gekoppelt an dieses Tief ist eine Kaltfront, die die warme Luft im Osten von der k\u00fchlen Luft im Westen trennt. Mit der Verlagerung des Tiefs hat uns auch die Kaltfront in der vergangenen Nacht \u00fcberquert und somit die warme Luft \u00fcberall verdr\u00e4ngt.<\/p>\n<p>Auf Tief &#8222;Myrna&#8220; folgt ein weiteres Tief namens &#8222;Ninotschka&#8220;, das am heutigen Mittwoch vom Nordatlantik in Richtung Nordsee zieht. Beide Tiefs schlie\u00dfen sich \u00fcber dem Norden Europas zu einem umfangreichen Tiefkomplex zusammen und sorgen so f\u00fcr eine anhaltende Zufuhr k\u00e4lterer Luftmassen vom Nordpolarmeer. Diese Wetterlage h\u00e4lt in den n\u00e4chsten Tagen weiter an und mit einem Wechsel aus Wolken, Regen und sonnigen Abschnitten erwartet uns typisches Aprilwetter.<\/p>\n<p>So werden auch in der Osth\u00e4lfte &#8222;nur&#8220; noch H\u00f6chstwerte um 16 Grad erreicht. Sp\u00e4testens am morgigen Donnerstag hat sich die k\u00fchle Meeresluft dann \u00fcberall durchgesetzt, so dass die H\u00f6chsttemperaturen landesweit nur noch zwischen 10 und \u00f6rtlich 15 Grad liegen. Dazu m\u00fcssen wir uns hin und wieder auf Schauer einstellen. Am Freitag werden im S\u00fcdosten Deutschlands bei dann l\u00e4nger anhaltendem Regen kaum noch 9 Grad erreicht. An den Alpen gibt es oberhalb von etwa 900 m sogar wieder einige Zentimeter Neuschnee.<\/p>\n<p>Solche markanten Luftmassenwechsel sind in den Fr\u00fchlingsmonaten hierzulande nichts Ungew\u00f6hnliches. Zu dieser Jahreszeit bestehen gro\u00dfe Temperaturgegens\u00e4tze zwischen dem noch kalten Nordeuropa und den Landfl\u00e4chen S\u00fcdeuropas, die sich durch den zunehmenden Sonnenstand bereits rasch erw\u00e4rmen. Dadurch kann es besonders im April ein Wechselspiel zwischen Warm- und Kaltluftvorst\u00f6\u00dfen geben, je nachdem, ob die Luft aus S\u00fcden oder aus Norden heran gef\u00fchrt wird.<\/p>\n<p>Von allzu langer Dauer wird die momentan k\u00fchlere Witterung aber nicht sein. Schon ab kommenden Sonntag deutet sich wieder eine allm\u00e4hliche Erw\u00e4rmung an. Der leicht wechselhafte Wettercharakter bleibt aber erhalten. Typisch April eben!<\/p>\n<p>Dipl.-Met. Johanna Anger<\/p>\n<p>Deutscher Wetterdienst Vorhersage- und Beratungszentrale Offenbach, den 06.04.2016<\/p>\n<p>Copyright (c) Deutscher Wetterdienst<\/p>\n","protected":false},"excerpt":{"rendered":"<p>Typisch April &#8211; Temperaturen auf Berg- und Talfahrt Das Wetter im April macht bekanntlich was es will. Dabei zeigt sich das Wechselspiel aus milden, sonnigen, k\u00fchlen und wechselhaften Tagen besonders in dieser Woche. Am gestrigen Dienstag zeigte sich das Wetter <span class=\"excerpt-dots\">&hellip;<\/span> <a class=\"more-link\" href=\"https:\/\/www.hossi-im-netz.de\/wordpress\/typisch-april-temperaturen-auf-berg-und-talfahrt\/\"><span class=\"more-msg\">Weiterlesen &rarr;<\/span><\/a><\/p>\n","protected":false},"author":1,"featured_media":3075,"comment_status":"open","ping_status":"closed","sticky":false,"template":"","format":"standard","meta":{"_exactmetrics_skip_tracking":false,"_exactmetrics_sitenote_active":false,"_exactmetrics_sitenote_note":"","_exactmetrics_sitenote_category":0,"jetpack_post_was_ever_published":false,"_jetpack_newsletter_access":"","_jetpack_dont_email_post_to_subs":false,"_jetpack_newsletter_tier_id":0,"_jetpack_memberships_contains_paywalled_content":false,"_jetpack_memberships_contains_paid_content":false,"footnotes":"","jetpack_publicize_message":"","jetpack_publicize_feature_enabled":true,"jetpack_social_post_already_shared":true,"jetpack_social_options":{"image_generator_settings":{"template":"highway","default_image_id":0,"font":"","enabled":false},"version":2}},"categories":[37],"tags":[129,41,25,59,90],"yst_prominent_words":[],"class_list":["post-3207","post","type-post","status-publish","format-standard","has-post-thumbnail","hentry","category-wetterblog","tag-april","tag-gewitter","tag-regen","tag-sonne","tag-wolken"],"jetpack_publicize_connections":[],"jetpack_featured_media_url":"https:\/\/www.hossi-im-netz.de\/wordpress\/wp-content\/uploads\/2016\/03\/image-3.jpeg","jetpack_sharing_enabled":true,"jetpack_shortlink":"https:\/\/wp.me\/p5DnIb-PJ","jetpack-related-posts":[],"jetpack_likes_enabled":true,"_links":{"self":[{"href":"https:\/\/www.hossi-im-netz.de\/wordpress\/wp-json\/wp\/v2\/posts\/3207","targetHints":{"allow":["GET"]}}],"collection":[{"href":"https:\/\/www.hossi-im-netz.de\/wordpress\/wp-json\/wp\/v2\/posts"}],"about":[{"href":"https:\/\/www.hossi-im-netz.de\/wordpress\/wp-json\/wp\/v2\/types\/post"}],"author":[{"embeddable":true,"href":"https:\/\/www.hossi-im-netz.de\/wordpress\/wp-json\/wp\/v2\/users\/1"}],"replies":[{"embeddable":true,"href":"https:\/\/www.hossi-im-netz.de\/wordpress\/wp-json\/wp\/v2\/comments?post=3207"}],"version-history":[{"count":1,"href":"https:\/\/www.hossi-im-netz.de\/wordpress\/wp-json\/wp\/v2\/posts\/3207\/revisions"}],"predecessor-version":[{"id":3208,"href":"https:\/\/www.hossi-im-netz.de\/wordpress\/wp-json\/wp\/v2\/posts\/3207\/revisions\/3208"}],"wp:featuredmedia":[{"embeddable":true,"href":"https:\/\/www.hossi-im-netz.de\/wordpress\/wp-json\/wp\/v2\/media\/3075"}],"wp:attachment":[{"href":"https:\/\/www.hossi-im-netz.de\/wordpress\/wp-json\/wp\/v2\/media?parent=3207"}],"wp:term":[{"taxonomy":"category","embeddable":true,"href":"https:\/\/www.hossi-im-netz.de\/wordpress\/wp-json\/wp\/v2\/categories?post=3207"},{"taxonomy":"post_tag","embeddable":true,"href":"https:\/\/www.hossi-im-netz.de\/wordpress\/wp-json\/wp\/v2\/tags?post=3207"},{"taxonomy":"yst_prominent_words","embeddable":true,"href":"https:\/\/www.hossi-im-netz.de\/wordpress\/wp-json\/wp\/v2\/yst_prominent_words?post=3207"}],"curies":[{"name":"wp","href":"https:\/\/api.w.org\/{rel}","templated":true}]}}