{"id":3256,"date":"2016-04-11T11:09:10","date_gmt":"2016-04-11T09:09:10","guid":{"rendered":"http:\/\/www.hossi-im-netz.de\/wordpress\/?p=3256"},"modified":"2016-04-11T11:09:10","modified_gmt":"2016-04-11T09:09:10","slug":"april-april-der-weiss-nicht-was-er-will","status":"publish","type":"post","link":"https:\/\/www.hossi-im-netz.de\/wordpress\/april-april-der-weiss-nicht-was-er-will\/","title":{"rendered":"April, April, der wei\u00df nicht was er will!"},"content":{"rendered":"<h2>April, April, der wei\u00df nicht was er will!<\/h2>\n<p>Der April! Ein typischer \u00dcbergangsmonat zwischen Winter und Sommer. Kaltluft und Warmluft ringen um die Vormacht und bescheren den deutschen B\u00fcrgern oftmals einen wechselhaften Wettercharakter mit Berg- und Talfahrt der Temperaturen.<\/p>\n<p>Angelehnt an das Thema des Tages vom 6. April soll heute nochmal das typische Aprilwetter genauer untersucht werden. Schon in der ersten Dekade dieses Monats wurde der April 2016 seinem Ruf \u00fcber weite Strecken gerecht. In den ersten beiden Wochen lie\u00df bzw. l\u00e4sst er seine Muskeln spielen und zeigte sich launisch wie eh und je. Mit Sonne und Wolken im Wechsel und teilweise kr\u00e4ftigen Schauern und Gewittern, die lokal mit Starkregen einhergegangen sind, sowie mit Schneefall bis in tiefere Lagen vor allem zum Monatsbeginn oder b\u00f6igem, teils st\u00fcrmischem Wind, bevorzugt im K\u00fcstenumfeld und auf den Bergen, rief der April fast das komplette Spektrum der Wettererscheinungen in kurzer Zeit ab.<\/p>\n<p>Aber warum ist der April eigentlich ein Monat der Wettergegens\u00e4tze? Viele Menschen freuen sich in dem einen Moment noch \u00fcber die Sonne bei fr\u00fchlingshaften, teilweise auch schon fr\u00fchsommerlichen Temperaturen, da t\u00fcrmen sich pl\u00f6tzlich Wolken auf und es beginnt kurze Zeit sp\u00e4ter zu schauern, oder auch zu gewittern. Schnell werden die eigenen 4 W\u00e4nde aufgesucht, nur um wenige Stunden sp\u00e4ter beim Verlassen des Hauses oder der Wohnung dann festzustellen, dass die Temperatur auf deutlich k\u00fchlere Werte abgesunken ist. Doch warum ist dies so?<\/p>\n<p>Dazu m\u00fcssen wir uns im ersten Schritt die Sonne bzw. die Erde, die sich um sich selber und gleichzeitig auch um die Sonne dreht, genauer anschauen (siehe Abbildung). W\u00e4re die Erde nicht geneigt und h\u00e4tte keine Eigendrehung, w\u00fcrde die Sonne ihre Energie auf die gleichen Gebiete der Erde abstrahlen. Bei einer abgestrahlten Sonnenenergie an der Sonnenoberfl\u00e4che von 60 Mio. Watt pro Quadratmeter, die etwa 5800 Grad entspricht, kommen im Maximum nur noch 1367 Watt pro Quadratmeter (~ 15 Grad) am Oberrand unserer Atmosph\u00e4re (~ 100 km H\u00f6he) an. Aufgrund der Erdrotation sowie der Drehung um die Sonne bei geneigter Erdachse k\u00f6nnen sich alle Regionen der Erde zumindest zeitweise \u00fcber die w\u00e4rmende Sonnenenergie freuen. Zudem entstehen dadurch die Jahreszeiten. W\u00e4hrend die Sonne am 21. Juni im n\u00f6rdlichen Wendekreis (Nordsommer) und am 21. Dezember im s\u00fcdlichen Wendekreis (Nordwinter) steht, treffen ihre Strahlen am 21. M\u00e4rz sowie am 23. September senkrecht auf den \u00c4quator auf. Auf Basis dieser Gegebenheiten wurde das Jahr in vier Jahreszeiten getrennt. Dabei beschreibt der Nordsommer die Monate mit der gr\u00f6\u00dften Einstrahlung auf der Nordhalbkugel und der Nordwinter die Monate mit der geringsten Einstrahlung. Fr\u00fchling und Herbst stellen dabei sogenannte \u00dcbergangsjahreszeiten dar. Im Winter kann somit die Nordhalbkugel bei langen N\u00e4chten und kurzen Tagen stark ausk\u00fchlen, w\u00e4hrend sie sich im Sommer stark erw\u00e4rmen kann.<\/p>\n<p>Ber\u00fccksichtigt man nun noch, dass der W\u00e4rmehaushalt der Erde von der unteren Atmosph\u00e4re bestimmt wird, und immer einen Gleichgewichtszustand anstrebt, was z. B. einer einheitlichen Temperaturverteilung entspr\u00e4che, wird der W\u00e4rme\u00fcberschuss von den sonnenbevorzugten warmen Gebieten in die k\u00e4lteren Regionen transportiert. Dies \u00fcbernehmen z. B. die Ozeanstr\u00f6mungen und nat\u00fcrlich auch das Zusammenspiel der Hoch- und Tiefdruckgebiete.<\/p>\n<p>Im Nordwinter sind die Temperaturgegens\u00e4tze zwischen \u00c4quator und Nordpol meist sehr stark, sodass die Druckgebilde H\u00f6chstleistung vollbringen m\u00fcssen. Dagegen sind die Gegens\u00e4tze im Sommer auf der Nordhalbkugel eher schwach, was oftmals zu einer geringeren Tiefdruckt\u00e4tigkeit f\u00fchrt. In den Zwischenjahreszeiten, wie dem Fr\u00fchling, wo sich der Sonnenzenit vom \u00c4quator nach Norden bewegt oder im Herbst, wo er sich wieder \u00fcber den \u00c4quator hinaus nach S\u00fcden zur\u00fcckzieht, liegt das Kampfgebiet zwischen kalter Luft aus dem Norden und warmer Luft aus dem S\u00fcden meist in den mittleren Breiten, z. B. auch \u00fcber Mitteleuropa.<\/p>\n<p>Insbesondere im April trifft oftmals Polarluft auf schon deutlich erw\u00e4rmte Festlandsluft aus Nordafrika und dem Mittelmeerraum \u00fcber Mitteleuropa zusammen. Dies f\u00fchrt immer wieder zu einem raschen Auf und Ab der Temperaturen, aber auch zu Schauern und teilweise schon ersten Gewittern. Durch die zunehmende Sonneneinstrahlung kann sich im Fr\u00fchling auch bei uns der Boden relativ stark erhitzen und somit die unteren Schichten der dar\u00fcberliegenden meist noch k\u00fchlen Luft erw\u00e4rmen. Da warme Luft leichter ist, steigt sie auf und f\u00fchrt schlie\u00dflich zur Wolkenbildung. Stellt sich zwischen den bodennahen Schichten und der H\u00f6he (~ 5000 m) ein starker Temperaturgegensatz ein, steigt die Luft in gro\u00dfe H\u00f6hen und es k\u00f6nnen sich bei ausreichend vorhandener Feuchte auch Gewitterwolken entwickeln.<\/p>\n<p>Im Herbst k\u00f6nnen wir den umgekehrten Effekt beobachten. Durch die l\u00e4ngeren N\u00e4chte k\u00fchlt sich der Boden und somit auch die untere Luftschicht stark ab, sodass die Feuchte kondensieren kann und so zu dem f\u00fcr Oktober und November bekannten, oftmals auch verbreiteten Nebel f\u00fchrt.<\/p>\n<p>Blicken wir nun schon vorab mal in Richtung Mai und ber\u00fccksichtigen dabei die weiter zunehmende Sonneneinstrahlung und den immer \u00f6fter eintretenden Sieg der Warmluft gegen\u00fcber der Kaltluft, so werden wir dann immer seltener mit Kaltlufteinbr\u00fcchen (Ausnahme: &#8222;die Eisheiligen&#8220;) zu rechnen haben. Daf\u00fcr nimmt dann mit beginnender Sommersaison die Gewitterneigung weiter zu.<\/p>\n<p>Aber vielleicht kommt auch alles anders und schon im April kann ein Fr\u00fchjahrshoch die Menschen verw\u00f6hnen. Gleicherma\u00dfen ist es nat\u00fcrlich auch nicht ausgeschlossen, dass der Wonnemonat Mai seinem Namen nicht alle Ehre macht und anstatt mit vielen sonnigen und warmen Tage mit Regen im Gep\u00e4ck daherkommt.<\/p>\n<p>Dipl.-Met. Lars Kirchh\u00fcbel<\/p>\n<p>Deutscher Wetterdienst Vorhersage- und Beratungszentrale Offenbach, den 11.04.2016<\/p>\n<p>Copyright (c) Deutscher Wetterdienst<\/p>\n<p>&nbsp;<\/p>\n<p><a href=\"https:\/\/www.hossi-im-netz.de\/wordpress\/wp-content\/uploads\/2016\/04\/image-13.png\" rel=\"attachment wp-att-3257\"><img loading=\"lazy\" decoding=\"async\" data-attachment-id=\"3257\" data-permalink=\"https:\/\/www.hossi-im-netz.de\/wordpress\/april-april-der-weiss-nicht-was-er-will\/image-319\/\" data-orig-file=\"https:\/\/www.hossi-im-netz.de\/wordpress\/wp-content\/uploads\/2016\/04\/image-13.png\" data-orig-size=\"572,257\" data-comments-opened=\"1\" data-image-meta=\"{&quot;aperture&quot;:&quot;0&quot;,&quot;credit&quot;:&quot;&quot;,&quot;camera&quot;:&quot;&quot;,&quot;caption&quot;:&quot;&quot;,&quot;created_timestamp&quot;:&quot;0&quot;,&quot;copyright&quot;:&quot;&quot;,&quot;focal_length&quot;:&quot;0&quot;,&quot;iso&quot;:&quot;0&quot;,&quot;shutter_speed&quot;:&quot;0&quot;,&quot;title&quot;:&quot;&quot;,&quot;orientation&quot;:&quot;0&quot;}\" data-image-title=\"April, April, der wei\u00df nicht was er will!\" data-image-description=\"\" data-image-caption=\"\" data-medium-file=\"https:\/\/www.hossi-im-netz.de\/wordpress\/wp-content\/uploads\/2016\/04\/image-13-300x135.png\" data-large-file=\"https:\/\/www.hossi-im-netz.de\/wordpress\/wp-content\/uploads\/2016\/04\/image-13.png\" class=\"alignnone size-full wp-image-3257\" src=\"https:\/\/www.hossi-im-netz.de\/wordpress\/wp-content\/uploads\/2016\/04\/image-13.png\" alt=\"April, April, der wei\u00df nicht was er will!\" width=\"572\" height=\"257\" srcset=\"https:\/\/www.hossi-im-netz.de\/wordpress\/wp-content\/uploads\/2016\/04\/image-13.png 572w, https:\/\/www.hossi-im-netz.de\/wordpress\/wp-content\/uploads\/2016\/04\/image-13-300x135.png 300w\" sizes=\"auto, (max-width: 572px) 100vw, 572px\" \/><\/a><\/p>\n","protected":false},"excerpt":{"rendered":"<p>April, April, der wei\u00df nicht was er will! Der April! Ein typischer \u00dcbergangsmonat zwischen Winter und Sommer. Kaltluft und Warmluft ringen um die Vormacht und bescheren den deutschen B\u00fcrgern oftmals einen wechselhaften Wettercharakter mit Berg- und Talfahrt der Temperaturen. Angelehnt <span class=\"excerpt-dots\">&hellip;<\/span> <a class=\"more-link\" href=\"https:\/\/www.hossi-im-netz.de\/wordpress\/april-april-der-weiss-nicht-was-er-will\/\"><span class=\"more-msg\">Weiterlesen &rarr;<\/span><\/a><\/p>\n","protected":false},"author":1,"featured_media":3257,"comment_status":"open","ping_status":"closed","sticky":false,"template":"","format":"standard","meta":{"_exactmetrics_skip_tracking":false,"_exactmetrics_sitenote_active":false,"_exactmetrics_sitenote_note":"","_exactmetrics_sitenote_category":0,"jetpack_post_was_ever_published":false,"_jetpack_newsletter_access":"","_jetpack_dont_email_post_to_subs":false,"_jetpack_newsletter_tier_id":0,"_jetpack_memberships_contains_paywalled_content":false,"_jetpack_memberships_contains_paid_content":false,"footnotes":"","jetpack_publicize_message":"","jetpack_publicize_feature_enabled":true,"jetpack_social_post_already_shared":true,"jetpack_social_options":{"image_generator_settings":{"template":"highway","default_image_id":0,"font":"","enabled":false},"version":2}},"categories":[37],"tags":[388,129,585,603,604,25,59],"yst_prominent_words":[],"class_list":["post-3256","post","type-post","status-publish","format-standard","has-post-thumbnail","hentry","category-wetterblog","tag-388","tag-april","tag-april-2016","tag-april-april","tag-gegensaetze","tag-regen","tag-sonne"],"jetpack_publicize_connections":[],"jetpack_featured_media_url":"https:\/\/www.hossi-im-netz.de\/wordpress\/wp-content\/uploads\/2016\/04\/image-13.png","jetpack_sharing_enabled":true,"jetpack_shortlink":"https:\/\/wp.me\/p5DnIb-Qw","jetpack-related-posts":[],"jetpack_likes_enabled":true,"_links":{"self":[{"href":"https:\/\/www.hossi-im-netz.de\/wordpress\/wp-json\/wp\/v2\/posts\/3256","targetHints":{"allow":["GET"]}}],"collection":[{"href":"https:\/\/www.hossi-im-netz.de\/wordpress\/wp-json\/wp\/v2\/posts"}],"about":[{"href":"https:\/\/www.hossi-im-netz.de\/wordpress\/wp-json\/wp\/v2\/types\/post"}],"author":[{"embeddable":true,"href":"https:\/\/www.hossi-im-netz.de\/wordpress\/wp-json\/wp\/v2\/users\/1"}],"replies":[{"embeddable":true,"href":"https:\/\/www.hossi-im-netz.de\/wordpress\/wp-json\/wp\/v2\/comments?post=3256"}],"version-history":[{"count":1,"href":"https:\/\/www.hossi-im-netz.de\/wordpress\/wp-json\/wp\/v2\/posts\/3256\/revisions"}],"predecessor-version":[{"id":3258,"href":"https:\/\/www.hossi-im-netz.de\/wordpress\/wp-json\/wp\/v2\/posts\/3256\/revisions\/3258"}],"wp:featuredmedia":[{"embeddable":true,"href":"https:\/\/www.hossi-im-netz.de\/wordpress\/wp-json\/wp\/v2\/media\/3257"}],"wp:attachment":[{"href":"https:\/\/www.hossi-im-netz.de\/wordpress\/wp-json\/wp\/v2\/media?parent=3256"}],"wp:term":[{"taxonomy":"category","embeddable":true,"href":"https:\/\/www.hossi-im-netz.de\/wordpress\/wp-json\/wp\/v2\/categories?post=3256"},{"taxonomy":"post_tag","embeddable":true,"href":"https:\/\/www.hossi-im-netz.de\/wordpress\/wp-json\/wp\/v2\/tags?post=3256"},{"taxonomy":"yst_prominent_words","embeddable":true,"href":"https:\/\/www.hossi-im-netz.de\/wordpress\/wp-json\/wp\/v2\/yst_prominent_words?post=3256"}],"curies":[{"name":"wp","href":"https:\/\/api.w.org\/{rel}","templated":true}]}}