{"id":3578,"date":"2016-05-03T16:09:28","date_gmt":"2016-05-03T14:09:28","guid":{"rendered":"http:\/\/www.hossi-im-netz.de\/wordpress\/?p=3578"},"modified":"2016-05-03T20:38:35","modified_gmt":"2016-05-03T18:38:35","slug":"das-wetter-an-himmelfahrt-und-am-verlaengerten-wochenende","status":"publish","type":"post","link":"https:\/\/www.hossi-im-netz.de\/wordpress\/das-wetter-an-himmelfahrt-und-am-verlaengerten-wochenende\/","title":{"rendered":"Das Wetter an Himmelfahrt und am verl\u00e4ngerten Wochenende"},"content":{"rendered":"<h2 style=\"text-align: justify;\">Das Wetter an Himmelfahrt und am verl\u00e4ngerten Wochenende<\/h2>\n<p style=\"text-align: justify;\">Unternehmungen drau\u00dfen an der frischen Luft steht in der zweiten Wochenh\u00e4lfte zumindest wettertechnisch nichts im Wege. Wir k\u00f6nnen uns auf \u00fcberwiegend freundliches, teils sonniges und fr\u00fchlingshaft warmes Wetter freuen.<\/p>\n<p style=\"text-align: justify;\">Die aktuelle Arbeitswoche ist f\u00fcr viele von uns eine k\u00fcrzere, denn der Donnerstag ist ein Feiertag, namens &#8222;Christi Himmelfahrt&#8220;. Neben der christlichen Bedeutung hat sich dieser Tag in Deutschland zum Vater-, M\u00e4nner- bzw. Herrentag entwickelt. Entsprechend der Jahreszeit werden zu diesem Anlass viele Freiluftaktivit\u00e4ten geplant, sei es als reine M\u00e4nnerausfl\u00fcge oder als Ausfl\u00fcge mit der ganzen Familie. Mit einem freigenommenen Br\u00fcckentag, dem Freitag, l\u00e4sst sich auch ein verl\u00e4ngertes Wochenende planen. Aber wie sehen dazu die Wetteraussichten aus? Kurze und b\u00fcndige Antwort: &#8222;Gut bis sehr gut!&#8220;<\/p>\n<p style=\"text-align: justify;\">Bereits nach Durchzug der Luftmassengrenze am heutigen Dienstag, die allerdings vor allem an den Alpen noch bis in den Mittwoch hinein verweilt und dort in Hochlagen oberhalb von 1000 bis 1200 Metern nochmals f\u00fcr Schnee und darunter teils f\u00fcr anhaltenden Regen sorgt, streckt sich ein Keil des Azorenhochs zunehmend nach Mitteleuropa. Am Mittwoch wird daraus ein abgeschlossenes Hochdruckgebiet namens &#8222;Peter&#8220; mit Schwerpunkt direkt \u00fcber Deutschland und sorgt f\u00fcr zunehmende Wetterbesserung.<\/p>\n<p style=\"text-align: justify;\">Am Donnerstag, dem Himmelfahrtstag, l\u00f6sen sich lokale Fr\u00fchnebelfelder im S\u00fcden recht rasch auf und wie bereits in den \u00fcbrigen Regionen startet der Tag gering bew\u00f6lkt oder sonnig. Die Fr\u00fchtemperaturen sind mit niedrigen einstelligen Werten aber insgesamt noch eher frisch. Besonders \u00fcber den \u00f6stlichen Mittelgebirgen sowie im Alpenraum bilden sich im Tagesverlauf einige Quellwolken, das Schauerrisiko ist aber auch dort sehr gering. Sonst k\u00f6nnen vor allem nach Norden hin zeitweise d\u00fcnne, harmlose Wolkenfelder durchziehen, insgesamt \u00fcberwiegt jedoch der Sonnenschein. Die Temperaturen steigen im \u00f6stlichen Mittelgebirgsraum sowie an der Ostseek\u00fcste bei auflandigem Wind nur auf 14 Grad, auf den Inseln bleibt es teils noch etwas k\u00fchler. Sonst werden 16 bis 21 Grad erreicht, wobei die h\u00f6chsten Werte entlang des Rheins, vor allem auch am Niederrhein erwartet werden k\u00f6nnen.<\/p>\n<p style=\"text-align: justify;\">Am Freitag sowie am Wochenende verlagert sich Hoch &#8222;Peter&#8220; mit seinem Schwerpunkt zunehmend zur Ostsee bzw. ins Baltikum, so dass eine Tiefdruckzone \u00fcber Westeuropa etwas n\u00e4her r\u00fccken kann. Dabei flie\u00dft dann vor allem in den S\u00fcdwesten Deutschlands etwas feuchtere Luft ein, in der sich im Tagesverlauf h\u00e4ufiger Quellbew\u00f6lkung bildet. Nachmittags und abends ist dann auch der ein oder andere Schauer, vereinzelt auch ein Gewitter m\u00f6glich. In den anderen Landesteilen h\u00e4lt das freundliche, h\u00e4ufig auch sonnige und trockene Wetter an. Die H\u00f6chstwerte liegen zwischen 15 Grad auf den Inseln, um 20 Grad im Nordosten sowie im Bergland und bis 25 Grad an Rhein, Main und Neckar. Insbesondere im Bereich von Mittel- und Niederrhein kann am Wochenende vielleicht die 25 Grad-Marke stellenweise leicht \u00fcberschritten werden. Allerdings d\u00e4mpft der meist aus \u00f6stlichen Richtungen kommende und teils b\u00f6ig auffrischende Wind die gef\u00fchlte Temperatur etwas.<\/p>\n<p style=\"text-align: justify;\">Unternehmungen an frischer Luft nebst viel Sonnenschein steht also zumindest wettertechnisch bis zum Sonntag nichts im Wege!<\/p>\n<p style=\"text-align: justify;\">Dipl.-Met. Sabine Kr\u00fcger<\/p>\n<p style=\"text-align: justify;\">Deutscher Wetterdienst Vorhersage- und Beratungszentrale Offenbach, den 03.05.2016<\/p>\n<p style=\"text-align: justify;\">Copyright (c) Deutscher Wetterdienst<\/p>\n<p style=\"text-align: justify;\"><img loading=\"lazy\" decoding=\"async\" data-attachment-id=\"3584\" data-permalink=\"https:\/\/www.hossi-im-netz.de\/wordpress\/das-wetter-an-himmelfahrt-und-am-verlaengerten-wochenende\/image-425\/\" data-orig-file=\"https:\/\/www.hossi-im-netz.de\/wordpress\/wp-content\/uploads\/2016\/05\/image-2.jpeg\" data-orig-size=\"1280,720\" data-comments-opened=\"1\" data-image-meta=\"{&quot;aperture&quot;:&quot;0&quot;,&quot;credit&quot;:&quot;&quot;,&quot;camera&quot;:&quot;&quot;,&quot;caption&quot;:&quot;&quot;,&quot;created_timestamp&quot;:&quot;0&quot;,&quot;copyright&quot;:&quot;&quot;,&quot;focal_length&quot;:&quot;0&quot;,&quot;iso&quot;:&quot;0&quot;,&quot;shutter_speed&quot;:&quot;0&quot;,&quot;title&quot;:&quot;&quot;,&quot;orientation&quot;:&quot;1&quot;}\" data-image-title=\"Himmelfahrt und Wochenende, wetter\" data-image-description=\"\" data-image-caption=\"\" data-medium-file=\"https:\/\/www.hossi-im-netz.de\/wordpress\/wp-content\/uploads\/2016\/05\/image-2-300x169.jpeg\" data-large-file=\"https:\/\/www.hossi-im-netz.de\/wordpress\/wp-content\/uploads\/2016\/05\/image-2-1024x576.jpeg\" class=\"alignnone size-full wp-image-3584\" src=\"https:\/\/www.hossi-im-netz.de\/wordpress\/wp-content\/uploads\/2016\/05\/image-2.jpeg\" alt=\"Himmelfahrt und Wochenende, wetter\" width=\"1280\" height=\"720\" srcset=\"https:\/\/www.hossi-im-netz.de\/wordpress\/wp-content\/uploads\/2016\/05\/image-2.jpeg 1280w, https:\/\/www.hossi-im-netz.de\/wordpress\/wp-content\/uploads\/2016\/05\/image-2-300x169.jpeg 300w, https:\/\/www.hossi-im-netz.de\/wordpress\/wp-content\/uploads\/2016\/05\/image-2-768x432.jpeg 768w, https:\/\/www.hossi-im-netz.de\/wordpress\/wp-content\/uploads\/2016\/05\/image-2-1024x576.jpeg 1024w\" sizes=\"auto, (max-width: 1280px) 100vw, 1280px\" \/><\/p>\n<div class=\"fb-like\" data-share=\"true\" data-width=\"450\" data-show-faces=\"true\"><\/div>\n","protected":false},"excerpt":{"rendered":"<p>Das Wetter an Himmelfahrt und am verl\u00e4ngerten Wochenende Unternehmungen drau\u00dfen an der frischen Luft steht in der zweiten Wochenh\u00e4lfte zumindest wettertechnisch nichts im Wege. Wir k\u00f6nnen uns auf \u00fcberwiegend freundliches, teils sonniges und fr\u00fchlingshaft warmes Wetter freuen. Die aktuelle Arbeitswoche <span class=\"excerpt-dots\">&hellip;<\/span> <a class=\"more-link\" href=\"https:\/\/www.hossi-im-netz.de\/wordpress\/das-wetter-an-himmelfahrt-und-am-verlaengerten-wochenende\/\"><span class=\"more-msg\">Weiterlesen &rarr;<\/span><\/a><\/p>\n","protected":false},"author":1,"featured_media":3580,"comment_status":"open","ping_status":"closed","sticky":false,"template":"","format":"standard","meta":{"_exactmetrics_skip_tracking":false,"_exactmetrics_sitenote_active":false,"_exactmetrics_sitenote_note":"","_exactmetrics_sitenote_category":0,"jetpack_post_was_ever_published":false,"_jetpack_newsletter_access":"","_jetpack_dont_email_post_to_subs":false,"_jetpack_newsletter_tier_id":0,"_jetpack_memberships_contains_paywalled_content":false,"_jetpack_memberships_contains_paid_content":false,"footnotes":"","jetpack_publicize_message":"","jetpack_publicize_feature_enabled":true,"jetpack_social_post_already_shared":true,"jetpack_social_options":{"image_generator_settings":{"template":"highway","default_image_id":0,"font":"","enabled":false},"version":2}},"categories":[37],"tags":[646,645,644,4],"yst_prominent_words":[],"class_list":["post-3578","post","type-post","status-publish","format-standard","has-post-thumbnail","hentry","category-wetterblog","tag-christi-himmelfahrt","tag-himmelfahrt","tag-maennertag","tag-wetter"],"jetpack_publicize_connections":[],"jetpack_featured_media_url":"https:\/\/www.hossi-im-netz.de\/wordpress\/wp-content\/uploads\/2016\/05\/image-1.jpeg","jetpack_sharing_enabled":true,"jetpack_shortlink":"https:\/\/wp.me\/p5DnIb-VI","jetpack-related-posts":[],"jetpack_likes_enabled":true,"_links":{"self":[{"href":"https:\/\/www.hossi-im-netz.de\/wordpress\/wp-json\/wp\/v2\/posts\/3578","targetHints":{"allow":["GET"]}}],"collection":[{"href":"https:\/\/www.hossi-im-netz.de\/wordpress\/wp-json\/wp\/v2\/posts"}],"about":[{"href":"https:\/\/www.hossi-im-netz.de\/wordpress\/wp-json\/wp\/v2\/types\/post"}],"author":[{"embeddable":true,"href":"https:\/\/www.hossi-im-netz.de\/wordpress\/wp-json\/wp\/v2\/users\/1"}],"replies":[{"embeddable":true,"href":"https:\/\/www.hossi-im-netz.de\/wordpress\/wp-json\/wp\/v2\/comments?post=3578"}],"version-history":[{"count":4,"href":"https:\/\/www.hossi-im-netz.de\/wordpress\/wp-json\/wp\/v2\/posts\/3578\/revisions"}],"predecessor-version":[{"id":3588,"href":"https:\/\/www.hossi-im-netz.de\/wordpress\/wp-json\/wp\/v2\/posts\/3578\/revisions\/3588"}],"wp:featuredmedia":[{"embeddable":true,"href":"https:\/\/www.hossi-im-netz.de\/wordpress\/wp-json\/wp\/v2\/media\/3580"}],"wp:attachment":[{"href":"https:\/\/www.hossi-im-netz.de\/wordpress\/wp-json\/wp\/v2\/media?parent=3578"}],"wp:term":[{"taxonomy":"category","embeddable":true,"href":"https:\/\/www.hossi-im-netz.de\/wordpress\/wp-json\/wp\/v2\/categories?post=3578"},{"taxonomy":"post_tag","embeddable":true,"href":"https:\/\/www.hossi-im-netz.de\/wordpress\/wp-json\/wp\/v2\/tags?post=3578"},{"taxonomy":"yst_prominent_words","embeddable":true,"href":"https:\/\/www.hossi-im-netz.de\/wordpress\/wp-json\/wp\/v2\/yst_prominent_words?post=3578"}],"curies":[{"name":"wp","href":"https:\/\/api.w.org\/{rel}","templated":true}]}}