{"id":3953,"date":"2016-05-30T12:59:05","date_gmt":"2016-05-30T10:59:05","guid":{"rendered":"http:\/\/www.hossi-im-netz.de\/wordpress\/?p=3953"},"modified":"2016-05-30T12:59:05","modified_gmt":"2016-05-30T10:59:05","slug":"unwetternachlese","status":"publish","type":"post","link":"https:\/\/www.hossi-im-netz.de\/wordpress\/unwetternachlese\/","title":{"rendered":"Unwetternachlese"},"content":{"rendered":"<h2 style=\"text-align: justify;\">Unwetternachlese<\/h2>\n<p style=\"text-align: justify;\">\nIn der Nacht zum heutigen Montag wurden Teile des S\u00fcdens und der Mitte von heftigen Regenf\u00e4llen und Gewittern heimgesucht. Das heutige Thema des Tages wirft einen Blick auf die entsprechenden Entwicklungen, die leider vielerorts auch schwere Sch\u00e4den und heftige \u00dcberflutungen hervorgerufen haben.<\/p>\n<p style=\"text-align: justify;\">Auch gestrigen Sonntag (29.05.) ist es wieder zu extremen Gewittern und Niederschl\u00e4gen gekommen. Insofern verlangt es die Chronistenpflicht, hier einen kurzen Abriss der Ereignisse des gestrigen Sonntags und der letzten Nacht zu geben.<\/p>\n<p style=\"text-align: justify;\">Schon am Nachmittag hatten sich in einem Bereich vom westlichen Alpenrand bis nach Schwaben einige sehr kr\u00e4ftige Gewitter gebildet, die sich mit einer schwachen s\u00fcdlichen bis s\u00fcdwestlichen Str\u00f6mung nach Norden verlagerten (in der angeh\u00e4ngten Grafik, die den S\u00fcden Deutschlands zeigt, oben links zu sehen). Bereits zu diesem Zeitpunkt kam es in einem Streifen von Ulm bis zum Wettersteingebirge zu heftigem Starkregen, am Hohenpeissenberg wurden von 18 bis 19 Uhr (alle Zeiten in MESZ) 53 Liter pro Quadratmeter gemessen.<\/p>\n<p style=\"text-align: justify;\">Im Laufe des Abends bildete sich eine Gewitterlinie aus, die von der unteren Donau bis in den Norden Baden-W\u00fcrttembergs reichte (in der Grafik oben rechts). Im Bereich dieser Gewitterlinie kam es zu teils extremen Unwettern, die h\u00f6chste im DWD-Messnetz in einer Stunde registrierte Regenmenge wurde an der Station Hohenthann etwa 70 km nord\u00f6stlich von M\u00fcnchen gemessen. Von 20 bis 21 Uhr MESZ fielen dort 65 Liter auf den Quadratmeter, im benachbarten Landshut-Reithof waren es im gleichen Zeitraum noch 57 Liter.<\/p>\n<p style=\"text-align: justify;\">Da sich zu diesem Zeitpunkt das Zentrum des f\u00fcr die heftigen Gewitter- und Wettererscheinungen verantwortlichen steuernden Tiefs ELVIRA \u00fcber dem S\u00fcdwesten Deutschlands befand, wurde die Gewitterlinie entgegen dem Uhrzeigersinn nach Nordwesten gesteuert (in der Grafik unten die Termine 00 und 03 Uhr). In den Regionen, die sehr nahe am Drehzentrum lagen, ging die Verlagerung der Regenf\u00e4lle am z\u00f6gerlichsten von statten (In der Grafik beim Vergleich zwischen dem 21 Uhr und dem 00 Uhr Termin gut erkennbar). Dies ist durchaus ungew\u00f6hnlich, denn in der Regel nimmt in einem Tief die Windgeschwindigkeit (vorausgesetzt, man ist nicht zu nahe am Druckzentrum) mit der N\u00e4he zum Zentrum zu.<\/p>\n<p style=\"text-align: justify;\">Wie dem auch sei &#8211; der Norden Baden-W\u00fcrttembergs und der S\u00fcden Hessens waren am Ende am st\u00e4rksten von den Unwettern betroffen. An den Stationen \u00d6hringen (Baden-W\u00fcrttemberg) und Birkenau (Hessen) wurden jeweils 78 Liter Regen in den 12 Stunden bis heute Morgen um 6 Uhr gemessen. In Kirchberg-Herboldshausen an der Jagst (Baden-W\u00fcrttemberg) sind im gleichen Zeitraum sogar 93 Liter Regen gefallen. Auch im Messnetz unserer ehrenamtlichen Wetterbeobachter wurden teils extreme Niederschl\u00e4ge registriert. So meldeten die Beobachter an den Stationen Neustadt am Kocher und Gundelsheim, beide bei Pforzheim (Baden-W\u00fcrttemberg) gelegen, 123,8 bzw. 122,1 Liter in 24 Stunden (!), wobei der gr\u00f6\u00dfte Teil dieser Mengen am Abend und in der Nacht gefallen sein d\u00fcrfte.<\/p>\n<p style=\"text-align: justify;\">Und wie geht es weiter? Nun, \u00fcberstanden haben wir die Unwetterlage noch nicht, allerdings ist heute voraussichtlich eher der Norden dran. Vom Emsland bis nach Polen und Tschechien sind wieder Unwettergewitter mit heftigem Starkregen, gr\u00f6\u00dferem Hagel und Sturm zu erwarten. Am Dienstag wird es dann im S\u00fcdwesten und Westen wohl trocken bleiben, bevor am Mittwoch, mit Ausnahme der K\u00fcsten, wieder allgemein mit mehr Niederschl\u00e4gen und auch wieder verbreiteter mit Gewittern zu rechnen ist, wobei das Unwetterpotential im Vergleich zu gestern nicht mehr ganz so hoch sein sollte.<\/p>\n<p style=\"text-align: justify;\">Dipl.-Met. Martin Jonas<\/p>\n<p style=\"text-align: justify;\">Deutscher Wetterdienst Vorhersage- und Beratungszentrale Offenbach, den 30.05.2016<\/p>\n<p style=\"text-align: justify;\">Copyright (c) Deutscher Wetterdienst<\/p>\n<p style=\"text-align: justify;\">\n<p style=\"text-align: justify;\"><a href=\"https:\/\/www.hossi-im-netz.de\/wordpress\/wp-content\/uploads\/2016\/05\/image-43.png\"><img loading=\"lazy\" decoding=\"async\" data-attachment-id=\"3955\" data-permalink=\"https:\/\/www.hossi-im-netz.de\/wordpress\/unwetternachlese\/image-510\/\" data-orig-file=\"https:\/\/www.hossi-im-netz.de\/wordpress\/wp-content\/uploads\/2016\/05\/image-43.png\" data-orig-size=\"782,649\" data-comments-opened=\"1\" data-image-meta=\"{&quot;aperture&quot;:&quot;0&quot;,&quot;credit&quot;:&quot;&quot;,&quot;camera&quot;:&quot;&quot;,&quot;caption&quot;:&quot;&quot;,&quot;created_timestamp&quot;:&quot;0&quot;,&quot;copyright&quot;:&quot;&quot;,&quot;focal_length&quot;:&quot;0&quot;,&quot;iso&quot;:&quot;0&quot;,&quot;shutter_speed&quot;:&quot;0&quot;,&quot;title&quot;:&quot;&quot;,&quot;orientation&quot;:&quot;0&quot;}\" data-image-title=\"Unwetternachlese\" data-image-description=\"\" data-image-caption=\"\" data-medium-file=\"https:\/\/www.hossi-im-netz.de\/wordpress\/wp-content\/uploads\/2016\/05\/image-43-300x249.png\" data-large-file=\"https:\/\/www.hossi-im-netz.de\/wordpress\/wp-content\/uploads\/2016\/05\/image-43.png\" class=\"alignnone size-full wp-image-3955\" src=\"https:\/\/www.hossi-im-netz.de\/wordpress\/wp-content\/uploads\/2016\/05\/image-43.png\" alt=\"Unwetternachlese\" width=\"782\" height=\"649\" srcset=\"https:\/\/www.hossi-im-netz.de\/wordpress\/wp-content\/uploads\/2016\/05\/image-43.png 782w, https:\/\/www.hossi-im-netz.de\/wordpress\/wp-content\/uploads\/2016\/05\/image-43-300x249.png 300w, https:\/\/www.hossi-im-netz.de\/wordpress\/wp-content\/uploads\/2016\/05\/image-43-768x637.png 768w\" sizes=\"auto, (max-width: 782px) 100vw, 782px\" \/><\/a><\/p>\n","protected":false},"excerpt":{"rendered":"<p>Unwetternachlese In der Nacht zum heutigen Montag wurden Teile des S\u00fcdens und der Mitte von heftigen Regenf\u00e4llen und Gewittern heimgesucht. Das heutige Thema des Tages wirft einen Blick auf die entsprechenden Entwicklungen, die leider vielerorts auch schwere Sch\u00e4den und heftige <span class=\"excerpt-dots\">&hellip;<\/span> <a class=\"more-link\" href=\"https:\/\/www.hossi-im-netz.de\/wordpress\/unwetternachlese\/\"><span class=\"more-msg\">Weiterlesen &rarr;<\/span><\/a><\/p>\n","protected":false},"author":1,"featured_media":3955,"comment_status":"open","ping_status":"closed","sticky":false,"template":"","format":"standard","meta":{"_exactmetrics_skip_tracking":false,"_exactmetrics_sitenote_active":false,"_exactmetrics_sitenote_note":"","_exactmetrics_sitenote_category":0,"jetpack_post_was_ever_published":false,"_jetpack_newsletter_access":"","_jetpack_dont_email_post_to_subs":false,"_jetpack_newsletter_tier_id":0,"_jetpack_memberships_contains_paywalled_content":false,"_jetpack_memberships_contains_paid_content":false,"footnotes":"","jetpack_publicize_message":"","jetpack_publicize_feature_enabled":true,"jetpack_social_post_already_shared":true,"jetpack_social_options":{"image_generator_settings":{"template":"highway","default_image_id":0,"font":"","enabled":false},"version":2}},"categories":[37],"tags":[41,71,711],"yst_prominent_words":[],"class_list":["post-3953","post","type-post","status-publish","format-standard","has-post-thumbnail","hentry","category-wetterblog","tag-gewitter","tag-unwetter","tag-unwetternachlese"],"jetpack_publicize_connections":[],"jetpack_featured_media_url":"https:\/\/www.hossi-im-netz.de\/wordpress\/wp-content\/uploads\/2016\/05\/image-43.png","jetpack_sharing_enabled":true,"jetpack_shortlink":"https:\/\/wp.me\/p5DnIb-11L","jetpack-related-posts":[],"jetpack_likes_enabled":true,"_links":{"self":[{"href":"https:\/\/www.hossi-im-netz.de\/wordpress\/wp-json\/wp\/v2\/posts\/3953","targetHints":{"allow":["GET"]}}],"collection":[{"href":"https:\/\/www.hossi-im-netz.de\/wordpress\/wp-json\/wp\/v2\/posts"}],"about":[{"href":"https:\/\/www.hossi-im-netz.de\/wordpress\/wp-json\/wp\/v2\/types\/post"}],"author":[{"embeddable":true,"href":"https:\/\/www.hossi-im-netz.de\/wordpress\/wp-json\/wp\/v2\/users\/1"}],"replies":[{"embeddable":true,"href":"https:\/\/www.hossi-im-netz.de\/wordpress\/wp-json\/wp\/v2\/comments?post=3953"}],"version-history":[{"count":1,"href":"https:\/\/www.hossi-im-netz.de\/wordpress\/wp-json\/wp\/v2\/posts\/3953\/revisions"}],"predecessor-version":[{"id":3956,"href":"https:\/\/www.hossi-im-netz.de\/wordpress\/wp-json\/wp\/v2\/posts\/3953\/revisions\/3956"}],"wp:featuredmedia":[{"embeddable":true,"href":"https:\/\/www.hossi-im-netz.de\/wordpress\/wp-json\/wp\/v2\/media\/3955"}],"wp:attachment":[{"href":"https:\/\/www.hossi-im-netz.de\/wordpress\/wp-json\/wp\/v2\/media?parent=3953"}],"wp:term":[{"taxonomy":"category","embeddable":true,"href":"https:\/\/www.hossi-im-netz.de\/wordpress\/wp-json\/wp\/v2\/categories?post=3953"},{"taxonomy":"post_tag","embeddable":true,"href":"https:\/\/www.hossi-im-netz.de\/wordpress\/wp-json\/wp\/v2\/tags?post=3953"},{"taxonomy":"yst_prominent_words","embeddable":true,"href":"https:\/\/www.hossi-im-netz.de\/wordpress\/wp-json\/wp\/v2\/yst_prominent_words?post=3953"}],"curies":[{"name":"wp","href":"https:\/\/api.w.org\/{rel}","templated":true}]}}