{"id":4044,"date":"2016-06-06T05:27:20","date_gmt":"2016-06-06T03:27:20","guid":{"rendered":"http:\/\/www.hossi-im-netz.de\/wordpress\/?p=4044"},"modified":"2016-06-06T05:27:20","modified_gmt":"2016-06-06T03:27:20","slug":"wettervorhersage-brachwitz-wettin-loebejuen-saalekreis-halle-278","status":"publish","type":"post","link":"https:\/\/www.hossi-im-netz.de\/wordpress\/wettervorhersage-brachwitz-wettin-loebejuen-saalekreis-halle-278\/","title":{"rendered":"Wettervorhersage Brachwitz, Wettin-L\u00f6bej\u00fcn, Saalekreis, Halle"},"content":{"rendered":"<p style=\"text-align: justify;\">Wettervorhersage Brachwitz, Wettin-L\u00f6bej\u00fcn, Saalekreis, Halle<\/p>\n<div id=\"attachment_4045\" style=\"width: 838px\" class=\"wp-caption alignnone\"><a href=\"https:\/\/www.hossi-im-netz.de\/wordpress\/vorhersage\/\"><img loading=\"lazy\" decoding=\"async\" aria-describedby=\"caption-attachment-4045\" data-attachment-id=\"4045\" data-permalink=\"https:\/\/www.hossi-im-netz.de\/wordpress\/wettervorhersage-brachwitz-wettin-loebejuen-saalekreis-halle-278\/image-529\/\" data-orig-file=\"https:\/\/www.hossi-im-netz.de\/wordpress\/wp-content\/uploads\/2016\/06\/image-5.png\" data-orig-size=\"828,302\" data-comments-opened=\"1\" data-image-meta=\"{&quot;aperture&quot;:&quot;0&quot;,&quot;credit&quot;:&quot;&quot;,&quot;camera&quot;:&quot;&quot;,&quot;caption&quot;:&quot;&quot;,&quot;created_timestamp&quot;:&quot;0&quot;,&quot;copyright&quot;:&quot;&quot;,&quot;focal_length&quot;:&quot;0&quot;,&quot;iso&quot;:&quot;0&quot;,&quot;shutter_speed&quot;:&quot;0&quot;,&quot;title&quot;:&quot;&quot;,&quot;orientation&quot;:&quot;0&quot;}\" data-image-title=\"Wettervorhersage 06.06.2016\" data-image-description=\"\" data-image-caption=\"\" data-medium-file=\"https:\/\/www.hossi-im-netz.de\/wordpress\/wp-content\/uploads\/2016\/06\/image-5-300x109.png\" data-large-file=\"https:\/\/www.hossi-im-netz.de\/wordpress\/wp-content\/uploads\/2016\/06\/image-5.png\" class=\"wp-image-4045 size-full\" src=\"https:\/\/www.hossi-im-netz.de\/wordpress\/wp-content\/uploads\/2016\/06\/image-5.png\" alt=\"Wettervorhersage 06.06.2016\" width=\"828\" height=\"302\" srcset=\"https:\/\/www.hossi-im-netz.de\/wordpress\/wp-content\/uploads\/2016\/06\/image-5.png 828w, https:\/\/www.hossi-im-netz.de\/wordpress\/wp-content\/uploads\/2016\/06\/image-5-300x109.png 300w, https:\/\/www.hossi-im-netz.de\/wordpress\/wp-content\/uploads\/2016\/06\/image-5-768x280.png 768w\" sizes=\"auto, (max-width: 828px) 100vw, 828px\" \/><\/a><p id=\"caption-attachment-4045\" class=\"wp-caption-text\">www.yr.no<\/p><\/div>\n<p style=\"text-align: justify;\">Viel Sonne. Zwischen Harz und Burgenland vereinzelt Gewitter m\u00f6glich.<\/p>\n<p style=\"text-align: justify;\">Wetter- und Warnlage f\u00fcr die n\u00e4chsten 24 Stunden: Weite Teile Sachsen-Anhalts liegen im Einflussbereich eines Hochs mit Schwerpunkt \u00fcber S\u00fcdschweden. Es f\u00fchrt von Osten her relativ trockene Warmluft in die Region. Nur im S\u00fcden lagert noch feucht-warme Luft.<\/p>\n<p style=\"text-align: justify;\">Am Nachmittag und Abend kommt es im Harz und eventuell auch im Mansfelder Land und im Burgenland zu GEWITTERN. Dabei sind WINDB\u00d6EN um 55 km\/h (Bft 7) und \u00f6rtlich eng begrenzt auch noch einmal STARKREGEN um 15 Liter pro Quadratmeter in einer Stunde m\u00f6glich. Nach deren Zusammenfallen werden keine warnw\u00fcrdigen Wettererscheinungen mehr erwartet.<\/p>\n<p style=\"text-align: justify;\">Detaillierter Wetterablauf: Heute fr\u00fch und am Vormittag scheint nach der Aufl\u00f6sung \u00f6rtlicher Nebelfelder verbreitet die Sonne und es bleibt \u00fcberwiegend niederschlagsfrei. Nur zwischen Harz und Burgenland k\u00f6nnen sich im Tagesverlauf Quellwolken, am Nachmittag und Abend \u00f6rtlich auch Schauer und Gewitter bilden k\u00f6nnen. Der Wind weht abseits von Schauern und Gewittern meist schwach um Ost und die Temperatur erreicht H\u00f6chstwerte zwischen 25 und 27, im Harz zwischen 20 und 25 Grad. In der Nacht zum Dienstag ist es klar, teils gering bew\u00f6lkt und niederschlagsfrei. Die Temperatur sinkt auf 13 bis 8 Grad und der Wind weht schwach aus \u00f6stlichen Richtungen.<\/p>\n<p style=\"text-align: justify;\">Am Dienstag bleibt es bei zeigen sich neben viel Sonne auch einige Quellwolken am Himmel, es bleibt aber niederschlagsfrei. Mit 25 bis 27, im Harz 20 bis 25 Grad gibt es erneut einen Sommertag. Dazu weht nur schwacher Wind aus Ost bis S\u00fcdost. In der Nacht zum Mittwoch ziehen zwar im S\u00fcden zeitweise Wolkenfelder durch, Regen f\u00e4llt aber nicht. Die Tiefstwerte der Temperatur liegen zwischen 12 und 9 Grad. Der Wind weht weiterhin nur schwach und dreht von Ost bis S\u00fcdost auf S\u00fcd bis S\u00fcdwest.<\/p>\n<p style=\"text-align: justify;\">Am Mittwoch kommen nach einem sonnigen Vormittag gegen Mittag Quellwolken auf und im Nachmittagsverlauf gibt es gebietsweise teils kr\u00e4ftige Schauer und Gewitter. Die Temperatur steigt auf 25 bis 28 Grad, im Harz auf 21 bis 25 Grad. Der Wind weht abseits von Gewittern schwach bis m\u00e4\u00dfig und dreht auf West bis Nordwest. In der Nacht zum Donnerstag kann es anfangs noch einzelne Schauer und Gewitter geben. Sie l\u00f6sen sich rasch auf. Danach ist es gering bew\u00f6lkt bis wolkig und niederschlagsfrei. Die Temperatur geht auf 13 bis 10 Grad zur\u00fcck. Der Wind weht schwach aus Nordwest.<\/p>\n<p style=\"text-align: justify;\">Am Donnerstag ist es wolkig bis stark bew\u00f6lkt. Am Vormittag ist es zun\u00e4chst meist niederschlagsfrei. Ab Mittag kommt es aber gebietsweise zu Schauern und Gewittern. Die Temperatur steigt auf 20 bis 22 Grad, im Harz auf 17 bis 21 Grad. Der Wind weht schwach bis m\u00e4\u00dfig aus Nordwest. Nur in Gewittern\u00e4he frischt er b\u00f6ig auf. In der Nacht zum Freitag klingen die Schauer und Gewitter vom Tage langsam ab und anschlie\u00dfend bleibt es niederschlagsfrei. Die Temperatur sinkt auf 11 bis 7 Grad. Der Wind weht schwach aus Nordwest.<\/p>\n<p style=\"text-align: justify;\">Deutscher Wetterdienst, RWB Leipzig, Stefan Bach<\/p>\n","protected":false},"excerpt":{"rendered":"<p>Wettervorhersage Brachwitz, Wettin-L\u00f6bej\u00fcn, Saalekreis, Halle Viel Sonne. Zwischen Harz und Burgenland vereinzelt Gewitter m\u00f6glich. Wetter- und Warnlage f\u00fcr die n\u00e4chsten 24 Stunden: Weite Teile Sachsen-Anhalts liegen im Einflussbereich eines Hochs mit Schwerpunkt \u00fcber S\u00fcdschweden. Es f\u00fchrt von Osten her relativ <span class=\"excerpt-dots\">&hellip;<\/span> <a class=\"more-link\" href=\"https:\/\/www.hossi-im-netz.de\/wordpress\/wettervorhersage-brachwitz-wettin-loebejuen-saalekreis-halle-278\/\"><span class=\"more-msg\">Weiterlesen &rarr;<\/span><\/a><\/p>\n","protected":false},"author":1,"featured_media":0,"comment_status":"open","ping_status":"closed","sticky":false,"template":"","format":"standard","meta":{"_exactmetrics_skip_tracking":false,"_exactmetrics_sitenote_active":false,"_exactmetrics_sitenote_note":"","_exactmetrics_sitenote_category":0,"jetpack_post_was_ever_published":false,"_jetpack_newsletter_access":"","_jetpack_dont_email_post_to_subs":false,"_jetpack_newsletter_tier_id":0,"_jetpack_memberships_contains_paywalled_content":false,"_jetpack_memberships_contains_paid_content":false,"footnotes":"","jetpack_publicize_message":"","jetpack_publicize_feature_enabled":true,"jetpack_social_post_already_shared":true,"jetpack_social_options":{"image_generator_settings":{"template":"highway","default_image_id":0,"font":"","enabled":false},"version":2}},"categories":[37],"tags":[39,5,95,38,96],"yst_prominent_words":[],"class_list":["post-4044","post","type-post","status-publish","format-standard","hentry","category-wetterblog","tag-brachwitz","tag-halle","tag-saalekreis","tag-wettervorhersage","tag-wettin-loebejuen"],"jetpack_publicize_connections":[],"jetpack_featured_media_url":"","jetpack_sharing_enabled":true,"jetpack_shortlink":"https:\/\/wp.me\/p5DnIb-13e","jetpack-related-posts":[],"jetpack_likes_enabled":true,"_links":{"self":[{"href":"https:\/\/www.hossi-im-netz.de\/wordpress\/wp-json\/wp\/v2\/posts\/4044","targetHints":{"allow":["GET"]}}],"collection":[{"href":"https:\/\/www.hossi-im-netz.de\/wordpress\/wp-json\/wp\/v2\/posts"}],"about":[{"href":"https:\/\/www.hossi-im-netz.de\/wordpress\/wp-json\/wp\/v2\/types\/post"}],"author":[{"embeddable":true,"href":"https:\/\/www.hossi-im-netz.de\/wordpress\/wp-json\/wp\/v2\/users\/1"}],"replies":[{"embeddable":true,"href":"https:\/\/www.hossi-im-netz.de\/wordpress\/wp-json\/wp\/v2\/comments?post=4044"}],"version-history":[{"count":1,"href":"https:\/\/www.hossi-im-netz.de\/wordpress\/wp-json\/wp\/v2\/posts\/4044\/revisions"}],"predecessor-version":[{"id":4046,"href":"https:\/\/www.hossi-im-netz.de\/wordpress\/wp-json\/wp\/v2\/posts\/4044\/revisions\/4046"}],"wp:attachment":[{"href":"https:\/\/www.hossi-im-netz.de\/wordpress\/wp-json\/wp\/v2\/media?parent=4044"}],"wp:term":[{"taxonomy":"category","embeddable":true,"href":"https:\/\/www.hossi-im-netz.de\/wordpress\/wp-json\/wp\/v2\/categories?post=4044"},{"taxonomy":"post_tag","embeddable":true,"href":"https:\/\/www.hossi-im-netz.de\/wordpress\/wp-json\/wp\/v2\/tags?post=4044"},{"taxonomy":"yst_prominent_words","embeddable":true,"href":"https:\/\/www.hossi-im-netz.de\/wordpress\/wp-json\/wp\/v2\/yst_prominent_words?post=4044"}],"curies":[{"name":"wp","href":"https:\/\/api.w.org\/{rel}","templated":true}]}}