{"id":4053,"date":"2016-06-08T07:51:51","date_gmt":"2016-06-08T05:51:51","guid":{"rendered":"http:\/\/www.hossi-im-netz.de\/wordpress\/?p=4053"},"modified":"2016-06-08T07:51:51","modified_gmt":"2016-06-08T05:51:51","slug":"wettervorhersage-brachwitz-wettin-loebejuen-saalekreis-halle-280","status":"publish","type":"post","link":"https:\/\/www.hossi-im-netz.de\/wordpress\/wettervorhersage-brachwitz-wettin-loebejuen-saalekreis-halle-280\/","title":{"rendered":"Wettervorhersage Brachwitz, Wettin-L\u00f6bej\u00fcn, Saalekreis, Halle"},"content":{"rendered":"<p style=\"text-align: justify;\">Wettervorhersage Brachwitz, Wettin-L\u00f6bej\u00fcn, Saalekreis, Halle<\/p>\n<div id=\"attachment_4054\" style=\"width: 838px\" class=\"wp-caption alignnone\"><a href=\"https:\/\/www.hossi-im-netz.de\/wordpress\/vorhersage\/\"><img loading=\"lazy\" decoding=\"async\" aria-describedby=\"caption-attachment-4054\" data-attachment-id=\"4054\" data-permalink=\"https:\/\/www.hossi-im-netz.de\/wordpress\/wettervorhersage-brachwitz-wettin-loebejuen-saalekreis-halle-280\/image-532\/\" data-orig-file=\"https:\/\/www.hossi-im-netz.de\/wordpress\/wp-content\/uploads\/2016\/06\/image-7.png\" data-orig-size=\"828,302\" data-comments-opened=\"1\" data-image-meta=\"{&quot;aperture&quot;:&quot;0&quot;,&quot;credit&quot;:&quot;&quot;,&quot;camera&quot;:&quot;&quot;,&quot;caption&quot;:&quot;&quot;,&quot;created_timestamp&quot;:&quot;0&quot;,&quot;copyright&quot;:&quot;&quot;,&quot;focal_length&quot;:&quot;0&quot;,&quot;iso&quot;:&quot;0&quot;,&quot;shutter_speed&quot;:&quot;0&quot;,&quot;title&quot;:&quot;&quot;,&quot;orientation&quot;:&quot;0&quot;}\" data-image-title=\"Wettervorhersage 08.06.2016\" data-image-description=\"\" data-image-caption=\"\" data-medium-file=\"https:\/\/www.hossi-im-netz.de\/wordpress\/wp-content\/uploads\/2016\/06\/image-7-300x109.png\" data-large-file=\"https:\/\/www.hossi-im-netz.de\/wordpress\/wp-content\/uploads\/2016\/06\/image-7.png\" class=\"wp-image-4054 size-full\" src=\"https:\/\/www.hossi-im-netz.de\/wordpress\/wp-content\/uploads\/2016\/06\/image-7.png\" alt=\"Wettervorhersage 08.06.2016\" width=\"828\" height=\"302\" srcset=\"https:\/\/www.hossi-im-netz.de\/wordpress\/wp-content\/uploads\/2016\/06\/image-7.png 828w, https:\/\/www.hossi-im-netz.de\/wordpress\/wp-content\/uploads\/2016\/06\/image-7-300x109.png 300w, https:\/\/www.hossi-im-netz.de\/wordpress\/wp-content\/uploads\/2016\/06\/image-7-768x280.png 768w\" sizes=\"auto, (max-width: 828px) 100vw, 828px\" \/><\/a><p id=\"caption-attachment-4054\" class=\"wp-caption-text\">www.yr.no<\/p><\/div>\n<p style=\"text-align: justify;\">Vorwiegend im S\u00fcden Schauer und Gewitter.<\/p>\n<p style=\"text-align: justify;\">Wetter- und Warnlage f\u00fcr die n\u00e4chsten 24 Stunden: Eine Kaltfront \u00fcberquert das Vorhersagegebiet. Dahinter flie\u00dft von Norden her k\u00fchlere und trockenere Luft ein. Heute muss s\u00fcdlich einer Linie Harz &#8211; Wittenberg mit kr\u00e4ftigen Gewittern gerechnet werden. Diese sind teilweise mit Starkregen bis 25 l\/qm in 1 Stunde, Hagel und Sturmb\u00f6en bis 85 km\/h (Bft 9) verbunden. Vereinzelt sind auch Unwetter mit Starkregen um 30 mm in kurzer Zeit m\u00f6glich.<\/p>\n<p style=\"text-align: justify;\">Detaillierter Wetterablauf: Heute Vormittag scheint neben einigen Wolken verbreitet die Sonne. In der Harzregion kann es teilweise schon am Vormittag zu Schauern und Gewittern kommen. Gegen Mittag bilden sich dann in allen Regionen Quellwolken. In den s\u00fcdlichen Landesteilen entwickeln sie sich dann relativ schnell zu Schauern und Gewittern weiter. Sie ziehen im nachmittagsverlauf nach S\u00fcdosten ab, k\u00f6nnen dabei aber teilweise auch kr\u00e4ftig werden und mit Starkregen bis 25 l\/qm in einer Stunde, Sturmb\u00f6en mit 65 bis 85 km\/h (Bft 8 bis 9) und kleink\u00f6rnigem Hagel verbunden sein. Vereinzelt ist auch Starkregen \u00fcber 25 l\/qm in einer Stunde m\u00f6glich. Die Temperatur steigt nochmals auf 25 bis 27, im Harz auf 19 bis 24 Grad, in der Altmark auf Werte um 23 Grad. Der Wind weht abseits von Gewittern schwach bis m\u00e4\u00dfig aus S\u00fcdwest, dreht aber im Tagesverlauf erst in der Altmark, am Abend auch im Burgenland auf Nordwest. In der Nacht zum Donnerstag muss bei zeitweise st\u00e4rker bew\u00f6lktem Himmel mit kurzen Schauern im Norden gerechnet werden. Die Temperatur geht auf 13 bis 10, im Harz bis 8 Grad zur\u00fcck. Der Wind weht schwach aus Nordwest.<\/p>\n<p style=\"text-align: justify;\">Am Donnerstag ist es wolkig bis stark bew\u00f6lkt und am Vormittag zun\u00e4chst noch niederschlagsfrei. Ab Mittag treten aber \u00f6rtlich Schauer auf. Bei schwachem, nur in Schauer- und Gewittern\u00e4he b\u00f6ig auffrischendem Nordwestwind erreichen die Temperaturen H\u00f6chstwerte zwischen 19 und 22, im Harz 16 und 18 Grad. In der Nacht zum Freitag lassen die Schauer rasch nach und anschlie\u00dfend bleibt es weitgehend trocken. Die Temperatur sinkt auf 11 bis 8 Grad und der Wind weht schwach aus Nordwest.<\/p>\n<p style=\"text-align: justify;\">Am Freitag bilden sich nach sonnigem Tagesbeginn zwar verbreitet Quellwolken. Mit Regen muss aber nicht gerechnet werden. Der weiterhin schwach wehende Nordwestwind bringt k\u00fchle Luftmassen in die Region, in der die Temperaturen nur auf 17 bis 20, im Harz 13 bis 16 Grad steigen. In der Nacht zum Samstag zeigen sich nur wenige Wolken am Himmel. Bei schwachem Nordwestwind sinkt die Temperatur auf 10 bis 7 Grad.<\/p>\n<p style=\"text-align: justify;\">Am Samstag schafft es die Sonne nur zeitweise, sich gegen die vorherrschend starke Bew\u00f6lkung durchzusetzen. Zeitweise f\u00e4llt schauerartiger Regen. Bei nur schwachem Wind aus unterschiedlichen Richtungen liegen die Tagesh\u00f6chsttemperaturen zwischen 18 und 21 Grad. In der Nacht zum Sonntag bleibt die Bew\u00f6lkung meist geschlossen. Allerdings muss auch weiterhin nicht mit Regen gerechnet werden. Die Temperaturen sinken bei schwachem Wind aus S\u00fcdwest bis West auf 13 bis 10 Grad.<\/p>\n<p style=\"text-align: justify;\">Deutscher Wetterdienst, RWB Leipzig, Christian Herold<\/p>\n","protected":false},"excerpt":{"rendered":"<p>Wettervorhersage Brachwitz, Wettin-L\u00f6bej\u00fcn, Saalekreis, Halle Vorwiegend im S\u00fcden Schauer und Gewitter. Wetter- und Warnlage f\u00fcr die n\u00e4chsten 24 Stunden: Eine Kaltfront \u00fcberquert das Vorhersagegebiet. Dahinter flie\u00dft von Norden her k\u00fchlere und trockenere Luft ein. Heute muss s\u00fcdlich einer Linie Harz <span class=\"excerpt-dots\">&hellip;<\/span> <a class=\"more-link\" href=\"https:\/\/www.hossi-im-netz.de\/wordpress\/wettervorhersage-brachwitz-wettin-loebejuen-saalekreis-halle-280\/\"><span class=\"more-msg\">Weiterlesen &rarr;<\/span><\/a><\/p>\n","protected":false},"author":1,"featured_media":0,"comment_status":"open","ping_status":"closed","sticky":false,"template":"","format":"standard","meta":{"_exactmetrics_skip_tracking":false,"_exactmetrics_sitenote_active":false,"_exactmetrics_sitenote_note":"","_exactmetrics_sitenote_category":0,"jetpack_post_was_ever_published":false,"_jetpack_newsletter_access":"","_jetpack_dont_email_post_to_subs":false,"_jetpack_newsletter_tier_id":0,"_jetpack_memberships_contains_paywalled_content":false,"_jetpack_memberships_contains_paid_content":false,"footnotes":"","jetpack_publicize_message":"","jetpack_publicize_feature_enabled":true,"jetpack_social_post_already_shared":true,"jetpack_social_options":{"image_generator_settings":{"template":"highway","default_image_id":0,"font":"","enabled":false},"version":2}},"categories":[37],"tags":[39,5,95,38,96],"yst_prominent_words":[],"class_list":["post-4053","post","type-post","status-publish","format-standard","hentry","category-wetterblog","tag-brachwitz","tag-halle","tag-saalekreis","tag-wettervorhersage","tag-wettin-loebejuen"],"jetpack_publicize_connections":[],"jetpack_featured_media_url":"","jetpack_sharing_enabled":true,"jetpack_shortlink":"https:\/\/wp.me\/p5DnIb-13n","jetpack-related-posts":[],"jetpack_likes_enabled":true,"_links":{"self":[{"href":"https:\/\/www.hossi-im-netz.de\/wordpress\/wp-json\/wp\/v2\/posts\/4053","targetHints":{"allow":["GET"]}}],"collection":[{"href":"https:\/\/www.hossi-im-netz.de\/wordpress\/wp-json\/wp\/v2\/posts"}],"about":[{"href":"https:\/\/www.hossi-im-netz.de\/wordpress\/wp-json\/wp\/v2\/types\/post"}],"author":[{"embeddable":true,"href":"https:\/\/www.hossi-im-netz.de\/wordpress\/wp-json\/wp\/v2\/users\/1"}],"replies":[{"embeddable":true,"href":"https:\/\/www.hossi-im-netz.de\/wordpress\/wp-json\/wp\/v2\/comments?post=4053"}],"version-history":[{"count":1,"href":"https:\/\/www.hossi-im-netz.de\/wordpress\/wp-json\/wp\/v2\/posts\/4053\/revisions"}],"predecessor-version":[{"id":4055,"href":"https:\/\/www.hossi-im-netz.de\/wordpress\/wp-json\/wp\/v2\/posts\/4053\/revisions\/4055"}],"wp:attachment":[{"href":"https:\/\/www.hossi-im-netz.de\/wordpress\/wp-json\/wp\/v2\/media?parent=4053"}],"wp:term":[{"taxonomy":"category","embeddable":true,"href":"https:\/\/www.hossi-im-netz.de\/wordpress\/wp-json\/wp\/v2\/categories?post=4053"},{"taxonomy":"post_tag","embeddable":true,"href":"https:\/\/www.hossi-im-netz.de\/wordpress\/wp-json\/wp\/v2\/tags?post=4053"},{"taxonomy":"yst_prominent_words","embeddable":true,"href":"https:\/\/www.hossi-im-netz.de\/wordpress\/wp-json\/wp\/v2\/yst_prominent_words?post=4053"}],"curies":[{"name":"wp","href":"https:\/\/api.w.org\/{rel}","templated":true}]}}