{"id":4073,"date":"2016-06-11T14:11:18","date_gmt":"2016-06-11T12:11:18","guid":{"rendered":"http:\/\/www.hossi-im-netz.de\/wordpress\/?p=4073"},"modified":"2016-06-11T14:11:18","modified_gmt":"2016-06-11T12:11:18","slug":"vor-200-jahren-fiel-der-sommer-aus","status":"publish","type":"post","link":"https:\/\/www.hossi-im-netz.de\/wordpress\/vor-200-jahren-fiel-der-sommer-aus\/","title":{"rendered":"Vor 200 Jahren fiel der Sommer aus"},"content":{"rendered":"<h2 style=\"text-align: justify;\">Vor 200 Jahren fiel der Sommer aus<\/h2>\n<p style=\"text-align: justify;\">\nVulkanausbr\u00fcche k\u00f6nnen weitreichende Folgen auf die globale Durchschnittstemperatur haben. Besonders deutlich wurde das im Jahr 1816, das auch als &#8222;das Jahr ohne Sommer&#8220; in die Geschichte einging.<\/p>\n<p style=\"text-align: justify;\">Im April 1815 brach der auf der indonesischen Insel Sumbawa gelegene und auch heute noch aktive Stratovulkan Tambora aus. Die Eruption erreichte dabei die zweith\u00f6chste Intensit\u00e4t von 7 auf dem Vulkanexplosivit\u00e4tsindex (VEI). Bei diesem Ereignis wurden neben ungef\u00e4hr 150 km\u00b3 Staub und Asche unter anderem auch Schwefelverbindungen in die Stratosph\u00e4re geschleudert, wo sie sich als Schwefels\u00e4ureaerosole verteilten und wie eine Art Schleier um den Globus legten.<\/p>\n<p style=\"text-align: justify;\">Weil die Aerosoltr\u00f6pfchen nur sehr klein sind und im Gegensatz zur Troposph\u00e4re in der Stratosph\u00e4re das Ausregnen und Auswaschen als sehr effektive Reinigungsprozesse fehlen, klingen die vulkanischen St\u00f6rungen nur durch langsames Ausf\u00e4llen der Partikel ab. Von den Aerosolen werden die Sonnenstrahlen teilweise absorbiert oder zur\u00fcckgestreut, wodurch es zur Erw\u00e4rmung der Stratosph\u00e4re kommt. Am Boden f\u00fchren diese Vorg\u00e4nge hingegen im Mittel zur Abk\u00fchlung des Weltklimas, regional und abh\u00e4ngig von der Jahreszeit kommt es aber gleichzeitig auch zu Erw\u00e4rmungen. Da sich die Aerosolmasse mit einer Halbwertszeit von etwa einem Jahr reduziert, k\u00f6nnen solche klimatischen Ver\u00e4nderungen durchaus l\u00e4ngere Zeit anhalten.<\/p>\n<p style=\"text-align: justify;\">Allerdings deuten Auswertungen gr\u00f6nl\u00e4ndischer und antarktischer Eisbohrkerne darauf hin, dass der Ausbruch des Tambora nicht allein verantwortlich daf\u00fcr war, dass die Dekade von 1810 bis 1820 die weltweit k\u00e4lteste der letzten 500 Jahre wurde. Vielmehr wird vermutet, dass andere gr\u00f6\u00dfere Vulkanausbr\u00fcche (VEI gr\u00f6\u00dfer gleich 4), wie beispielsweise die des Awu (1812) und des Suwanosejima (1813) bereits durch eine substanzielle Anreicherung von Aerosolen die Durchschnittstemperatur sukzessive senkten. Ein weiterer beg\u00fcnstigender Faktor war wohl auch die erheblich reduzierte Aktivit\u00e4t der Sonne im sogenannten Daltonminimum (Periode geringerer Sonnenfleckenaktivit\u00e4t zwischen 1790 und 1830).<\/p>\n<p style=\"text-align: justify;\">Im Endeffekt resultierte daraus, dass die Sommermonate Juni, Juli und August 1816 in Deutschland im Mittel etwa 1 bis 2,7 Grad k\u00e4lter als im Referenzzeitraum 1971-2000 ausfielen, wie auch die Grafik auf http:\/\/www.dwd.de\/DE\/wetter\/thema_des_tages\/2016\/6\/11.html zeigt. In Teilen Frankreichs gab es sogar negative Abweichungen von \u00fcber 3 Grad. Im Juli trat Frost auf, in der Schweiz schneite es mitunter bis in tiefe Lagen &#8211; das Jahr 1816 blieb &#8222;das Jahr ohne Sommer&#8220; und das nicht nur in Europa. Auch im Osten Kanadas und in Neuengland fiel w\u00e4hrend des eigentlichen Sommers Schnee, der in Quebec zeitweise eine H\u00f6he von 30 cm erreichte. Zudem kam es in Mitteleuropa zu schweren Unwettern mit heftigen Regenf\u00e4llen.<\/p>\n<p style=\"text-align: justify;\">In der Folge f\u00fchrte alles zusammen zu katastrophalen \u00dcberschwemmungen und Missernten und das, nachdem Europa erst k\u00fcrzlich durch die Napoleonischen Kriege gebeutelt wurde. Am st\u00e4rksten betroffen waren die Gebiete unmittelbar n\u00f6rdlich der Alpen: Baden, W\u00fcrttemberg, Bayern, Vorarlberg, Elsass und Deutschschweiz, wo der Getreidepreis 1817 das Zweieinhalb- bis Dreifache des Niveaus von 1815 erreichte. Aber nicht nur in Europa, sondern auch in der \u00fcbrigen Welt hungerten die Menschen angesichts der stark in die H\u00f6he geschossenen Preise f\u00fcr Getreide und Reis. \u00dcbrigens reduzierte sich aufgrund der Nahrungsknappheit der Pferdebestand in Europa betr\u00e4chtlich, wodurch die Entwicklung der Draisine vorangetrieben wurde. Im K\u00f6nigreich W\u00fcrttemberg, welches besonders hart von den Folgen des &#8222;Jahres ohne Sommer&#8220; getroffen wurde, stiftete K\u00f6nig Wilhelm I. gemeinsam mit seiner Frau Katharina Pawlowna ein &#8222;j\u00e4hrlich am 28. September zu Kannstadt abzuhaltendes landwirtschaftliches Fest&#8220;, heute umgangssprachlich bekannt als &#8222;Cannstatter Wasen&#8220;.<\/p>\n<p style=\"text-align: justify;\">M.Sc. Met. Stefan Bach<\/p>\n<p style=\"text-align: justify;\">Deutscher Wetterdienst Vorhersage- und Beratungszentrale Offenbach, den 11.06.2016<\/p>\n<p style=\"text-align: justify;\">Copyright (c) Deutscher Wetterdienst<\/p>\n<p style=\"text-align: justify;\">\n<p style=\"text-align: justify;\"><a href=\"https:\/\/www.hossi-im-netz.de\/wordpress\/wp-content\/uploads\/2016\/06\/image-11.png\"><img loading=\"lazy\" decoding=\"async\" data-attachment-id=\"4074\" data-permalink=\"https:\/\/www.hossi-im-netz.de\/wordpress\/vor-200-jahren-fiel-der-sommer-aus\/image-538\/\" data-orig-file=\"https:\/\/www.hossi-im-netz.de\/wordpress\/wp-content\/uploads\/2016\/06\/image-11.png\" data-orig-size=\"2113,1566\" data-comments-opened=\"1\" data-image-meta=\"{&quot;aperture&quot;:&quot;0&quot;,&quot;credit&quot;:&quot;&quot;,&quot;camera&quot;:&quot;&quot;,&quot;caption&quot;:&quot;&quot;,&quot;created_timestamp&quot;:&quot;0&quot;,&quot;copyright&quot;:&quot;&quot;,&quot;focal_length&quot;:&quot;0&quot;,&quot;iso&quot;:&quot;0&quot;,&quot;shutter_speed&quot;:&quot;0&quot;,&quot;title&quot;:&quot;&quot;,&quot;orientation&quot;:&quot;0&quot;}\" data-image-title=\"Vor 200 Jahren fiel der Sommer aus\" data-image-description=\"\" data-image-caption=\"\" data-medium-file=\"https:\/\/www.hossi-im-netz.de\/wordpress\/wp-content\/uploads\/2016\/06\/image-11-300x222.png\" data-large-file=\"https:\/\/www.hossi-im-netz.de\/wordpress\/wp-content\/uploads\/2016\/06\/image-11-1024x759.png\" class=\"alignnone wp-image-4074 size-full\" src=\"https:\/\/www.hossi-im-netz.de\/wordpress\/wp-content\/uploads\/2016\/06\/image-11.png\" alt=\"Vor 200 Jahren fiel der Sommer aus\" width=\"2113\" height=\"1566\" srcset=\"https:\/\/www.hossi-im-netz.de\/wordpress\/wp-content\/uploads\/2016\/06\/image-11.png 2113w, https:\/\/www.hossi-im-netz.de\/wordpress\/wp-content\/uploads\/2016\/06\/image-11-300x222.png 300w, https:\/\/www.hossi-im-netz.de\/wordpress\/wp-content\/uploads\/2016\/06\/image-11-768x569.png 768w, https:\/\/www.hossi-im-netz.de\/wordpress\/wp-content\/uploads\/2016\/06\/image-11-1024x759.png 1024w\" sizes=\"auto, (max-width: 2113px) 100vw, 2113px\" \/><\/a><\/p>\n","protected":false},"excerpt":{"rendered":"<p>Vor 200 Jahren fiel der Sommer aus Vulkanausbr\u00fcche k\u00f6nnen weitreichende Folgen auf die globale Durchschnittstemperatur haben. Besonders deutlich wurde das im Jahr 1816, das auch als &#8222;das Jahr ohne Sommer&#8220; in die Geschichte einging. Im April 1815 brach der auf <span class=\"excerpt-dots\">&hellip;<\/span> <a class=\"more-link\" href=\"https:\/\/www.hossi-im-netz.de\/wordpress\/vor-200-jahren-fiel-der-sommer-aus\/\"><span class=\"more-msg\">Weiterlesen &rarr;<\/span><\/a><\/p>\n","protected":false},"author":1,"featured_media":4074,"comment_status":"open","ping_status":"closed","sticky":false,"template":"","format":"standard","meta":{"_exactmetrics_skip_tracking":false,"_exactmetrics_sitenote_active":false,"_exactmetrics_sitenote_note":"","_exactmetrics_sitenote_category":0,"jetpack_post_was_ever_published":false,"_jetpack_newsletter_access":"","_jetpack_dont_email_post_to_subs":false,"_jetpack_newsletter_tier_id":0,"_jetpack_memberships_contains_paywalled_content":false,"_jetpack_memberships_contains_paid_content":false,"footnotes":"","jetpack_publicize_message":"","jetpack_publicize_feature_enabled":true,"jetpack_social_post_already_shared":true,"jetpack_social_options":{"image_generator_settings":{"template":"highway","default_image_id":0,"font":"","enabled":false},"version":2}},"categories":[37],"tags":[110,55],"yst_prominent_words":[],"class_list":["post-4073","post","type-post","status-publish","format-standard","has-post-thumbnail","hentry","category-wetterblog","tag-schafskaelte","tag-sommer"],"jetpack_publicize_connections":[],"jetpack_featured_media_url":"https:\/\/www.hossi-im-netz.de\/wordpress\/wp-content\/uploads\/2016\/06\/image-11.png","jetpack_sharing_enabled":true,"jetpack_shortlink":"https:\/\/wp.me\/p5DnIb-13H","jetpack-related-posts":[],"jetpack_likes_enabled":true,"_links":{"self":[{"href":"https:\/\/www.hossi-im-netz.de\/wordpress\/wp-json\/wp\/v2\/posts\/4073","targetHints":{"allow":["GET"]}}],"collection":[{"href":"https:\/\/www.hossi-im-netz.de\/wordpress\/wp-json\/wp\/v2\/posts"}],"about":[{"href":"https:\/\/www.hossi-im-netz.de\/wordpress\/wp-json\/wp\/v2\/types\/post"}],"author":[{"embeddable":true,"href":"https:\/\/www.hossi-im-netz.de\/wordpress\/wp-json\/wp\/v2\/users\/1"}],"replies":[{"embeddable":true,"href":"https:\/\/www.hossi-im-netz.de\/wordpress\/wp-json\/wp\/v2\/comments?post=4073"}],"version-history":[{"count":1,"href":"https:\/\/www.hossi-im-netz.de\/wordpress\/wp-json\/wp\/v2\/posts\/4073\/revisions"}],"predecessor-version":[{"id":4075,"href":"https:\/\/www.hossi-im-netz.de\/wordpress\/wp-json\/wp\/v2\/posts\/4073\/revisions\/4075"}],"wp:featuredmedia":[{"embeddable":true,"href":"https:\/\/www.hossi-im-netz.de\/wordpress\/wp-json\/wp\/v2\/media\/4074"}],"wp:attachment":[{"href":"https:\/\/www.hossi-im-netz.de\/wordpress\/wp-json\/wp\/v2\/media?parent=4073"}],"wp:term":[{"taxonomy":"category","embeddable":true,"href":"https:\/\/www.hossi-im-netz.de\/wordpress\/wp-json\/wp\/v2\/categories?post=4073"},{"taxonomy":"post_tag","embeddable":true,"href":"https:\/\/www.hossi-im-netz.de\/wordpress\/wp-json\/wp\/v2\/tags?post=4073"},{"taxonomy":"yst_prominent_words","embeddable":true,"href":"https:\/\/www.hossi-im-netz.de\/wordpress\/wp-json\/wp\/v2\/yst_prominent_words?post=4073"}],"curies":[{"name":"wp","href":"https:\/\/api.w.org\/{rel}","templated":true}]}}