{"id":4215,"date":"2016-07-04T12:53:05","date_gmt":"2016-07-04T10:53:05","guid":{"rendered":"http:\/\/www.hossi-im-netz.de\/wordpress\/?p=4215"},"modified":"2016-07-04T12:53:05","modified_gmt":"2016-07-04T10:53:05","slug":"gewitterlinien-an-der-nordsee","status":"publish","type":"post","link":"https:\/\/www.hossi-im-netz.de\/wordpress\/gewitterlinien-an-der-nordsee\/","title":{"rendered":"Gewitterlinien an der Nordsee"},"content":{"rendered":"<h2 style=\"text-align: justify;\">Gewitterlinien an der Nordsee<\/h2>\n<p style=\"text-align: justify;\">\nAls regionale Besonderheit geh\u00f6ren sie vor allem im Herbst zum festen Repertoire. Welche Faktoren f\u00fcr die Entstehung f\u00f6rderlich sind, erfahren Sie im Folgenden.<\/p>\n<p style=\"text-align: justify;\">Am gestrigen Sonntagmorgen war das regionale Wetterph\u00e4nomen mal wieder eindrucksvoll zu beobachten. In der inneren deutschen Bucht formierte sich ein Wolken- und Niederschlagsband, in dessen Bereich es teilweise anhaltend und heftig sch\u00fcttete, blitzte und donnerte. Im Zeitraum von 02 bis 08 Uhr MESZ fielen in St. Peter-Ording beispielsweise 18 Liter auf den Quadratmeter, knapp 40 Kilometer nord\u00f6stlich in Hattstedt bei Husum noch 12 l\/qm.<\/p>\n<p style=\"text-align: justify;\">H\u00e4ufig sind diese Linien nahezu ortsfest, beginnend bei oder knapp n\u00f6rdlich der Ostfriesischen Inseln, um das Seegebiet um Helgoland, bevor sie vor St. Peter-Ording, Pellworm, Nordstrand und Husum wieder das Festland erreichen. Bei nachlassender Wetteraktivit\u00e4t lassen sich die Schauerstra\u00dfen noch regelm\u00e4\u00dfig bis zur Flensburger F\u00f6rde verfolgen.<\/p>\n<p style=\"text-align: justify;\">Um den Ursachen auf die Spur zu kommen, bedienen wir uns der Zutatenmethode, wie sie beispielsweise auch im Thema des Tages vom 27.05.2016 beschrieben wurde. Elementar f\u00fcr die Entwicklung von Schauern und Gewittern sind ausreichend Feuchte, Labilit\u00e4t und Hebung.<\/p>\n<p style=\"text-align: justify;\">Nun, genug Feuchtigkeit ist dank der Wasserunterlage der Nordsee zumindest bodennah kein Problem. Spielt die untere und mittlere Troposph\u00e4re (Schichten bis etwa 5 km H\u00f6he) auch noch mit, sind die Voraussetzungen bez\u00fcglich des Wasserdampfgehalts schon mal gegeben.<\/p>\n<p style=\"text-align: justify;\">Die Schichtung der Atmosph\u00e4re wird als labil bezeichnet, wenn sich die Luft mit der H\u00f6he rasch abk\u00fchlt. Ein am Boden erw\u00e4rmtes Luftpaket hat dann die M\u00f6glichkeit rasch aufzusteigen, da warme Luft aufgrund ihrer geringeren Dichte leichter ist als kalte Luft (Archimedisches Prinzip). Diese rasche Temperaturabnahme wird bei unserem Beispiel durch die verh\u00e4ltnism\u00e4\u00dfig warme Wasseroberfl\u00e4che generiert. So liegen die Wassertemperaturen an der Nordseek\u00fcste aktuell zwischen 16 und 19 Grad. Gleichzeitig herrschten am gestrigen Sonntagmorgen in rund 5,5 km H\u00f6he Temperaturen um die -25 Grad, was einem Unterschied von mehr als 40 Grad zwischen beiden Niveaus entspricht. Als Faustformel ist dies in der Wettervorhersage auch der ungef\u00e4hre Wert, ab dem man von einer ausreichend labilen Schichtung sprechen w\u00fcrde. Da die Kaltluftvorst\u00f6\u00dfe im Herbst an Qualit\u00e4t gewinnen und das Wasser die W\u00e4rme des Sommers l\u00e4nger speichern kann als der Erdboden (hohe W\u00e4rmekapazit\u00e4t), erreichen die angesprochenen Schauer- und Gewitterlinien im Herbst ihre st\u00e4rksten Intensit\u00e4ten.<\/p>\n<p style=\"text-align: justify;\">Zu guter Letzt muss die Luft noch gehoben werden, denn dabei ger\u00e4t sie unter geringeren Au\u00dfendruck, dehnt sich aus und k\u00fchlt sich in der Folge ab, womit der enthaltene Wasserdampf kondensiert. Es bilden sich Wolken und mit fortschreitendem Prozess auch Niederschl\u00e4ge. Diese gewisserma\u00dfen erzwungene Hebung wird nun durch das bodennahe Windfeld hervorgerufen. W\u00e4hrend bei auflandiger Komponente der Wind nahezu ungest\u00f6rt \u00fcber die offene See fegt, wird er beim Aufprall aufs Festland abgebremst und zum tiefen Luftdruck abgelenkt. Klassischerweise modifiziert sich somit ein Westwind \u00fcber Helgoland zu einem S\u00fcds\u00fcdwestwind entlang der Nordfriesischen K\u00fcste. Dazwischen gibt es also einen Bereich zusammenstr\u00f6mender Luftbewegungen (K\u00fcstenkonvergenz), in dem sich dann die Schauer- und Gewitterlinie formiert.<\/p>\n<p style=\"text-align: justify;\">Aufmerksame Bewohner und Urlauber werden feststellen, dass sich die Schauer tags\u00fcber h\u00e4ufig &#8222;in Luft&#8220; aufl\u00f6sen und eher der Sonnenschein dominiert. Nicht umsonst z\u00e4hlen die K\u00fcstengebiete mit zu den sonnenscheinreichsten Regionen Deutschlands. Dieser Umstand ist darin begr\u00fcndet, dass sich die Landoberfl\u00e4che tags\u00fcber durch die Sonneneinstrahlung erw\u00e4rmt und somit rasch Temperaturen erreicht werden, die \u00fcber den Wassertemperaturen liegen. Die Luftpakete sind nun landeinw\u00e4rts w\u00e4rmer (h\u00f6here Labilit\u00e4t) und steigen daher nun versetzt im Binnenland auf. Nun beginnt gleichzeitig der Seewind einzusetzen. Dabei weht er anstatt k\u00fcstenparallel (S\u00fcds\u00fcdwest) nun zunehmend senkrecht zur K\u00fcste (West). Dadurch verschwindet die Konvergenz im Windfeld und somit auch der Hebungsantrieb.<\/p>\n<p style=\"text-align: justify;\">Touristen in Nordseen\u00e4he m\u00fcssen auch in den kommenden Tagen tapfer bleiben. Neben zeitweiligen Schauern gesellen sich am morgigen Dienstag mit Ann\u00e4herung des Tiefs RENATE auch noch Sturmb\u00f6en mit Geschwindigkeiten um 80 km\/h hinzu. Wie f\u00fcr die teils kr\u00e4ftigen Regenf\u00e4lle werden die Einheimischen allerdings daf\u00fcr auch nur ein m\u00fcdes L\u00e4cheln \u00fcbrig haben &#8211; schlie\u00dflich geh\u00f6ren selbst im Hochsommer einzelne Sturmb\u00f6en ebenfalls zum festen Repertoire des Nordseeklimas.<\/p>\n<p style=\"text-align: justify;\">Dipl.-Met. Robert Hausen<\/p>\n<p style=\"text-align: justify;\">Deutscher Wetterdienst Vorhersage- und Beratungszentrale Offenbach, den 04.07.2016<\/p>\n<p style=\"text-align: justify;\">Copyright (c) Deutscher Wetterdienst<\/p>\n<p style=\"text-align: justify;\">\n<p style=\"text-align: justify;\"><a href=\"https:\/\/www.hossi-im-netz.de\/wordpress\/wp-content\/uploads\/2016\/07\/image-4.png\"><img loading=\"lazy\" decoding=\"async\" data-attachment-id=\"4216\" data-permalink=\"https:\/\/www.hossi-im-netz.de\/wordpress\/gewitterlinien-an-der-nordsee\/image-587\/\" data-orig-file=\"https:\/\/www.hossi-im-netz.de\/wordpress\/wp-content\/uploads\/2016\/07\/image-4.png\" data-orig-size=\"986,694\" data-comments-opened=\"1\" data-image-meta=\"{&quot;aperture&quot;:&quot;0&quot;,&quot;credit&quot;:&quot;&quot;,&quot;camera&quot;:&quot;&quot;,&quot;caption&quot;:&quot;&quot;,&quot;created_timestamp&quot;:&quot;0&quot;,&quot;copyright&quot;:&quot;&quot;,&quot;focal_length&quot;:&quot;0&quot;,&quot;iso&quot;:&quot;0&quot;,&quot;shutter_speed&quot;:&quot;0&quot;,&quot;title&quot;:&quot;&quot;,&quot;orientation&quot;:&quot;0&quot;}\" data-image-title=\"Gewitterlinien an der Nordsee\" data-image-description=\"\" data-image-caption=\"\" data-medium-file=\"https:\/\/www.hossi-im-netz.de\/wordpress\/wp-content\/uploads\/2016\/07\/image-4-300x211.png\" data-large-file=\"https:\/\/www.hossi-im-netz.de\/wordpress\/wp-content\/uploads\/2016\/07\/image-4.png\" class=\"alignnone size-full wp-image-4216\" src=\"https:\/\/www.hossi-im-netz.de\/wordpress\/wp-content\/uploads\/2016\/07\/image-4.png\" alt=\"Gewitterlinien an der Nordsee\" width=\"986\" height=\"694\" srcset=\"https:\/\/www.hossi-im-netz.de\/wordpress\/wp-content\/uploads\/2016\/07\/image-4.png 986w, https:\/\/www.hossi-im-netz.de\/wordpress\/wp-content\/uploads\/2016\/07\/image-4-300x211.png 300w, https:\/\/www.hossi-im-netz.de\/wordpress\/wp-content\/uploads\/2016\/07\/image-4-768x541.png 768w\" sizes=\"auto, (max-width: 986px) 100vw, 986px\" \/><\/a><\/p>\n","protected":false},"excerpt":{"rendered":"<p>Gewitterlinien an der Nordsee Als regionale Besonderheit geh\u00f6ren sie vor allem im Herbst zum festen Repertoire. Welche Faktoren f\u00fcr die Entstehung f\u00f6rderlich sind, erfahren Sie im Folgenden. Am gestrigen Sonntagmorgen war das regionale Wetterph\u00e4nomen mal wieder eindrucksvoll zu beobachten. In <span class=\"excerpt-dots\">&hellip;<\/span> <a class=\"more-link\" href=\"https:\/\/www.hossi-im-netz.de\/wordpress\/gewitterlinien-an-der-nordsee\/\"><span class=\"more-msg\">Weiterlesen &rarr;<\/span><\/a><\/p>\n","protected":false},"author":1,"featured_media":4216,"comment_status":"open","ping_status":"closed","sticky":false,"template":"","format":"standard","meta":{"_exactmetrics_skip_tracking":false,"_exactmetrics_sitenote_active":false,"_exactmetrics_sitenote_note":"","_exactmetrics_sitenote_category":0,"jetpack_post_was_ever_published":false,"_jetpack_newsletter_access":"","_jetpack_dont_email_post_to_subs":false,"_jetpack_newsletter_tier_id":0,"_jetpack_memberships_contains_paywalled_content":false,"_jetpack_memberships_contains_paid_content":false,"footnotes":"","jetpack_publicize_message":"","jetpack_publicize_feature_enabled":true,"jetpack_social_post_already_shared":true,"jetpack_social_options":{"image_generator_settings":{"template":"highway","default_image_id":0,"font":"","enabled":false},"version":2}},"categories":[37],"tags":[41,750,752,63,751,753,4],"yst_prominent_words":[],"class_list":["post-4215","post","type-post","status-publish","format-standard","has-post-thumbnail","hentry","category-wetterblog","tag-gewitter","tag-gewitterlinien","tag-helgoland","tag-niederschlag","tag-nordsee","tag-sylt","tag-wetter"],"jetpack_publicize_connections":[],"jetpack_featured_media_url":"https:\/\/www.hossi-im-netz.de\/wordpress\/wp-content\/uploads\/2016\/07\/image-4.png","jetpack_sharing_enabled":true,"jetpack_shortlink":"https:\/\/wp.me\/p5DnIb-15Z","jetpack-related-posts":[],"jetpack_likes_enabled":true,"_links":{"self":[{"href":"https:\/\/www.hossi-im-netz.de\/wordpress\/wp-json\/wp\/v2\/posts\/4215","targetHints":{"allow":["GET"]}}],"collection":[{"href":"https:\/\/www.hossi-im-netz.de\/wordpress\/wp-json\/wp\/v2\/posts"}],"about":[{"href":"https:\/\/www.hossi-im-netz.de\/wordpress\/wp-json\/wp\/v2\/types\/post"}],"author":[{"embeddable":true,"href":"https:\/\/www.hossi-im-netz.de\/wordpress\/wp-json\/wp\/v2\/users\/1"}],"replies":[{"embeddable":true,"href":"https:\/\/www.hossi-im-netz.de\/wordpress\/wp-json\/wp\/v2\/comments?post=4215"}],"version-history":[{"count":1,"href":"https:\/\/www.hossi-im-netz.de\/wordpress\/wp-json\/wp\/v2\/posts\/4215\/revisions"}],"predecessor-version":[{"id":4217,"href":"https:\/\/www.hossi-im-netz.de\/wordpress\/wp-json\/wp\/v2\/posts\/4215\/revisions\/4217"}],"wp:featuredmedia":[{"embeddable":true,"href":"https:\/\/www.hossi-im-netz.de\/wordpress\/wp-json\/wp\/v2\/media\/4216"}],"wp:attachment":[{"href":"https:\/\/www.hossi-im-netz.de\/wordpress\/wp-json\/wp\/v2\/media?parent=4215"}],"wp:term":[{"taxonomy":"category","embeddable":true,"href":"https:\/\/www.hossi-im-netz.de\/wordpress\/wp-json\/wp\/v2\/categories?post=4215"},{"taxonomy":"post_tag","embeddable":true,"href":"https:\/\/www.hossi-im-netz.de\/wordpress\/wp-json\/wp\/v2\/tags?post=4215"},{"taxonomy":"yst_prominent_words","embeddable":true,"href":"https:\/\/www.hossi-im-netz.de\/wordpress\/wp-json\/wp\/v2\/yst_prominent_words?post=4215"}],"curies":[{"name":"wp","href":"https:\/\/api.w.org\/{rel}","templated":true}]}}