{"id":4261,"date":"2016-07-08T05:32:14","date_gmt":"2016-07-08T03:32:14","guid":{"rendered":"http:\/\/www.hossi-im-netz.de\/wordpress\/?p=4261"},"modified":"2016-07-08T05:32:14","modified_gmt":"2016-07-08T03:32:14","slug":"wettervorhersage-brachwitz-wettin-loebejuen-saalekreis-halle-302","status":"publish","type":"post","link":"https:\/\/www.hossi-im-netz.de\/wordpress\/wettervorhersage-brachwitz-wettin-loebejuen-saalekreis-halle-302\/","title":{"rendered":"Wettervorhersage Brachwitz, Wettin-L\u00f6bej\u00fcn, Saalekreis, Halle"},"content":{"rendered":"<p style=\"text-align: justify;\">Wettervorhersage Brachwitz, Wettin-L\u00f6bej\u00fcn, Saalekreis, Halle<\/p>\n<div id=\"attachment_4262\" style=\"width: 838px\" class=\"wp-caption alignnone\"><a href=\"https:\/\/www.hossi-im-netz.de\/wordpress\/vorhersage\/\"><img loading=\"lazy\" decoding=\"async\" aria-describedby=\"caption-attachment-4262\" data-attachment-id=\"4262\" data-permalink=\"https:\/\/www.hossi-im-netz.de\/wordpress\/wettervorhersage-brachwitz-wettin-loebejuen-saalekreis-halle-302\/image-612\/\" data-orig-file=\"https:\/\/www.hossi-im-netz.de\/wordpress\/wp-content\/uploads\/2016\/07\/image-9.png\" data-orig-size=\"828,302\" data-comments-opened=\"1\" data-image-meta=\"{&quot;aperture&quot;:&quot;0&quot;,&quot;credit&quot;:&quot;&quot;,&quot;camera&quot;:&quot;&quot;,&quot;caption&quot;:&quot;&quot;,&quot;created_timestamp&quot;:&quot;0&quot;,&quot;copyright&quot;:&quot;&quot;,&quot;focal_length&quot;:&quot;0&quot;,&quot;iso&quot;:&quot;0&quot;,&quot;shutter_speed&quot;:&quot;0&quot;,&quot;title&quot;:&quot;&quot;,&quot;orientation&quot;:&quot;0&quot;}\" data-image-title=\"Wettervorhersage 08.07.2016\" data-image-description=\"\" data-image-caption=\"\" data-medium-file=\"https:\/\/www.hossi-im-netz.de\/wordpress\/wp-content\/uploads\/2016\/07\/image-9-300x109.png\" data-large-file=\"https:\/\/www.hossi-im-netz.de\/wordpress\/wp-content\/uploads\/2016\/07\/image-9.png\" class=\"wp-image-4262 size-full\" src=\"https:\/\/www.hossi-im-netz.de\/wordpress\/wp-content\/uploads\/2016\/07\/image-9.png\" alt=\"Wettervorhersage 08.07.2016\" width=\"828\" height=\"302\" srcset=\"https:\/\/www.hossi-im-netz.de\/wordpress\/wp-content\/uploads\/2016\/07\/image-9.png 828w, https:\/\/www.hossi-im-netz.de\/wordpress\/wp-content\/uploads\/2016\/07\/image-9-300x109.png 300w, https:\/\/www.hossi-im-netz.de\/wordpress\/wp-content\/uploads\/2016\/07\/image-9-768x280.png 768w\" sizes=\"auto, (max-width: 828px) 100vw, 828px\" \/><\/a><p id=\"caption-attachment-4262\" class=\"wp-caption-text\">www.yr.no<\/p><\/div>\n<p style=\"text-align: justify;\">\n<p style=\"text-align: justify;\">Am Nachmittag aufziehende Schauer und Gewitter. Nachts auf dem Brocken Sturmb\u00f6en.<\/p>\n<p style=\"text-align: justify;\">Wetter- und Warnlage f\u00fcr die n\u00e4chsten 24 Stunden: Heute greift im Tagesverlauf der Ausl\u00e4ufer eines zur Norwegischen See ziehenden Tiefs auf die Region \u00fcber.<\/p>\n<p style=\"text-align: justify;\">Bis zum Mittag werden keine warnrelevanten Wetterereignisse erwartet.<\/p>\n<p style=\"text-align: justify;\">Ab dem fr\u00fchen Nachmittag sind \u00f6rtlich teils starke Gewitter mit Starkregen um 20 l\/qm innerhalb kurzer Zeit und Sturmb\u00f6en um 75 km\/h (Bft 8-9) m\u00f6glich. Abgesehen von Gewittern kann es auch in Schauern\u00e4he zu einzelnen WINDB\u00d6EN um 55 km\/h (Bft 7) aus West bis S\u00fcdwest kommen. Auf dem Brocken werden Sturmb\u00f6en bis 85 km\/h (Bft 9) erwartet.<\/p>\n<p style=\"text-align: justify;\">In der Nacht zum Samstag bleibt es abgesehen von einzelnen Sturmb\u00f6en bis 85 km\/h (Bft 9) aus West auf dem Brocken warnfrei.<\/p>\n<p style=\"text-align: justify;\">Detaillierter Wetterablauf: Heute wird es zun\u00e4chst wechselnd bew\u00f6lkt und trocken sein. Allerdings verdichtet sich im Vormittagsverlauf die Bew\u00f6lkung von Westen her und ab den fr\u00fchen Nachmittagsstunden muss mit Schauern und Gewittern gerechnet werden, die teils mit Sturmb\u00f6en um 75 km\/h (Bft 8-9) und Starkregen um 20 l\/qm innerhalb 1 Stunde einhergehen k\u00f6nnen. Bei schwachem, sp\u00e4ter m\u00e4\u00dfigem und b\u00f6igem westlichem bis s\u00fcdwestlichem Wind liegen die Tagesh\u00f6chsttemperaturen zwischen 25 und 27, im Harz zwischen 18 und 24 Grad. Abgesehen von Gewittern, k\u00f6nnen in Schauern\u00e4he auch einzelne Windb\u00f6en um 55 km\/h (Bft 7) auftreten. Auf dem Brocken werden Sturmb\u00f6en bis 85 km\/h (Bft 9) aus West erwartet. In der Nacht zum Samstag sind die Schauer und Gewitter bereits nach Osten abgezogen und nachfolgend wird es bei wechselnder Bew\u00f6lkung weitgehend trocken bleiben. Die Luft k\u00fchlt auf 14 bis 12, im Harz bis auf 8 Grad ab. Der Westwind flaut etwas ab und weht nur noch schwach bis m\u00e4\u00dfig. Auf dem Brocken kommt es weiterhin zu Sturmb\u00f6en bis 85 km\/h (Bft 9).<\/p>\n<p style=\"text-align: justify;\">Am Samstag bilden sich nach wolkenarmen Tagesbeginn gebietsweise Quellwolken. Das Schauerrisiko ist gering. Abends wird sich die Sonne bei sich aufl\u00f6sender Quellbew\u00f6lkung dann f\u00fcr l\u00e4ngere Zeit zeigen. Bei m\u00e4\u00dfigem Nordwestwind werden 23 bis 25, im Harz 16 bis 23 Grad erwartet. \u00d6rtlich sind Windb\u00f6en um 50 km\/h (Bft 7) m\u00f6glich. In der Nacht zum Sonntag ist es gering bew\u00f6lkt und niederschlagsfrei. Nur in Altmark und B\u00f6rde k\u00f6nnen zeitweise dichtere Wolkenfelder vor\u00fcber ziehen. Aber auch diese bringen keine Regen. Die Tiefsttemperaturen liegen zwischen 16 und 14, im Harz bei 12 Grad. Der schwache Wind dreht von West auf S\u00fcd.<\/p>\n<p style=\"text-align: justify;\">Am Sonntag steigen die Temperaturen auf 28 bis 30, im Harz auf 21 bis 28 Grad. Vor allem in der ersten Tagesh\u00e4lfte kann die Sonne bei nur wenigen Wolken f\u00fcr l\u00e4ngere Zeit scheinen. In der zweiten Tagesh\u00e4lfte bilden sich dann vermehrt Quellwolken. Ein geringes Schauerrisiko besteht allerdings nur in der Altmark. Dabei weht der S\u00fcdwind meist nur schwach, am Nachmittag vor\u00fcbergehend auch m\u00e4\u00dfig. In der Nacht zum Montag wird es bei wechselnder Bew\u00f6lkung vor allem in den westlichen Landesteilen Schauer und Gewitter geben. In der Osth\u00e4lfte bleibt es dagegen gering bew\u00f6lkt und trocken. Bei auf West drehendem Wind sinken die Temperaturen auf 18 bis 16, im Harz bis 14 Grad.<\/p>\n<p style=\"text-align: justify;\">Am Montag kommen Schauer und Gewitter auch in die \u00f6stlichen Landesteile voran. Dabei muss mit Starkregen, Sturmb\u00f6en und Hagel gerechnet werden. Bei einem Wechsel aus Sonne und Wolken werden Maxima zwischen 27 und 30, im Harz zwischen 21 und 27 Grad erwartet. Es weht meist schwacher S\u00fcdwestwind. In der Nacht zum Dienstag kommt es zun\u00e4chst aus wechselnder Bew\u00f6lkung noch zu Schauern und Gewittern. Diese klingen allerdings im Nachtverlauf ab. Der S\u00fcdwestwind weht schwach. Die Luft k\u00fchlt auf 17 und 15, im Harz bis 13 Grad ab.<\/p>\n<p style=\"text-align: justify;\">Deutscher Wetterdienst, RWB Leipzig, Engelmann\/W\u00fcrtz<\/p>\n","protected":false},"excerpt":{"rendered":"<p>Wettervorhersage Brachwitz, Wettin-L\u00f6bej\u00fcn, Saalekreis, Halle Am Nachmittag aufziehende Schauer und Gewitter. Nachts auf dem Brocken Sturmb\u00f6en. Wetter- und Warnlage f\u00fcr die n\u00e4chsten 24 Stunden: Heute greift im Tagesverlauf der Ausl\u00e4ufer eines zur Norwegischen See ziehenden Tiefs auf die Region \u00fcber. <span class=\"excerpt-dots\">&hellip;<\/span> <a class=\"more-link\" href=\"https:\/\/www.hossi-im-netz.de\/wordpress\/wettervorhersage-brachwitz-wettin-loebejuen-saalekreis-halle-302\/\"><span class=\"more-msg\">Weiterlesen &rarr;<\/span><\/a><\/p>\n","protected":false},"author":1,"featured_media":0,"comment_status":"open","ping_status":"closed","sticky":false,"template":"","format":"standard","meta":{"_exactmetrics_skip_tracking":false,"_exactmetrics_sitenote_active":false,"_exactmetrics_sitenote_note":"","_exactmetrics_sitenote_category":0,"jetpack_post_was_ever_published":false,"_jetpack_newsletter_access":"","_jetpack_dont_email_post_to_subs":false,"_jetpack_newsletter_tier_id":0,"_jetpack_memberships_contains_paywalled_content":false,"_jetpack_memberships_contains_paid_content":false,"footnotes":"","jetpack_publicize_message":"","jetpack_publicize_feature_enabled":true,"jetpack_social_post_already_shared":true,"jetpack_social_options":{"image_generator_settings":{"template":"highway","default_image_id":0,"font":"","enabled":false},"version":2}},"categories":[37],"tags":[39,5,95,38,96],"yst_prominent_words":[],"class_list":["post-4261","post","type-post","status-publish","format-standard","hentry","category-wetterblog","tag-brachwitz","tag-halle","tag-saalekreis","tag-wettervorhersage","tag-wettin-loebejuen"],"jetpack_publicize_connections":[],"jetpack_featured_media_url":"","jetpack_sharing_enabled":true,"jetpack_shortlink":"https:\/\/wp.me\/p5DnIb-16J","jetpack-related-posts":[],"jetpack_likes_enabled":true,"_links":{"self":[{"href":"https:\/\/www.hossi-im-netz.de\/wordpress\/wp-json\/wp\/v2\/posts\/4261","targetHints":{"allow":["GET"]}}],"collection":[{"href":"https:\/\/www.hossi-im-netz.de\/wordpress\/wp-json\/wp\/v2\/posts"}],"about":[{"href":"https:\/\/www.hossi-im-netz.de\/wordpress\/wp-json\/wp\/v2\/types\/post"}],"author":[{"embeddable":true,"href":"https:\/\/www.hossi-im-netz.de\/wordpress\/wp-json\/wp\/v2\/users\/1"}],"replies":[{"embeddable":true,"href":"https:\/\/www.hossi-im-netz.de\/wordpress\/wp-json\/wp\/v2\/comments?post=4261"}],"version-history":[{"count":1,"href":"https:\/\/www.hossi-im-netz.de\/wordpress\/wp-json\/wp\/v2\/posts\/4261\/revisions"}],"predecessor-version":[{"id":4263,"href":"https:\/\/www.hossi-im-netz.de\/wordpress\/wp-json\/wp\/v2\/posts\/4261\/revisions\/4263"}],"wp:attachment":[{"href":"https:\/\/www.hossi-im-netz.de\/wordpress\/wp-json\/wp\/v2\/media?parent=4261"}],"wp:term":[{"taxonomy":"category","embeddable":true,"href":"https:\/\/www.hossi-im-netz.de\/wordpress\/wp-json\/wp\/v2\/categories?post=4261"},{"taxonomy":"post_tag","embeddable":true,"href":"https:\/\/www.hossi-im-netz.de\/wordpress\/wp-json\/wp\/v2\/tags?post=4261"},{"taxonomy":"yst_prominent_words","embeddable":true,"href":"https:\/\/www.hossi-im-netz.de\/wordpress\/wp-json\/wp\/v2\/yst_prominent_words?post=4261"}],"curies":[{"name":"wp","href":"https:\/\/api.w.org\/{rel}","templated":true}]}}