{"id":4284,"date":"2016-07-11T12:43:27","date_gmt":"2016-07-11T10:43:27","guid":{"rendered":"http:\/\/www.hossi-im-netz.de\/wordpress\/?p=4284"},"modified":"2016-07-11T12:43:27","modified_gmt":"2016-07-11T10:43:27","slug":"von-wegen-hundstage-sommer-erst-mal-wieder-auf-talfahrt","status":"publish","type":"post","link":"https:\/\/www.hossi-im-netz.de\/wordpress\/von-wegen-hundstage-sommer-erst-mal-wieder-auf-talfahrt\/","title":{"rendered":"Von wegen Hundstage &#8211; Sommer erst mal wieder auf Talfahrt"},"content":{"rendered":"<h2 style=\"text-align: justify;\">Von wegen Hundstage &#8211; Sommer erst mal wieder auf Talfahrt<\/h2>\n<p style=\"text-align: justify;\">\nDie Wechselhaftigkeit des Sommers 2016, in letzter Zeit mehrfach an dieser Stelle diskutiert, setzt sich auch in dieser Woche eindrucksvoll fort. Von ganz oben geht es jetzt erst mal wieder in den &#8222;Keller&#8220;.<\/p>\n<p style=\"text-align: justify;\">Im gestrigen Thema des Tages vom 10.07.2016 wurde an dieser Stelle \u00fcber die sogenannten Hundstage berichtet, die traditionell die hei\u00dfesten Tage des Jahres sein sollen &#8211; die Betonung liegt auf dem W\u00f6rtchen &#8222;sollen&#8220;. Dass die Natur mitunter ganz andere Pl\u00e4ne verfolgt, wird uns im Laufe der heute beginnenden Woche einmal mehr eindrucksvoll vor Augen gef\u00fchrt. \u00dcber das Wochenende konnten sich die Anh\u00e4nger hochsommerlicher Witterung insbesondere im S\u00fcden ja eigentlich nicht beklagen. Dort zeigte sich vermehrt die Sonne und vor allem am Sonntag ging es auch temperaturm\u00e4\u00dfig in die Vollen mit \u00fcber 30\u00b0C, \u00f6rtlich bis zu 34\u00b0C. Der Norden kam diesbez\u00fcglich nicht ganz so gut weg, wobei der Begriff &#8222;gut&#8220; freilich relativ ist. Manch einer wird sogar froh gewesen sein, dass es nicht ganz so hei\u00df geworden ist und zeitweise auch dichtere Wolken am Himmel entlangzogen. Wie auch immer, eine Konstante des diesj\u00e4hrigen Sommers ist seine Unbest\u00e4ndigkeit, und so wundert es uns gar nicht, dass es nun erst mal wieder in die andere Richtung geht. Bereits am heutigen Montag \u00fcberquert uns eine erste Kaltfront von Nordwest nach S\u00fcdost, die zu dem von Schottland gen Norwegen ziehenden Tief TIBA geh\u00f6rt. Nun stellt diese Kaltfront nicht gerade ein Musterexemplar seiner Zunft dar, so dass ihre Passage in weiten Teilen des Landes eher piano ohne nennenswerten Regen oder sonst irgendwelches Tamtam erfolgt bzw. schon erfolgt ist. Auch die r\u00fcckseitig einflie\u00dfende maritime Luftmasse ist eher moderat und durchaus sommerlich temperiert mit 20 (Nordseeumfeld) bis 27\u00b0C. Im S\u00fcden und S\u00fcdosten allerdings, wo es zuvor noch mal 28 bis 33\u00b0C hei\u00df wird, geht der Luftmassenaustausch nicht so ger\u00e4uschlos \u00fcber die B\u00fchne. Wie so oft, wenn energiereiche Subtropikluft durch weniger hei\u00dfe Atlantikluft ersetzt wird, kommt es in dieser Jahreszeit zu kr\u00e4ftigen Gewitter mit Unwettergefahr. Die gr\u00f6\u00dfte Wahrscheinlichkeit f\u00fcr Unwetter gibt es s\u00fcdlich einer Linie Schwarzwald &#8211; Oberpf\u00e4lzer Wald sowie zwischen dem s\u00fcdlichen Brandenburg und dem Erzgebirge. Dort entwickeln sich in der zweiten Tagesh\u00e4lfte einzelne Gewitter, die mit Starkregen, gr\u00f6\u00dferem Hagel und (schweren) Sturmb\u00f6en einhergehen k\u00f6nnen.<\/p>\n<p style=\"text-align: justify;\">Wenn die Gewitter \u00fcberstanden sind, was im Laufe der Nacht zum Dienstag der Fall sein wird, geht es f\u00fcr Teile S\u00fcddeutschlands nahtlos weiter in die n\u00e4chste Unwetterlage. Besagte Kaltfront, von anf\u00e4nglicher Lustlosigkeit mittlerweile auf Aktivmodus geschaltet, \u00fcberquert n\u00e4mlich nicht die Alpen sondern wird im S\u00fcden nahezu station\u00e4r. Gemeinsam mit den Resten der dort lagernden feuchten Warmluft kommt es ab der Nacht zum Dienstag bis in den Mittwoch hinein zu l\u00e4nger andauernden und schauerartig verst\u00e4rkten Regenf\u00e4llen, in die auch noch das eine oder andere Gewitter eingelagert sein kann. Am ergiebigsten wird der Regen voraussichtlich in einem von Hochrhein und Bodensee bis zum Bayerischen Wald reichenden Korridor ausfallen, der bis hinunter zu den Alpen reicht. Dort sind innerhalb von 24 bis 36 Stunden 40 bis 80 Liter Regen pro Quadratmeter (l\/qm), vereinzelt vielleicht sogar 100 l\/qm m\u00f6glich. Es wurden bereits Vorabinformationen vor ergiebigem Regen herausgegeben, die entsprechenden Akutwarnungen folgen im Tagesverlauf (siehe auch www.dwd.de).<\/p>\n<p style=\"text-align: justify;\">Und was passiert im gro\u00dfen Rest des Landes? Zwischen einer sich \u00fcber Skandinavien einnistenden Tiefdruckzone (anfangs gepr\u00e4gt durch TIBA, bevor sp\u00e4ter noch ein paar andere, derzeit noch namenlose Spie\u00dfgesellen dazukommen) und einem sich \u00fcber Westeuropa etablierenden Hoch (z.Zt. ebenfalls noch namenlos) werden sukzessive maritime Luftmassen aus polaren Breiten nach Deutschland gesteuert. Folgerichtig gehen die Temperaturen Tag f\u00fcr Tag nach unten. Sind es am Dienstag noch 20 bis 27\u00b0C (bei Dauerregen im S\u00fcden k\u00fchler), werden am Mittwoch nur noch 16 bis 24\u00b0 und am Donnerstag gar nur noch 16 bis 21\u00b0C erreicht, bevor es am Freitag wieder einen leichten Trend nach oben gibt. Die beigef\u00fcgte Grafik zeigt den Temperaturverlauf am Beispiel von M\u00fcnchen.<\/p>\n<p style=\"text-align: justify;\">Damit der klassische mitteleurop\u00e4ische Sommer in dieser Woche so richtig bedient wird, kommen zu der Abk\u00fchlung reichlich Wolken, h\u00e4ufige Schauer und auch immer mal wieder kurze Gewitter sowie ein mitunter b\u00f6iger West-Nordwestwind dazu. Die Sonnenbrandgefahr h\u00e4lt sich bei solchen Rahmenbedingungen naturgem\u00e4\u00df in Grenzen. Das k\u00f6nnte sich am n\u00e4chsten Wochenende aber schon wieder \u00e4ndern, wenn hoher Luftdruck und deutlich w\u00e4rmere Luft bei uns Einzug halten &#8211; wahrscheinlich aber nur f\u00fcr zwei, drei Tage&#8230;<\/p>\n<p style=\"text-align: justify;\">Dipl.-Met. Jens Hoffmann<\/p>\n<p style=\"text-align: justify;\">Deutscher Wetterdienst Vorhersage- und Beratungszentrale Offenbach, den 11.07.2016<\/p>\n<p style=\"text-align: justify;\">Copyright (c) Deutscher Wetterdienst<\/p>\n<p style=\"text-align: justify;\">\n<p style=\"text-align: justify;\"><a href=\"https:\/\/www.hossi-im-netz.de\/wordpress\/wp-content\/uploads\/2016\/07\/image-8.jpeg\"><img loading=\"lazy\" decoding=\"async\" data-attachment-id=\"4285\" data-permalink=\"https:\/\/www.hossi-im-netz.de\/wordpress\/von-wegen-hundstage-sommer-erst-mal-wieder-auf-talfahrt\/image-619\/\" data-orig-file=\"https:\/\/www.hossi-im-netz.de\/wordpress\/wp-content\/uploads\/2016\/07\/image-8.jpeg\" data-orig-size=\"1079,713\" data-comments-opened=\"1\" data-image-meta=\"{&quot;aperture&quot;:&quot;0&quot;,&quot;credit&quot;:&quot;&quot;,&quot;camera&quot;:&quot;&quot;,&quot;caption&quot;:&quot;&quot;,&quot;created_timestamp&quot;:&quot;0&quot;,&quot;copyright&quot;:&quot;&quot;,&quot;focal_length&quot;:&quot;0&quot;,&quot;iso&quot;:&quot;0&quot;,&quot;shutter_speed&quot;:&quot;0&quot;,&quot;title&quot;:&quot;&quot;,&quot;orientation&quot;:&quot;0&quot;}\" data-image-title=\"Von wegen Hundstage &amp;#8211; Sommer erst mal wieder auf Talfahrt\" data-image-description=\"\" data-image-caption=\"\" data-medium-file=\"https:\/\/www.hossi-im-netz.de\/wordpress\/wp-content\/uploads\/2016\/07\/image-8-300x198.jpeg\" data-large-file=\"https:\/\/www.hossi-im-netz.de\/wordpress\/wp-content\/uploads\/2016\/07\/image-8-1024x677.jpeg\" class=\"alignnone size-full wp-image-4285\" src=\"https:\/\/www.hossi-im-netz.de\/wordpress\/wp-content\/uploads\/2016\/07\/image-8.jpeg\" alt=\"Von wegen Hundstage - Sommer erst mal wieder auf Talfahrt\" width=\"1079\" height=\"713\" srcset=\"https:\/\/www.hossi-im-netz.de\/wordpress\/wp-content\/uploads\/2016\/07\/image-8.jpeg 1079w, https:\/\/www.hossi-im-netz.de\/wordpress\/wp-content\/uploads\/2016\/07\/image-8-300x198.jpeg 300w, https:\/\/www.hossi-im-netz.de\/wordpress\/wp-content\/uploads\/2016\/07\/image-8-768x507.jpeg 768w, https:\/\/www.hossi-im-netz.de\/wordpress\/wp-content\/uploads\/2016\/07\/image-8-1024x677.jpeg 1024w\" sizes=\"auto, (max-width: 1079px) 100vw, 1079px\" \/><\/a><\/p>\n","protected":false},"excerpt":{"rendered":"<p>Von wegen Hundstage &#8211; Sommer erst mal wieder auf Talfahrt Die Wechselhaftigkeit des Sommers 2016, in letzter Zeit mehrfach an dieser Stelle diskutiert, setzt sich auch in dieser Woche eindrucksvoll fort. Von ganz oben geht es jetzt erst mal wieder <span class=\"excerpt-dots\">&hellip;<\/span> <a class=\"more-link\" href=\"https:\/\/www.hossi-im-netz.de\/wordpress\/von-wegen-hundstage-sommer-erst-mal-wieder-auf-talfahrt\/\"><span class=\"more-msg\">Weiterlesen &rarr;<\/span><\/a><\/p>\n","protected":false},"author":1,"featured_media":4285,"comment_status":"open","ping_status":"closed","sticky":false,"template":"","format":"standard","meta":{"_exactmetrics_skip_tracking":false,"_exactmetrics_sitenote_active":false,"_exactmetrics_sitenote_note":"","_exactmetrics_sitenote_category":0,"jetpack_post_was_ever_published":false,"_jetpack_newsletter_access":"","_jetpack_dont_email_post_to_subs":false,"_jetpack_newsletter_tier_id":0,"_jetpack_memberships_contains_paywalled_content":false,"_jetpack_memberships_contains_paid_content":false,"footnotes":"","jetpack_publicize_message":"","jetpack_publicize_feature_enabled":true,"jetpack_social_post_already_shared":true,"jetpack_social_options":{"image_generator_settings":{"template":"highway","default_image_id":0,"font":"","enabled":false},"version":2}},"categories":[37],"tags":[41,220,55,736],"yst_prominent_words":[],"class_list":["post-4284","post","type-post","status-publish","format-standard","has-post-thumbnail","hentry","category-wetterblog","tag-gewitter","tag-hundstage","tag-sommer","tag-sommer-2016"],"jetpack_publicize_connections":[],"jetpack_featured_media_url":"https:\/\/www.hossi-im-netz.de\/wordpress\/wp-content\/uploads\/2016\/07\/image-8.jpeg","jetpack_sharing_enabled":true,"jetpack_shortlink":"https:\/\/wp.me\/p5DnIb-176","jetpack-related-posts":[],"jetpack_likes_enabled":true,"_links":{"self":[{"href":"https:\/\/www.hossi-im-netz.de\/wordpress\/wp-json\/wp\/v2\/posts\/4284","targetHints":{"allow":["GET"]}}],"collection":[{"href":"https:\/\/www.hossi-im-netz.de\/wordpress\/wp-json\/wp\/v2\/posts"}],"about":[{"href":"https:\/\/www.hossi-im-netz.de\/wordpress\/wp-json\/wp\/v2\/types\/post"}],"author":[{"embeddable":true,"href":"https:\/\/www.hossi-im-netz.de\/wordpress\/wp-json\/wp\/v2\/users\/1"}],"replies":[{"embeddable":true,"href":"https:\/\/www.hossi-im-netz.de\/wordpress\/wp-json\/wp\/v2\/comments?post=4284"}],"version-history":[{"count":1,"href":"https:\/\/www.hossi-im-netz.de\/wordpress\/wp-json\/wp\/v2\/posts\/4284\/revisions"}],"predecessor-version":[{"id":4286,"href":"https:\/\/www.hossi-im-netz.de\/wordpress\/wp-json\/wp\/v2\/posts\/4284\/revisions\/4286"}],"wp:featuredmedia":[{"embeddable":true,"href":"https:\/\/www.hossi-im-netz.de\/wordpress\/wp-json\/wp\/v2\/media\/4285"}],"wp:attachment":[{"href":"https:\/\/www.hossi-im-netz.de\/wordpress\/wp-json\/wp\/v2\/media?parent=4284"}],"wp:term":[{"taxonomy":"category","embeddable":true,"href":"https:\/\/www.hossi-im-netz.de\/wordpress\/wp-json\/wp\/v2\/categories?post=4284"},{"taxonomy":"post_tag","embeddable":true,"href":"https:\/\/www.hossi-im-netz.de\/wordpress\/wp-json\/wp\/v2\/tags?post=4284"},{"taxonomy":"yst_prominent_words","embeddable":true,"href":"https:\/\/www.hossi-im-netz.de\/wordpress\/wp-json\/wp\/v2\/yst_prominent_words?post=4284"}],"curies":[{"name":"wp","href":"https:\/\/api.w.org\/{rel}","templated":true}]}}