{"id":4336,"date":"2016-07-18T12:56:53","date_gmt":"2016-07-18T10:56:53","guid":{"rendered":"http:\/\/www.hossi-im-netz.de\/wordpress\/?p=4336"},"modified":"2016-07-18T12:56:53","modified_gmt":"2016-07-18T10:56:53","slug":"die-hitze-kommt-der-koerper-leidet-2","status":"publish","type":"post","link":"https:\/\/www.hossi-im-netz.de\/wordpress\/die-hitze-kommt-der-koerper-leidet-2\/","title":{"rendered":"Die Hitze kommt, der K\u00f6rper leidet!"},"content":{"rendered":"<h2 style=\"text-align: justify;\">Die Hitze kommt, der K\u00f6rper leidet!<\/h2>\n<p style=\"text-align: justify;\">\nWas verbindet die Meteorologie mit der Biologie? Die Biometeorologie! Diese besch\u00e4ftigt sich mit den Wechselwirkungen von Atmosph\u00e4re und Biosph\u00e4re. Gerade bei gro\u00dfer Hitze werden die Zusammenh\u00e4nge besonders deutlich!<\/p>\n<p style=\"text-align: justify;\">Mit den Wechselwirkungen zwischen den atmosph\u00e4rischen Prozessen und den lebenden Organismen (Pflanzen, Tiere und Menschen) befasst sich die Biometeorologie als interdisziplin\u00e4re Wissenschaft. Die zentrale Frage dieses Wissensbereiches ist: Wie beeinflussen Wetter und Klima lebende Organismen?<\/p>\n<p style=\"text-align: justify;\">Dabei werden mit dem &#8222;aktinischen Wirkungskomplex&#8220;, dem &#8222;thermischen Wirkungskomplex&#8220; und dem &#8222;lufthygienischen Wirkungskomplex&#8220; allgemein drei verschiedene Wirkungsbereiche unterschieden.<\/p>\n<p style=\"text-align: justify;\">Der aktinische Wirkungskomplex behandelt die Komponenten der biologisch wirksamen Sonnenstrahlung; sie reichen vom infraroten \u00fcber den sichtbaren bis zum UV-Bereich. Sowohl gesundheitsf\u00f6rdernde als auch -sch\u00e4digende Einfl\u00fcsse sind bekannt: Beim Menschen f\u00f6rdert beispielsweise Infrarotstrahlung die Durchblutung. Sichtbares Licht beeinflusst Hormonhaushalt und Psyche. Das gr\u00f6\u00dfte Wirkungsspektrum besitzt jedoch die UV-Strahlung: Hautbr\u00e4unung, Vitamin-D3-Synthese, aber auch Sch\u00e4digung von Hautzellen und Sonnenbrand sind nur einige, vielleicht die bekanntesten positiven wie negativen Auswirkungen der UV-Strahlung.<\/p>\n<p style=\"text-align: justify;\">Im lufthygienischen Wirkungskomplex werden die nat\u00fcrlichen und die durch den Menschen verursachten Luftbeimengungen zusammengefasst. Zu diesen z\u00e4hlen Grob- und Feinstaub, Pollen sowie auch gasf\u00f6rmige und fl\u00fcssige Stoffe.<\/p>\n<p style=\"text-align: justify;\">Von besonderem Interesse ist &#8211; wie z.B. bei der bevorstehenden Hitzewelle &#8211; der thermische Wirkungskomplex. Zu diesem Wirkungsbereich geh\u00f6ren alle Gr\u00f6\u00dfen, die f\u00fcr den Austausch von W\u00e4rme zwischen dem lebenden Organismus und der ihn umgebenden Atmosph\u00e4re von Bedeutung sind. Die wichtigsten meteorologischen Gr\u00f6\u00dfen sind dabei Lufttemperatur, Luftfeuchte, Windgeschwindigkeit und Strahlung. F\u00fcr eine zahlenm\u00e4\u00dfige Erfassung und Einordnung des Wohlbefindens, der Gesundheit und der Leistungsf\u00e4higkeit des Menschen ist es notwendig, die thermischen Umweltbedingungen des Menschen in einer physiologisch korrekten sowie wirkungsvollen und praktischen Weise aufzubereiten, darzustellen und weiterzugeben.<\/p>\n<p style=\"text-align: justify;\">Damit die inneren Organe und das Gehirn eines Menschen optimal funktionieren k\u00f6nnen, muss die K\u00f6rpertemperatur auf einem konstanten Niveau (~37\u00b0C) gehalten werden. Daf\u00fcr sollten die W\u00e4rmeproduktion im Organismus und die W\u00e4rmeabgabe an die Umgebung \u00fcber einen l\u00e4ngeren Zeitraum im Gleichgewicht stehen. Vom W\u00e4rmegleichgewicht abweichende Bedingungen werden dem Menschen &#8211; \u00fcber das Gehirn gesteuert &#8211; durch Frieren oder Schwitzen bewusst und f\u00fchren so zu einer Anpassung des Verhaltens, z.B. durch Ablegen von Kleidung, Verminderung der Aktivit\u00e4t oder Aufsuchen von gesch\u00fctzten bzw. klimatisierten R\u00e4umen.<\/p>\n<p style=\"text-align: justify;\">Die Temperatur der Haut und der Extremit\u00e4ten k\u00f6nnen dabei jedoch abh\u00e4ngig von den Umgebungsbedingungen stark schwanken. \u00dcbersch\u00fcssige W\u00e4rme gibt der K\u00f6rper \u00fcber die Haut an die Umgebung ab. M\u00f6gliche Prozesse sind beispielsweise die Konvektion (sensibler W\u00e4rmefluss), Strahlung (langwellige Strahlung) sowie die Verdunstung z.B. von Schwei\u00df und Diffusion von Wasserdampf (latenter W\u00e4rmefluss). Gleicherma\u00dfen kann der W\u00e4rmehaushalt in einem bestimmten Ma\u00dfe auch \u00fcber die Atmung (latenter und sensibler W\u00e4rmefluss) reguliert werden. Aufgrund des unterschiedlichen Stoffwechsels bei Menschen kann das thermische Empfinden in Abh\u00e4ngigkeit beispielsweise von Alter und Geschlecht variieren und ist somit lediglich eine subjektive Bewertung der Auswirkung der Umgebungsbedingungen auf den Zustand des K\u00f6rpers.<\/p>\n<p style=\"text-align: justify;\">Um das thermische Empfinden auf Basis der vorgefundenen Umgebungsbedingungen zu analysieren und vorherzusagen, wird auf verschiedene Konzepte zur\u00fcckgegriffen. Ein weitverbreitetes Konzept basiert dabei auf der Betrachtung einer &#8222;\u00e4quivalenten Temperatur&#8220;. Sie beschreibt in diesem Fall die Lufttemperatur, die in einer Referenzumgebung herrschen m\u00fcsste, um das gleiche thermische Befinden wie in der aktuellen Umgebung (optimalen Zustand des W\u00e4rmehaushaltes des K\u00f6rpers) hervorzurufen. Der Vergleich der \u00e4quivalenten Temperatur zur Lufttemperatur erschlie\u00dft sich h\u00e4ufig selbst\u00e4ndig, besonders in Hinsicht auf extreme Bedingungen (Hitze, K\u00e4lte).<\/p>\n<p style=\"text-align: justify;\">Der Deutsche Wetterdienst betreibt darauf aufbauend als thermisches Bewertungsverfahren das sogenannte &#8222;Klima-Michel-Modell&#8220;. Dabei greift er auf die &#8222;gef\u00fchlte Temperatur&#8220; als eine Variante der \u00e4quivalenten Temperatur zur\u00fcck, die die Anpassung der Bekleidung an die aktuellen thermischen Bedingungen ber\u00fccksichtigt. Allerdings gelten die Bewertungen jeweils nur f\u00fcr einen aufrecht stehenden Menschen. Der Klima-Michel beschreibt bei der Bewertung einen Norm-Menschen. Dieser erbringt eine Arbeitsleistung von 172,5 Watt bzw. 135 Watt pro Quadratmeter Hautoberfl\u00e4che. Dies entspricht dem Zustand &#8222;Gehen&#8220; mit etwa 4 km\/h in der Ebene. Gleicherma\u00dfen ist die Bewertung an den Au\u00dfenbedingungen ausgerichtet, sodass der &#8222;Michel&#8220;, um sein thermisches Gleichgewicht herzustellen, seine Kleidung zwischen einer sommerlichen und winterlichen Variante variieren kann. Die sommerliche Kleidung entspricht beispielsweise einer leichten langen Hose, einem kurz\u00e4rmeligen Hemd und Sandalen.<\/p>\n<p style=\"text-align: justify;\">Aufgrund der derzeitigen Luftdruckverteilung \u00fcber Europa steht, wie im gestrigen &#8222;Thema des Tages&#8220; beschrieben, zumindest vor\u00fcbergehend eine Hitzewelle vor der T\u00fcr. Zun\u00e4chst gelangt das Land in den Einflussbereich von Hoch &#8222;Burkhard&#8220;. Dieser l\u00e4sst bei absinkenden Luftbewegungen und somit zunehmender Wolkenaufl\u00f6sung nahezu landesweit l\u00e4nger die Sonne scheinen. Da die Luft anfangs jedoch meist noch aus n\u00f6rdlichen Regionen nach Deutschland str\u00f6mt, sind am Montag lediglich im S\u00fcdwesten mit Sonnenunterst\u00fctzung schon H\u00f6chsttemperaturen von \u00fcber 30 Grad m\u00f6glich. Im Nordosten erreichen die Temperaturen dagegen bei teils auch noch st\u00e4rkerer Bew\u00f6lkung nur deutliche k\u00fchlere 18 bis 24 Grad.<\/p>\n<p style=\"text-align: justify;\">Mit der Verlagerung von Hoch &#8222;Burkhard&#8220; nach Osten dreht die Str\u00f6mung jedoch zunehmend auf eine s\u00fcdliche Komponente. Damit verbunden wird hei\u00dfe subtropische Luft aus S\u00fcdwesteuropa angezapft und nach Deutschland gef\u00fchrt. Als Folge ist am Dienstag nahezu in der gesamten S\u00fcdwesth\u00e4lfte mit H\u00f6chstwerten zwischen 29 und 34 Grad zu rechnen. Aber auch in der Nordosth\u00e4lfte steigen die Temperaturen meist auf sommerliche Werte \u00fcber 25 Grad an. Ausnahmen bilden Schleswig-Holstein, Mecklenburg-Vorpommern und der nord\u00f6stliche Teil Brandenburgs, wo bei zun\u00e4chst weiterhin st\u00e4rkerer Bew\u00f6lkung lediglich um 23 Grad erwartet werden.<\/p>\n<p style=\"text-align: justify;\">Der Mittwoch wird dann wohl der hei\u00dfeste Tag der Woche. Deutschlandweit sollen die Temperaturen auf hochsommerliches Niveau zwischen 26 und 34 Grad ansteigen. In der Spitze k\u00f6nnten im Rhein-Main- bzw. Rhein-Neckar-Gebiet sowie am Oberrhein lokal sogar Werte bis 37 Grad gemessen werden.<\/p>\n<p style=\"text-align: justify;\">Bei meist schwachem Wind steigt auch wieder die gef\u00fchlte Temperatur deutlich an. Am heutigen Montag wird vor allem vom Mittelrhein \u00fcber das Rhein-Main-Gebiet und den Rhein-Neckar-Raum hinweg bis zum Ober- und Hochrhein bei gef\u00fchlten Temperaturen zwischen 31 und 36 Grad und somit einem hei\u00dfen thermischen Empfinden am Nachmittag mit einer erh\u00f6hten W\u00e4rmebelastung gerechnet. Auch in Teilen von Rheinland-Pfalz und dem Saarland sowie Unterfrankens k\u00f6nnen lokal die gef\u00fchlten Werte die 32-Grad-Marke \u00fcberschreiten. Am Dienstag liegen die gef\u00fchlten Temperaturen dann wohl in der gesamten S\u00fcdwesth\u00e4lfte \u00fcber 28 Grad. In der Spitze sind an Ober- und Hochrhein gef\u00fchlt sogar bis 38 Grad m\u00f6glich. Am Mittwoch wird die Luft zunehmend feuchter. Nachfolgend ist bei gef\u00fchlten Werten zwischen 28 und 38 Grad und somit einem warmen bis hei\u00dfen thermischen Empfinden nahezu deutschlandweit mit einer teils hohen W\u00e4rmebelastung zu rechnen. Entlang von Rhein, Mosel, Neckar und Main sind gef\u00fchlte Temperaturen bis 40 Grad m\u00f6glich, sodass dort lokal ein sehr hei\u00dfes thermisches Empfinden vorliegt.<\/p>\n<p style=\"text-align: justify;\">Weiterf\u00fchrende Informationen zu der Hitze und der W\u00e4rmebelastung finden sie auch unter www.wettergefahren.de oder http:\/\/bit.ly\/29O1KqS sowie in der WarnWetterApp des DWD.<\/p>\n<p style=\"text-align: justify;\">Dipl.-Met. Lars Kirchh\u00fcbel<\/p>\n<p style=\"text-align: justify;\">Deutscher Wetterdienst Vorhersage- und Beratungszentrale Offenbach, den 18.07.2016<\/p>\n<p style=\"text-align: justify;\">Copyright (c) Deutscher Wetterdienst<\/p>\n<p style=\"text-align: justify;\">\n<p style=\"text-align: justify;\"><a href=\"https:\/\/www.hossi-im-netz.de\/wordpress\/wp-content\/uploads\/2016\/07\/image-13.jpeg\"><img loading=\"lazy\" decoding=\"async\" data-attachment-id=\"4337\" data-permalink=\"https:\/\/www.hossi-im-netz.de\/wordpress\/die-hitze-kommt-der-koerper-leidet-2\/image-633\/\" data-orig-file=\"https:\/\/www.hossi-im-netz.de\/wordpress\/wp-content\/uploads\/2016\/07\/image-13.jpeg\" data-orig-size=\"768,872\" data-comments-opened=\"1\" data-image-meta=\"{&quot;aperture&quot;:&quot;0&quot;,&quot;credit&quot;:&quot;&quot;,&quot;camera&quot;:&quot;&quot;,&quot;caption&quot;:&quot;&quot;,&quot;created_timestamp&quot;:&quot;0&quot;,&quot;copyright&quot;:&quot;&quot;,&quot;focal_length&quot;:&quot;0&quot;,&quot;iso&quot;:&quot;0&quot;,&quot;shutter_speed&quot;:&quot;0&quot;,&quot;title&quot;:&quot;&quot;,&quot;orientation&quot;:&quot;1&quot;}\" data-image-title=\"Die Hitze kommt, der K\u00f6rper leidet!\" data-image-description=\"\" data-image-caption=\"\" data-medium-file=\"https:\/\/www.hossi-im-netz.de\/wordpress\/wp-content\/uploads\/2016\/07\/image-13-264x300.jpeg\" data-large-file=\"https:\/\/www.hossi-im-netz.de\/wordpress\/wp-content\/uploads\/2016\/07\/image-13.jpeg\" class=\"alignnone size-full wp-image-4337\" src=\"https:\/\/www.hossi-im-netz.de\/wordpress\/wp-content\/uploads\/2016\/07\/image-13.jpeg\" alt=\"Die Hitze kommt, der K\u00f6rper leidet!\" width=\"768\" height=\"872\" srcset=\"https:\/\/www.hossi-im-netz.de\/wordpress\/wp-content\/uploads\/2016\/07\/image-13.jpeg 768w, https:\/\/www.hossi-im-netz.de\/wordpress\/wp-content\/uploads\/2016\/07\/image-13-264x300.jpeg 264w\" sizes=\"auto, (max-width: 768px) 100vw, 768px\" \/><\/a> <a href=\"https:\/\/www.hossi-im-netz.de\/wordpress\/wp-content\/uploads\/2016\/07\/image-14.jpeg\"><img loading=\"lazy\" decoding=\"async\" data-attachment-id=\"4338\" data-permalink=\"https:\/\/www.hossi-im-netz.de\/wordpress\/die-hitze-kommt-der-koerper-leidet-2\/image-634\/\" data-orig-file=\"https:\/\/www.hossi-im-netz.de\/wordpress\/wp-content\/uploads\/2016\/07\/image-14.jpeg\" data-orig-size=\"768,874\" data-comments-opened=\"1\" data-image-meta=\"{&quot;aperture&quot;:&quot;0&quot;,&quot;credit&quot;:&quot;&quot;,&quot;camera&quot;:&quot;&quot;,&quot;caption&quot;:&quot;&quot;,&quot;created_timestamp&quot;:&quot;0&quot;,&quot;copyright&quot;:&quot;&quot;,&quot;focal_length&quot;:&quot;0&quot;,&quot;iso&quot;:&quot;0&quot;,&quot;shutter_speed&quot;:&quot;0&quot;,&quot;title&quot;:&quot;&quot;,&quot;orientation&quot;:&quot;1&quot;}\" data-image-title=\"image\" data-image-description=\"\" data-image-caption=\"\" data-medium-file=\"https:\/\/www.hossi-im-netz.de\/wordpress\/wp-content\/uploads\/2016\/07\/image-14-264x300.jpeg\" data-large-file=\"https:\/\/www.hossi-im-netz.de\/wordpress\/wp-content\/uploads\/2016\/07\/image-14.jpeg\" class=\"alignnone size-full wp-image-4338\" src=\"https:\/\/www.hossi-im-netz.de\/wordpress\/wp-content\/uploads\/2016\/07\/image-14.jpeg\" alt=\"image\" width=\"768\" height=\"874\" srcset=\"https:\/\/www.hossi-im-netz.de\/wordpress\/wp-content\/uploads\/2016\/07\/image-14.jpeg 768w, https:\/\/www.hossi-im-netz.de\/wordpress\/wp-content\/uploads\/2016\/07\/image-14-264x300.jpeg 264w\" sizes=\"auto, (max-width: 768px) 100vw, 768px\" \/><\/a> <a href=\"https:\/\/www.hossi-im-netz.de\/wordpress\/wp-content\/uploads\/2016\/07\/image-15.jpeg\"><img loading=\"lazy\" decoding=\"async\" data-attachment-id=\"4339\" data-permalink=\"https:\/\/www.hossi-im-netz.de\/wordpress\/die-hitze-kommt-der-koerper-leidet-2\/image-635\/\" data-orig-file=\"https:\/\/www.hossi-im-netz.de\/wordpress\/wp-content\/uploads\/2016\/07\/image-15.jpeg\" data-orig-size=\"768,872\" data-comments-opened=\"1\" data-image-meta=\"{&quot;aperture&quot;:&quot;0&quot;,&quot;credit&quot;:&quot;&quot;,&quot;camera&quot;:&quot;&quot;,&quot;caption&quot;:&quot;&quot;,&quot;created_timestamp&quot;:&quot;0&quot;,&quot;copyright&quot;:&quot;&quot;,&quot;focal_length&quot;:&quot;0&quot;,&quot;iso&quot;:&quot;0&quot;,&quot;shutter_speed&quot;:&quot;0&quot;,&quot;title&quot;:&quot;&quot;,&quot;orientation&quot;:&quot;1&quot;}\" data-image-title=\"image\" data-image-description=\"\" data-image-caption=\"\" data-medium-file=\"https:\/\/www.hossi-im-netz.de\/wordpress\/wp-content\/uploads\/2016\/07\/image-15-264x300.jpeg\" data-large-file=\"https:\/\/www.hossi-im-netz.de\/wordpress\/wp-content\/uploads\/2016\/07\/image-15.jpeg\" class=\"alignnone size-full wp-image-4339\" src=\"https:\/\/www.hossi-im-netz.de\/wordpress\/wp-content\/uploads\/2016\/07\/image-15.jpeg\" alt=\"image\" width=\"768\" height=\"872\" srcset=\"https:\/\/www.hossi-im-netz.de\/wordpress\/wp-content\/uploads\/2016\/07\/image-15.jpeg 768w, https:\/\/www.hossi-im-netz.de\/wordpress\/wp-content\/uploads\/2016\/07\/image-15-264x300.jpeg 264w\" sizes=\"auto, (max-width: 768px) 100vw, 768px\" \/><\/a><\/p>\n","protected":false},"excerpt":{"rendered":"<p>Die Hitze kommt, der K\u00f6rper leidet! Was verbindet die Meteorologie mit der Biologie? Die Biometeorologie! Diese besch\u00e4ftigt sich mit den Wechselwirkungen von Atmosph\u00e4re und Biosph\u00e4re. Gerade bei gro\u00dfer Hitze werden die Zusammenh\u00e4nge besonders deutlich! Mit den Wechselwirkungen zwischen den atmosph\u00e4rischen <span class=\"excerpt-dots\">&hellip;<\/span> <a class=\"more-link\" href=\"https:\/\/www.hossi-im-netz.de\/wordpress\/die-hitze-kommt-der-koerper-leidet-2\/\"><span class=\"more-msg\">Weiterlesen &rarr;<\/span><\/a><\/p>\n","protected":false},"author":1,"featured_media":4339,"comment_status":"open","ping_status":"closed","sticky":false,"template":"","format":"standard","meta":{"_exactmetrics_skip_tracking":false,"_exactmetrics_sitenote_active":false,"_exactmetrics_sitenote_note":"","_exactmetrics_sitenote_category":0,"jetpack_post_was_ever_published":false,"_jetpack_newsletter_access":"","_jetpack_dont_email_post_to_subs":false,"_jetpack_newsletter_tier_id":0,"_jetpack_memberships_contains_paywalled_content":false,"_jetpack_memberships_contains_paid_content":false,"footnotes":"","jetpack_publicize_message":"","jetpack_publicize_feature_enabled":true,"jetpack_social_post_already_shared":true,"jetpack_social_options":{"image_generator_settings":{"template":"highway","default_image_id":0,"font":"","enabled":false},"version":2}},"categories":[37],"tags":[694,39,75,167,773,55,736],"yst_prominent_words":[],"class_list":["post-4336","post","type-post","status-publish","format-standard","has-post-thumbnail","hentry","category-wetterblog","tag-belastung","tag-brachwitz","tag-hitze","tag-hitzewelle","tag-koerperliche-belastung","tag-sommer","tag-sommer-2016"],"jetpack_publicize_connections":[],"jetpack_featured_media_url":"https:\/\/www.hossi-im-netz.de\/wordpress\/wp-content\/uploads\/2016\/07\/image-15.jpeg","jetpack_sharing_enabled":true,"jetpack_shortlink":"https:\/\/wp.me\/p5DnIb-17W","jetpack-related-posts":[],"jetpack_likes_enabled":true,"_links":{"self":[{"href":"https:\/\/www.hossi-im-netz.de\/wordpress\/wp-json\/wp\/v2\/posts\/4336","targetHints":{"allow":["GET"]}}],"collection":[{"href":"https:\/\/www.hossi-im-netz.de\/wordpress\/wp-json\/wp\/v2\/posts"}],"about":[{"href":"https:\/\/www.hossi-im-netz.de\/wordpress\/wp-json\/wp\/v2\/types\/post"}],"author":[{"embeddable":true,"href":"https:\/\/www.hossi-im-netz.de\/wordpress\/wp-json\/wp\/v2\/users\/1"}],"replies":[{"embeddable":true,"href":"https:\/\/www.hossi-im-netz.de\/wordpress\/wp-json\/wp\/v2\/comments?post=4336"}],"version-history":[{"count":1,"href":"https:\/\/www.hossi-im-netz.de\/wordpress\/wp-json\/wp\/v2\/posts\/4336\/revisions"}],"predecessor-version":[{"id":4340,"href":"https:\/\/www.hossi-im-netz.de\/wordpress\/wp-json\/wp\/v2\/posts\/4336\/revisions\/4340"}],"wp:featuredmedia":[{"embeddable":true,"href":"https:\/\/www.hossi-im-netz.de\/wordpress\/wp-json\/wp\/v2\/media\/4339"}],"wp:attachment":[{"href":"https:\/\/www.hossi-im-netz.de\/wordpress\/wp-json\/wp\/v2\/media?parent=4336"}],"wp:term":[{"taxonomy":"category","embeddable":true,"href":"https:\/\/www.hossi-im-netz.de\/wordpress\/wp-json\/wp\/v2\/categories?post=4336"},{"taxonomy":"post_tag","embeddable":true,"href":"https:\/\/www.hossi-im-netz.de\/wordpress\/wp-json\/wp\/v2\/tags?post=4336"},{"taxonomy":"yst_prominent_words","embeddable":true,"href":"https:\/\/www.hossi-im-netz.de\/wordpress\/wp-json\/wp\/v2\/yst_prominent_words?post=4336"}],"curies":[{"name":"wp","href":"https:\/\/api.w.org\/{rel}","templated":true}]}}