{"id":4344,"date":"2016-07-19T12:58:52","date_gmt":"2016-07-19T10:58:52","guid":{"rendered":"http:\/\/www.hossi-im-netz.de\/wordpress\/?p=4344"},"modified":"2016-07-19T12:58:52","modified_gmt":"2016-07-19T10:58:52","slug":"grosswetterlage-hoch-mitteleuropa","status":"publish","type":"post","link":"https:\/\/www.hossi-im-netz.de\/wordpress\/grosswetterlage-hoch-mitteleuropa\/","title":{"rendered":"Gro\u00dfwetterlage &#8222;Hoch Mitteleuropa&#8220;"},"content":{"rendered":"<h2 style=\"text-align: justify;\">Gro\u00dfwetterlage &#8222;Hoch Mitteleuropa&#8220;<\/h2>\n<p style=\"text-align: justify;\">\nDerzeit dominiert noch ein Hochdruckgebiet namens BURKHARD unser Wetter. Verbreitet scheint die Sonne, so dass sich die zuvor nach Mitteleuropa eingeflossene, m\u00e4\u00dfig warme Atlantikluft vielerorts auf Temperaturen von deutlich \u00fcber 30 \u00b0C erw\u00e4rmen kann. Dabei besteht vor allem im S\u00fcdwesten Deutschlands eine starke bis extreme W\u00e4rmebelastung.<\/p>\n<p style=\"text-align: justify;\">Der Jahresverlauf der Witterung in Mitteleuropa besteht aus einer Folge typischer Wettersituationen, den &#8222;Gro\u00dfwetterlagen&#8220;. Diese ergeben sich aus weitr\u00e4umigen Luftdruckverteilungen und den daraus resultierenden Str\u00f6mungsmustern in Bodenn\u00e4he, sowie auch in den dar\u00fcber liegenden Luftschichten.<\/p>\n<p style=\"text-align: justify;\">Das Wetter selbst wird au\u00dferdem durch die Eigenschaften der in die Zirkulation einbezogenen Luftmassen dominiert. Es kann w\u00e4hrend der Andauer einer Gro\u00dfwetterlage an einzelnen Orten innerhalb des betrachteten Gebietes durchaus wechseln, der allgemeine Witterungscharakter bleibt jedoch erhalten.<\/p>\n<p style=\"text-align: justify;\">Die meteorologische Teildisziplin, die sich u. a. mit den Gro\u00dfwetterlagen befasst, nennt sich &#8222;synoptische Klimatologie&#8220;. Nach deren Regeln muss eine Wettersituation in Mitteleuropa mindestens drei Tage andauern, um als eigenst\u00e4ndige Gro\u00dfwetterlage betrachtet werden zu k\u00f6nnen. Die Klassifizierung von Gro\u00dfwetterlagen erm\u00f6glicht eine systematische qualitative Beschreibung des Ablaufes von Wetter, Witterung und Klima.<\/p>\n<p style=\"text-align: justify;\">Seit dem gestrigen Montag und voraussichtlich bis einschlie\u00dflich Mittwoch bestimmt ein flaches, aber ausgedehntes Hochdruckgebiet namens BURKHARD das Wetter in gro\u00dfen Teilen West- und Mitteleuropas, so dass sich die Charakterisierung als &#8222;Hoch Mitteleuropa&#8220; (wissenschaftliche Abk\u00fcrzung HM) anbietet. &#8222;Hoch Mitteleuropa&#8220; z\u00e4hlt zu den gemischten Zirkulationsformen, d.h. die zonale, also in West-Ost-Richtung verlaufende Str\u00f6mungskomponente und der in Nord-S\u00fcd-Richtung orientierte, meridionale Anteil, sind etwa in derselben Gr\u00f6\u00dfenordnung. Dabei sind die Luftdruckgens\u00e4tze in Mitteleuropa allerdings sehr schwach.<\/p>\n<p style=\"text-align: justify;\">Bei Hochdruckeinfluss herrscht in der mittleren und h\u00f6heren Atmosph\u00e4re generell absinkende Luftbewegung, damit adiabatische Erw\u00e4rmung und tendenziell Wolkenaufl\u00f6sung. Die von der atmosph\u00e4rischen Grundschicht ausgehende Konvektion wird durch die Absinkbewegung ged\u00e4mpft. So kann die hoch am Himmel stehende Sonne in diesen langen Sommertagen intensiv scheinen und die bodennahen Luftschichten kr\u00e4ftig erw\u00e4rmen. Hoch Mitteleuropa sorgt im Sommer also stets f\u00fcr pr\u00e4chtiges Badewetter.<\/p>\n<p style=\"text-align: justify;\">Kein Wunder, dass am heutigen Dienstag im Binnenland verbreitet H\u00f6chsttemperaturen von deutlich mehr als 30 \u00b0C erwartet werden. Morgen wird es noch hei\u00dfer, denn an der Vorderseite eines sich allm\u00e4hlich n\u00e4hernden Tiefausl\u00e4ufers \u00fcber Westeuropa gelangt aus s\u00fcdlichen Richtungen noch etwas w\u00e4rmere Luft zu uns. Im S\u00fcdwesten kann das Thermometer am Mittwoch bei mehr als f\u00fcnfzehn Stunden Sonnenscheindauer und einer Mittagsh\u00f6he der Sonne von mehr als sechzig Grad \u00fcber dem Horizont auf bis zu 37 \u00b0C steigen. Damit ist leider eine hohe W\u00e4rmebelastung f\u00fcr Mensch und Natur verbunden, so dass der Deutsche Wetterdienst Hitzewarnungen f\u00fcr den S\u00fcden und S\u00fcdwesten Deutschlands herausgegeben hat.<\/p>\n<p style=\"text-align: justify;\">Unten finden Sie eine vom heutigen 00:00-UTC-Lauf des Vorhersagemodells des ECMWF berechnete Prognose der geopotentiellen H\u00f6he der 500-hPa- sowie der 850-hPa-Hauptdruckfl\u00e4che f\u00fcr Mittwoch, den 20.07.2016, 12:00 UTC. Das 500-hPa-Niveau (obere Abbildung) repr\u00e4sentiert die mittlere Atmosph\u00e4re, in der 850-hPa-Fl\u00e4che (untere Abbildung) zeigt sich die Struktur der unteren Atmosph\u00e4re. Deutlich sieht man, wie bei schwindendem Hochdruckeinfluss an der Vorderseite des Tiefdruckgebietes mit Kern s\u00fcdlich von Island Warmluft aus dem Mittelmeerraum bis zur Nordsee gef\u00fchrt wird.<\/p>\n<p style=\"text-align: justify;\">Dipl.-Met. Thomas Ruppert<\/p>\n<p style=\"text-align: justify;\">Deutscher Wetterdienst Vorhersage- und Beratungszentrale Offenbach, den 19.07.2016<\/p>\n<p style=\"text-align: justify;\">Copyright (c) Deutscher Wetterdienst<\/p>\n<p style=\"text-align: justify;\">\n<p style=\"text-align: justify;\"><a href=\"https:\/\/www.hossi-im-netz.de\/wordpress\/wp-content\/uploads\/2016\/07\/image-23.png\"><img loading=\"lazy\" decoding=\"async\" data-attachment-id=\"4345\" data-permalink=\"https:\/\/www.hossi-im-netz.de\/wordpress\/grosswetterlage-hoch-mitteleuropa\/image-637\/\" data-orig-file=\"https:\/\/www.hossi-im-netz.de\/wordpress\/wp-content\/uploads\/2016\/07\/image-23.png\" data-orig-size=\"628,908\" data-comments-opened=\"1\" data-image-meta=\"{&quot;aperture&quot;:&quot;0&quot;,&quot;credit&quot;:&quot;&quot;,&quot;camera&quot;:&quot;&quot;,&quot;caption&quot;:&quot;&quot;,&quot;created_timestamp&quot;:&quot;0&quot;,&quot;copyright&quot;:&quot;&quot;,&quot;focal_length&quot;:&quot;0&quot;,&quot;iso&quot;:&quot;0&quot;,&quot;shutter_speed&quot;:&quot;0&quot;,&quot;title&quot;:&quot;&quot;,&quot;orientation&quot;:&quot;0&quot;}\" data-image-title=\"Gro\u00dfwetterlage &amp;#8222;Hoch Mitteleuropa&amp;#8220;\" data-image-description=\"\" data-image-caption=\"\" data-medium-file=\"https:\/\/www.hossi-im-netz.de\/wordpress\/wp-content\/uploads\/2016\/07\/image-23-207x300.png\" data-large-file=\"https:\/\/www.hossi-im-netz.de\/wordpress\/wp-content\/uploads\/2016\/07\/image-23.png\" class=\"alignnone size-full wp-image-4345\" src=\"https:\/\/www.hossi-im-netz.de\/wordpress\/wp-content\/uploads\/2016\/07\/image-23.png\" alt=\"Gro\u00dfwetterlage &quot;Hoch Mitteleuropa&quot;\" width=\"628\" height=\"908\" srcset=\"https:\/\/www.hossi-im-netz.de\/wordpress\/wp-content\/uploads\/2016\/07\/image-23.png 628w, https:\/\/www.hossi-im-netz.de\/wordpress\/wp-content\/uploads\/2016\/07\/image-23-207x300.png 207w\" sizes=\"auto, (max-width: 628px) 100vw, 628px\" \/><\/a><\/p>\n","protected":false},"excerpt":{"rendered":"<p>Gro\u00dfwetterlage &#8222;Hoch Mitteleuropa&#8220; Derzeit dominiert noch ein Hochdruckgebiet namens BURKHARD unser Wetter. Verbreitet scheint die Sonne, so dass sich die zuvor nach Mitteleuropa eingeflossene, m\u00e4\u00dfig warme Atlantikluft vielerorts auf Temperaturen von deutlich \u00fcber 30 \u00b0C erw\u00e4rmen kann. Dabei besteht vor <span class=\"excerpt-dots\">&hellip;<\/span> <a class=\"more-link\" href=\"https:\/\/www.hossi-im-netz.de\/wordpress\/grosswetterlage-hoch-mitteleuropa\/\"><span class=\"more-msg\">Weiterlesen &rarr;<\/span><\/a><\/p>\n","protected":false},"author":1,"featured_media":4345,"comment_status":"open","ping_status":"closed","sticky":false,"template":"","format":"standard","meta":{"_exactmetrics_skip_tracking":false,"_exactmetrics_sitenote_active":false,"_exactmetrics_sitenote_note":"","_exactmetrics_sitenote_category":0,"jetpack_post_was_ever_published":false,"_jetpack_newsletter_access":"","_jetpack_dont_email_post_to_subs":false,"_jetpack_newsletter_tier_id":0,"_jetpack_memberships_contains_paywalled_content":false,"_jetpack_memberships_contains_paid_content":false,"footnotes":"","jetpack_publicize_message":"","jetpack_publicize_feature_enabled":true,"jetpack_social_post_already_shared":true,"jetpack_social_options":{"image_generator_settings":{"template":"highway","default_image_id":0,"font":"","enabled":false},"version":2}},"categories":[37],"tags":[503,99,84,720],"yst_prominent_words":[],"class_list":["post-4344","post","type-post","status-publish","format-standard","has-post-thumbnail","hentry","category-wetterblog","tag-grosswetterlage","tag-grosswetterlage-in-europa","tag-hoch","tag-mitteleuropa"],"jetpack_publicize_connections":[],"jetpack_featured_media_url":"https:\/\/www.hossi-im-netz.de\/wordpress\/wp-content\/uploads\/2016\/07\/image-23.png","jetpack_sharing_enabled":true,"jetpack_shortlink":"https:\/\/wp.me\/p5DnIb-184","jetpack-related-posts":[],"jetpack_likes_enabled":true,"_links":{"self":[{"href":"https:\/\/www.hossi-im-netz.de\/wordpress\/wp-json\/wp\/v2\/posts\/4344","targetHints":{"allow":["GET"]}}],"collection":[{"href":"https:\/\/www.hossi-im-netz.de\/wordpress\/wp-json\/wp\/v2\/posts"}],"about":[{"href":"https:\/\/www.hossi-im-netz.de\/wordpress\/wp-json\/wp\/v2\/types\/post"}],"author":[{"embeddable":true,"href":"https:\/\/www.hossi-im-netz.de\/wordpress\/wp-json\/wp\/v2\/users\/1"}],"replies":[{"embeddable":true,"href":"https:\/\/www.hossi-im-netz.de\/wordpress\/wp-json\/wp\/v2\/comments?post=4344"}],"version-history":[{"count":1,"href":"https:\/\/www.hossi-im-netz.de\/wordpress\/wp-json\/wp\/v2\/posts\/4344\/revisions"}],"predecessor-version":[{"id":4346,"href":"https:\/\/www.hossi-im-netz.de\/wordpress\/wp-json\/wp\/v2\/posts\/4344\/revisions\/4346"}],"wp:featuredmedia":[{"embeddable":true,"href":"https:\/\/www.hossi-im-netz.de\/wordpress\/wp-json\/wp\/v2\/media\/4345"}],"wp:attachment":[{"href":"https:\/\/www.hossi-im-netz.de\/wordpress\/wp-json\/wp\/v2\/media?parent=4344"}],"wp:term":[{"taxonomy":"category","embeddable":true,"href":"https:\/\/www.hossi-im-netz.de\/wordpress\/wp-json\/wp\/v2\/categories?post=4344"},{"taxonomy":"post_tag","embeddable":true,"href":"https:\/\/www.hossi-im-netz.de\/wordpress\/wp-json\/wp\/v2\/tags?post=4344"},{"taxonomy":"yst_prominent_words","embeddable":true,"href":"https:\/\/www.hossi-im-netz.de\/wordpress\/wp-json\/wp\/v2\/yst_prominent_words?post=4344"}],"curies":[{"name":"wp","href":"https:\/\/api.w.org\/{rel}","templated":true}]}}