{"id":4351,"date":"2016-07-20T13:31:31","date_gmt":"2016-07-20T11:31:31","guid":{"rendered":"http:\/\/www.hossi-im-netz.de\/wordpress\/?p=4351"},"modified":"2016-07-20T13:31:31","modified_gmt":"2016-07-20T11:31:31","slug":"der-heisseste-tag-des-jahres","status":"publish","type":"post","link":"https:\/\/www.hossi-im-netz.de\/wordpress\/der-heisseste-tag-des-jahres\/","title":{"rendered":"Der hei\u00dfeste Tag des Jahres?"},"content":{"rendered":"<h2 style=\"text-align: justify;\">Der hei\u00dfeste Tag des Jahres?<\/h2>\n<p style=\"text-align: justify;\">\nGro\u00dfe Hitze erwartet uns am heutigen Mittwoch in Deutschland. Wird das heute der hei\u00dfeste Tag des Jahres?<\/p>\n<p style=\"text-align: justify;\">Nachdem der Sommer 2016 nun zur H\u00e4lfte vorbei ist, legt er am heutigen Mittwoch noch einmal so richtig los. Schw\u00fclhei\u00dfe Temperaturen \u00fcber 30 Grad werden verbreitet anzutreffen sein, wobei es fast \u00fcberall auch viel Sonnenschein geben wird. Vielleicht wird der heutige Tag sogar der bisher hei\u00dfeste des Jahres.<\/p>\n<p style=\"text-align: justify;\">Eine Zwischenbilanz des Sommers 2016 zeigt bei Temperatur, Niederschlag und Sonnenschein recht durchschnittliche Werte. So lag die bundesweite Mitteltemperatur bis zum 18. Juli 2016 mit etwa 16,8 Grad um 0,6 Grad \u00fcber dem Soll der international g\u00fcltigen Referenzperiode 1961 bis 1990. Alle Abweichungen +\/- 1 Grad gelten als normal. Der durchschnittliche Niederschlag summierte sich auf rund 150 Liter pro Quadratmeter und hat damit nach der H\u00e4lfte des Sommers schon knapp 62 % vom Mittel des ganzen Sommers (243 Liter pro Quadratmeter) erf\u00fcllt. Der Sonnenschein erzielte zur &#8222;Halbzeit&#8220; mit durchschnittlich etwa 301 Sonnenstunden und damit 49 % der sonst im Mittel im gesamten Sommer \u00fcblichen 615 Sonnenstunden fast eine Punktlandung.<\/p>\n<p style=\"text-align: justify;\">Das sind erstaunliche Werte, hat man doch gef\u00fchlt bisher einen zu tr\u00fcben (nicht eingetreten), deutlich zu nassen (teilweise eingetreten) und meist zu k\u00fchlen Sommer (nicht eingetreten) in Erinnerung. Dabei l\u00e4sst man aber gerne au\u00dfer Acht, dass es in diesem Sommer auch schon die eine oder andere Hitzewelle in Deutschland gab. So wurden beispielsweise vom 22. bis zum 25. Juni 2016 in Deutschland irgendwo mehr als 30 Grad gemessen (siehe dazu die Grafik der H\u00f6chsttemperaturen von Juni bis August in Deutschland unter http:\/\/www.dwd.de\/DE\/wetter\/thema_des_tages\/2016\/7\/20.html; dunkelblaue Kurve). Auch vom 8. Juli bis zum 11. Juli wurde es hei\u00df.<\/p>\n<p style=\"text-align: justify;\">Seit dem 18. Juli hat uns nun die dritte Hitzewelle erfasst, die ihren H\u00f6hepunkt am heutigen Mittwoch haben d\u00fcrfte. \u00d6rtlich sollen 36 oder sogar vielleicht 37 Grad erreicht werden, womit der bisher hei\u00dfeste Tag des Jahres, der 24. Juni 2016, an dem in Berlin-Kaniswall maximal 36,4 Grad registriert wurden, in &#8222;Gefahr&#8220; ist.<\/p>\n<p style=\"text-align: justify;\">Ab dem morgigen Donnerstag k\u00fchlt es bereits wieder etwas ab, weil ab Mittwochabend von Westen her Gewitter aufkommen, die lokal auch wieder insbesondere bez\u00fcglich Starkregen und Hagel unwetterartig ausfallen k\u00f6nnen und die sich in der Nacht und am Tage mehr und mehr nach Osten ausbreiten. Dabei wird es von Westen her auch zunehmend wolkiger, sodass die Sonne nicht mehr so ungest\u00f6rt vom Himmel strahlen und dadurch die Luft auch nicht mehr ganz so stark erw\u00e4rmen kann.<\/p>\n<p style=\"text-align: justify;\">Dass es in der zweiten H\u00e4lfte des Sommers weiterhin richtig hei\u00df sein kann, zeigt die Kurve der bisher erreichten maximalen Tagesh\u00f6chsttemperaturen in Deutschland (rote Kurve in der Grafik), denn w\u00e4hrend der nun anstehenden sogenannten &#8222;Hundstage&#8220; (23. Juli bis 23. August) sind Temperaturen zwischen 36 und 40 Grad in der Spitze m\u00f6glich. 2015 (hellblaue Kurve in der Grafik) hat es gezeigt: mit 40,3 Grad wurde am 7. August 2015 im bayerischen Kitzingen der erst am 5. Juli 2015 aufgestellte Rekord der neuen absoluten H\u00f6chsttemperatur f\u00fcr Deutschland am selben Ort eingestellt. Mal schauen, was der Sommer 2016 noch so alles f\u00fcr uns bereith\u00e4lt.<\/p>\n<p style=\"text-align: justify;\">Dipl.-Met. Simon Trippler<\/p>\n<p style=\"text-align: justify;\">Deutscher Wetterdienst Vorhersage- und Beratungszentrale Offenbach, den 20.07.2016<\/p>\n<p style=\"text-align: justify;\">Copyright (c) Deutscher Wetterdienst<\/p>\n<p style=\"text-align: justify;\">\n<p style=\"text-align: justify;\"><a href=\"https:\/\/www.hossi-im-netz.de\/wordpress\/wp-content\/uploads\/2016\/07\/image-16.jpeg\"><img loading=\"lazy\" decoding=\"async\" data-attachment-id=\"4352\" data-permalink=\"https:\/\/www.hossi-im-netz.de\/wordpress\/der-heisseste-tag-des-jahres\/image-639\/\" data-orig-file=\"https:\/\/www.hossi-im-netz.de\/wordpress\/wp-content\/uploads\/2016\/07\/image-16.jpeg\" data-orig-size=\"1295,940\" data-comments-opened=\"1\" data-image-meta=\"{&quot;aperture&quot;:&quot;0&quot;,&quot;credit&quot;:&quot;&quot;,&quot;camera&quot;:&quot;&quot;,&quot;caption&quot;:&quot;&quot;,&quot;created_timestamp&quot;:&quot;0&quot;,&quot;copyright&quot;:&quot;&quot;,&quot;focal_length&quot;:&quot;0&quot;,&quot;iso&quot;:&quot;0&quot;,&quot;shutter_speed&quot;:&quot;0&quot;,&quot;title&quot;:&quot;&quot;,&quot;orientation&quot;:&quot;0&quot;}\" data-image-title=\"Der hei\u00dfeste Tag des Jahres?\" data-image-description=\"\" data-image-caption=\"\" data-medium-file=\"https:\/\/www.hossi-im-netz.de\/wordpress\/wp-content\/uploads\/2016\/07\/image-16-300x218.jpeg\" data-large-file=\"https:\/\/www.hossi-im-netz.de\/wordpress\/wp-content\/uploads\/2016\/07\/image-16-1024x743.jpeg\" class=\"alignnone size-full wp-image-4352\" src=\"https:\/\/www.hossi-im-netz.de\/wordpress\/wp-content\/uploads\/2016\/07\/image-16.jpeg\" alt=\"Der hei\u00dfeste Tag des Jahres?\" width=\"1295\" height=\"940\" srcset=\"https:\/\/www.hossi-im-netz.de\/wordpress\/wp-content\/uploads\/2016\/07\/image-16.jpeg 1295w, https:\/\/www.hossi-im-netz.de\/wordpress\/wp-content\/uploads\/2016\/07\/image-16-300x218.jpeg 300w, https:\/\/www.hossi-im-netz.de\/wordpress\/wp-content\/uploads\/2016\/07\/image-16-768x557.jpeg 768w, https:\/\/www.hossi-im-netz.de\/wordpress\/wp-content\/uploads\/2016\/07\/image-16-1024x743.jpeg 1024w\" sizes=\"auto, (max-width: 1295px) 100vw, 1295px\" \/><\/a><\/p>\n","protected":false},"excerpt":{"rendered":"<p>Der hei\u00dfeste Tag des Jahres? Gro\u00dfe Hitze erwartet uns am heutigen Mittwoch in Deutschland. Wird das heute der hei\u00dfeste Tag des Jahres? Nachdem der Sommer 2016 nun zur H\u00e4lfte vorbei ist, legt er am heutigen Mittwoch noch einmal so richtig <span class=\"excerpt-dots\">&hellip;<\/span> <a class=\"more-link\" href=\"https:\/\/www.hossi-im-netz.de\/wordpress\/der-heisseste-tag-des-jahres\/\"><span class=\"more-msg\">Weiterlesen &rarr;<\/span><\/a><\/p>\n","protected":false},"author":1,"featured_media":4352,"comment_status":"open","ping_status":"closed","sticky":false,"template":"","format":"standard","meta":{"_exactmetrics_skip_tracking":false,"_exactmetrics_sitenote_active":false,"_exactmetrics_sitenote_note":"","_exactmetrics_sitenote_category":0,"jetpack_post_was_ever_published":false,"_jetpack_newsletter_access":"","_jetpack_dont_email_post_to_subs":false,"_jetpack_newsletter_tier_id":0,"_jetpack_memberships_contains_paywalled_content":false,"_jetpack_memberships_contains_paid_content":false,"footnotes":"","jetpack_publicize_message":"","jetpack_publicize_feature_enabled":true,"jetpack_social_post_already_shared":true,"jetpack_social_options":{"image_generator_settings":{"template":"highway","default_image_id":0,"font":"","enabled":false},"version":2}},"categories":[37],"tags":[388,75,167,220,55,736,232],"yst_prominent_words":[],"class_list":["post-4351","post","type-post","status-publish","format-standard","has-post-thumbnail","hentry","category-wetterblog","tag-388","tag-hitze","tag-hitzewelle","tag-hundstage","tag-sommer","tag-sommer-2016","tag-temperaturrekord"],"jetpack_publicize_connections":[],"jetpack_featured_media_url":"https:\/\/www.hossi-im-netz.de\/wordpress\/wp-content\/uploads\/2016\/07\/image-16.jpeg","jetpack_sharing_enabled":true,"jetpack_shortlink":"https:\/\/wp.me\/p5DnIb-18b","jetpack-related-posts":[],"jetpack_likes_enabled":true,"_links":{"self":[{"href":"https:\/\/www.hossi-im-netz.de\/wordpress\/wp-json\/wp\/v2\/posts\/4351","targetHints":{"allow":["GET"]}}],"collection":[{"href":"https:\/\/www.hossi-im-netz.de\/wordpress\/wp-json\/wp\/v2\/posts"}],"about":[{"href":"https:\/\/www.hossi-im-netz.de\/wordpress\/wp-json\/wp\/v2\/types\/post"}],"author":[{"embeddable":true,"href":"https:\/\/www.hossi-im-netz.de\/wordpress\/wp-json\/wp\/v2\/users\/1"}],"replies":[{"embeddable":true,"href":"https:\/\/www.hossi-im-netz.de\/wordpress\/wp-json\/wp\/v2\/comments?post=4351"}],"version-history":[{"count":1,"href":"https:\/\/www.hossi-im-netz.de\/wordpress\/wp-json\/wp\/v2\/posts\/4351\/revisions"}],"predecessor-version":[{"id":4353,"href":"https:\/\/www.hossi-im-netz.de\/wordpress\/wp-json\/wp\/v2\/posts\/4351\/revisions\/4353"}],"wp:featuredmedia":[{"embeddable":true,"href":"https:\/\/www.hossi-im-netz.de\/wordpress\/wp-json\/wp\/v2\/media\/4352"}],"wp:attachment":[{"href":"https:\/\/www.hossi-im-netz.de\/wordpress\/wp-json\/wp\/v2\/media?parent=4351"}],"wp:term":[{"taxonomy":"category","embeddable":true,"href":"https:\/\/www.hossi-im-netz.de\/wordpress\/wp-json\/wp\/v2\/categories?post=4351"},{"taxonomy":"post_tag","embeddable":true,"href":"https:\/\/www.hossi-im-netz.de\/wordpress\/wp-json\/wp\/v2\/tags?post=4351"},{"taxonomy":"yst_prominent_words","embeddable":true,"href":"https:\/\/www.hossi-im-netz.de\/wordpress\/wp-json\/wp\/v2\/yst_prominent_words?post=4351"}],"curies":[{"name":"wp","href":"https:\/\/api.w.org\/{rel}","templated":true}]}}