{"id":4494,"date":"2016-07-28T12:46:48","date_gmt":"2016-07-28T10:46:48","guid":{"rendered":"http:\/\/www.hossi-im-netz.de\/wordpress\/?p=4494"},"modified":"2016-07-28T12:46:48","modified_gmt":"2016-07-28T10:46:48","slug":"sommerwaerme-auch-in-groenland","status":"publish","type":"post","link":"https:\/\/www.hossi-im-netz.de\/wordpress\/sommerwaerme-auch-in-groenland\/","title":{"rendered":"&#8222;Sommerw\u00e4rme&#8220; auch in Gr\u00f6nland"},"content":{"rendered":"<h2 style=\"text-align: justify;\">&#8222;Sommerw\u00e4rme&#8220; auch in Gr\u00f6nland<\/h2>\n<p style=\"text-align: justify;\">\nViele verbinden Gr\u00f6nland nur mit Eis und K\u00e4lte. Jedoch k\u00f6nnen dort durchaus auch Temperaturen \u00fcber 20 \u00b0C erreicht werden. Wem also der hiesige Sommer zu warm und zu schw\u00fcl ist, dem sei Gr\u00f6nland empfohlen &#8211; erst recht jetzt, wo es f\u00fcr dortige Verh\u00e4ltnisse bisher \u00fcberdurchschnittlich warm gewesen ist.<\/p>\n<p style=\"text-align: justify;\">Nun ja, verglichen mit dem, was wir hierzulande unter &#8222;Sommer&#8220; verstehen, sind die Temperaturen in Gr\u00f6nland doch eher etwas unterk\u00fchlt. Aber trotzdem l\u00e4sst sich, nachdem knapp zwei Drittel des meteorologischen Sommers vergangen sind, eine durchaus positive Bilanz ziehen. So war es abgesehen von den allers\u00fcdlichsten K\u00fcstenorten, wo die Temperaturen nahe dem Normalwert lagen, in weiten Teilen der gr\u00f6\u00dften Insel der Welt \u00fcberdurchschnittlich warm. Die Abweichungen betrugen dabei zwei bis vier Grad.<\/p>\n<p style=\"text-align: justify;\">In der Hauptstadt Nuuk (deutsch &#8222;Kap&#8220;, d\u00e4nisch Godth\u00e5b (&#8222;gute Hoffnung&#8220;), Lage siehe Abbildung unter http:\/\/www.dwd.de\/DE\/wetter\/thema_des_tages\/2016\/7\/28.html) gab es im Juni und im bisherigen Juli 18 Tage mit \u00fcber 15 \u00b0C, davon an 11 Tagen mehr als 18 \u00b0C. Am w\u00e4rmsten war es am 9. und 10. Juni, als mit 24,7 \u00b0C sogar fast die deutsche Definition eines &#8222;Sommertages&#8220; erf\u00fcllt wurde. In Nuuk betr\u00e4gt das Tagesmaximum im Klimamittel im Juni \u00fcbrigens 7,0 \u00b0C und im Juli 9,9 \u00b0C. In diesem Jahr liegen die mittleren Tagesmaxima bei 12,6 bzw. bei (vorl\u00e4ufig) 14,0 \u00b0C.<\/p>\n<p style=\"text-align: justify;\">Auch im noch weiter n\u00f6rdlich liegenden Ilulissat (&#8222;Eisberge&#8220;, d\u00e4n. Jakobshavn) verzeichnete man in den beiden Sommermonaten an 12 Tagen \u00fcber 15 \u00b0C, davon an drei Tagen \u00fcber 18 \u00b0C. Die h\u00f6chste Temperatur wurde am 16. Juli mit 19,4 \u00b0C erreicht.<\/p>\n<p style=\"text-align: justify;\">Am Flughafen in Kangerlussuaq (&#8222;langer Fjord&#8220;, d\u00e4n. S\u00f8ndre Str\u00f8mfjord) lag die Temperatur sogar an 33 Tagen \u00fcber 18 \u00b0C und erreichte am 10. Juni mit 23,0 \u00b0C ihren H\u00f6chstwert. Im Klimamittel betragen die Tagesmaxima in Kangerlussuaq im Juni 13,9 \u00b0C und im Juli 16,3 \u00b0C, in diesem Jahr sind es 15,4 bzw. 18,7 \u00b0C. Dass es dort w\u00e4rmer als in den beiden anderen Orten ist, liegt unter anderem daran, dass Kangerlussuaq schon recht weit vom offenen Meer entfernt liegt und ein gewisses &#8222;Binnenklima&#8220; aufweist.<\/p>\n<p style=\"text-align: justify;\">Gr\u00f6nland ist &#8211; selbst im Sommer &#8211; von kaltem Meerwasser umgeben. Wenn warme Luft \u00fcber das kalte Meer gef\u00fchrt wird, kondensiert der in ihr enthaltene Wasserdampf \u00fcber der Wasseroberfl\u00e4che und es bildet sich Nebel. Dieser Nebel h\u00e4lt sich mitunter lange Zeit \u00fcber dem Meer und kann sich auch landw\u00e4rts ausbreiten. In diesem Fall wird dann dort, wo dies geschieht, aus einem warmen und sonnigen pl\u00f6tzlich ein nasskalter Tag. Solche Nebelb\u00e4nke lassen sich vor der S\u00fcdwestk\u00fcste Gr\u00f6nlands auf dem von der NASA zur Verf\u00fcgung gestellten Satellitenbild vom 26.07.2016 (siehe Abbildung) erkennen.<\/p>\n<p style=\"text-align: justify;\">In den n\u00e4chsten Tagen h\u00e4lt die &#8222;warme&#8220; Witterung in Gr\u00f6nland inklusive der Unsicherheit des f\u00fcr die K\u00fcstenorte temperaturd\u00e4mpfenden Seenebels im Gro\u00dfen und Ganzen weiter an.<\/p>\n<p style=\"text-align: justify;\">M.Sc. Met. Stefan Bach<\/p>\n<p style=\"text-align: justify;\">Deutscher Wetterdienst Vorhersage- und Beratungszentrale Offenbach, den 28.07.2016<\/p>\n<p style=\"text-align: justify;\">Copyright (c) Deutscher Wetterdienst<\/p>\n<p style=\"text-align: justify;\">\u00a0<a href=\"https:\/\/www.hossi-im-netz.de\/wordpress\/wp-content\/uploads\/2016\/07\/image-36.png\"><img loading=\"lazy\" decoding=\"async\" data-attachment-id=\"4495\" data-permalink=\"https:\/\/www.hossi-im-netz.de\/wordpress\/sommerwaerme-auch-in-groenland\/image-706\/\" data-orig-file=\"https:\/\/www.hossi-im-netz.de\/wordpress\/wp-content\/uploads\/2016\/07\/image-36.png\" data-orig-size=\"958,535\" data-comments-opened=\"1\" data-image-meta=\"{&quot;aperture&quot;:&quot;0&quot;,&quot;credit&quot;:&quot;&quot;,&quot;camera&quot;:&quot;&quot;,&quot;caption&quot;:&quot;&quot;,&quot;created_timestamp&quot;:&quot;0&quot;,&quot;copyright&quot;:&quot;&quot;,&quot;focal_length&quot;:&quot;0&quot;,&quot;iso&quot;:&quot;0&quot;,&quot;shutter_speed&quot;:&quot;0&quot;,&quot;title&quot;:&quot;&quot;,&quot;orientation&quot;:&quot;0&quot;}\" data-image-title=\"&amp;#8222;Sommerw\u00e4rme&amp;#8220; auch in Gr\u00f6nland\" data-image-description=\"\" data-image-caption=\"\" data-medium-file=\"https:\/\/www.hossi-im-netz.de\/wordpress\/wp-content\/uploads\/2016\/07\/image-36-300x168.png\" data-large-file=\"https:\/\/www.hossi-im-netz.de\/wordpress\/wp-content\/uploads\/2016\/07\/image-36.png\" class=\"alignnone size-full wp-image-4495\" src=\"https:\/\/www.hossi-im-netz.de\/wordpress\/wp-content\/uploads\/2016\/07\/image-36.png\" alt=\"&quot;Sommerw\u00e4rme&quot; auch in Gr\u00f6nland\" width=\"958\" height=\"535\" srcset=\"https:\/\/www.hossi-im-netz.de\/wordpress\/wp-content\/uploads\/2016\/07\/image-36.png 958w, https:\/\/www.hossi-im-netz.de\/wordpress\/wp-content\/uploads\/2016\/07\/image-36-300x168.png 300w, https:\/\/www.hossi-im-netz.de\/wordpress\/wp-content\/uploads\/2016\/07\/image-36-768x429.png 768w\" sizes=\"auto, (max-width: 958px) 100vw, 958px\" \/><\/a><\/p>\n<p style=\"text-align: justify;\">\n","protected":false},"excerpt":{"rendered":"<p>&#8222;Sommerw\u00e4rme&#8220; auch in Gr\u00f6nland Viele verbinden Gr\u00f6nland nur mit Eis und K\u00e4lte. Jedoch k\u00f6nnen dort durchaus auch Temperaturen \u00fcber 20 \u00b0C erreicht werden. Wem also der hiesige Sommer zu warm und zu schw\u00fcl ist, dem sei Gr\u00f6nland empfohlen &#8211; erst <span class=\"excerpt-dots\">&hellip;<\/span> <a class=\"more-link\" href=\"https:\/\/www.hossi-im-netz.de\/wordpress\/sommerwaerme-auch-in-groenland\/\"><span class=\"more-msg\">Weiterlesen &rarr;<\/span><\/a><\/p>\n","protected":false},"author":1,"featured_media":4495,"comment_status":"open","ping_status":"closed","sticky":false,"template":"","format":"standard","meta":{"_exactmetrics_skip_tracking":false,"_exactmetrics_sitenote_active":false,"_exactmetrics_sitenote_note":"","_exactmetrics_sitenote_category":0,"jetpack_post_was_ever_published":false,"_jetpack_newsletter_access":"","_jetpack_dont_email_post_to_subs":false,"_jetpack_newsletter_tier_id":0,"_jetpack_memberships_contains_paywalled_content":false,"_jetpack_memberships_contains_paid_content":false,"footnotes":"","jetpack_publicize_message":"","jetpack_publicize_feature_enabled":true,"jetpack_social_post_already_shared":true,"jetpack_social_options":{"image_generator_settings":{"template":"highway","default_image_id":0,"font":"","enabled":false},"version":2}},"categories":[37],"tags":[795,55,600],"yst_prominent_words":[],"class_list":["post-4494","post","type-post","status-publish","format-standard","has-post-thumbnail","hentry","category-wetterblog","tag-groenland","tag-sommer","tag-waerme"],"jetpack_publicize_connections":[],"jetpack_featured_media_url":"https:\/\/www.hossi-im-netz.de\/wordpress\/wp-content\/uploads\/2016\/07\/image-36.png","jetpack_sharing_enabled":true,"jetpack_shortlink":"https:\/\/wp.me\/p5DnIb-1au","jetpack-related-posts":[],"jetpack_likes_enabled":true,"_links":{"self":[{"href":"https:\/\/www.hossi-im-netz.de\/wordpress\/wp-json\/wp\/v2\/posts\/4494","targetHints":{"allow":["GET"]}}],"collection":[{"href":"https:\/\/www.hossi-im-netz.de\/wordpress\/wp-json\/wp\/v2\/posts"}],"about":[{"href":"https:\/\/www.hossi-im-netz.de\/wordpress\/wp-json\/wp\/v2\/types\/post"}],"author":[{"embeddable":true,"href":"https:\/\/www.hossi-im-netz.de\/wordpress\/wp-json\/wp\/v2\/users\/1"}],"replies":[{"embeddable":true,"href":"https:\/\/www.hossi-im-netz.de\/wordpress\/wp-json\/wp\/v2\/comments?post=4494"}],"version-history":[{"count":1,"href":"https:\/\/www.hossi-im-netz.de\/wordpress\/wp-json\/wp\/v2\/posts\/4494\/revisions"}],"predecessor-version":[{"id":4497,"href":"https:\/\/www.hossi-im-netz.de\/wordpress\/wp-json\/wp\/v2\/posts\/4494\/revisions\/4497"}],"wp:featuredmedia":[{"embeddable":true,"href":"https:\/\/www.hossi-im-netz.de\/wordpress\/wp-json\/wp\/v2\/media\/4495"}],"wp:attachment":[{"href":"https:\/\/www.hossi-im-netz.de\/wordpress\/wp-json\/wp\/v2\/media?parent=4494"}],"wp:term":[{"taxonomy":"category","embeddable":true,"href":"https:\/\/www.hossi-im-netz.de\/wordpress\/wp-json\/wp\/v2\/categories?post=4494"},{"taxonomy":"post_tag","embeddable":true,"href":"https:\/\/www.hossi-im-netz.de\/wordpress\/wp-json\/wp\/v2\/tags?post=4494"},{"taxonomy":"yst_prominent_words","embeddable":true,"href":"https:\/\/www.hossi-im-netz.de\/wordpress\/wp-json\/wp\/v2\/yst_prominent_words?post=4494"}],"curies":[{"name":"wp","href":"https:\/\/api.w.org\/{rel}","templated":true}]}}