{"id":4748,"date":"2016-09-01T13:30:06","date_gmt":"2016-09-01T11:30:06","guid":{"rendered":"http:\/\/www.hossi-im-netz.de\/wordpress\/?p=4748"},"modified":"2016-09-01T13:30:06","modified_gmt":"2016-09-01T11:30:06","slug":"der-september-ein-verkappter-sommermonat","status":"publish","type":"post","link":"https:\/\/www.hossi-im-netz.de\/wordpress\/der-september-ein-verkappter-sommermonat\/","title":{"rendered":"Der September &#8211; ein verkappter Sommermonat?"},"content":{"rendered":"<h2 style=\"text-align: justify;\">Der September &#8211; ein verkappter Sommermonat?<\/h2>\n<p style=\"text-align: justify;\">\nMit dem September startet der meteorologische Herbst. Doch wie herbstlich ist der September wirklich? Hat er vielleicht sogar Ambitionen ein weiterer Sommermonat zu werden?<\/p>\n<p style=\"text-align: justify;\">Nein, das hat er sich anders vorgestellt, der September. Der Monat, der von den Meteorologen k\u00fchl-wissenschaftlich zum ersten Herbstmonat degradiert wird. Dabei will der Liebe vielmehr ein Sp\u00e4tsommermonat sein, den Menschen vor der nahenden dunklen und kalten Jahreszeit noch einmal laue Sommerabende bescheren.<\/p>\n<p style=\"text-align: justify;\">Aber genug des unwissenschaftlichen Pl\u00e4doyers, nun zu den Fakten.<\/p>\n<p style=\"text-align: justify;\">Aus astronomischer Sicht sieht es tats\u00e4chlich nicht gut aus f\u00fcr den &#8222;M\u00f6chtegern-Sommermonat&#8220;. Details dazu wurden bereits im Thema des Tages vom 27.08.2016 erl\u00e4utert. Trotzdem nochmal kurz die Fakten: Morgens wird es sp\u00e4ter hell, abends fr\u00fcher dunkel, der &#8222;lichte Tag&#8220; wird also k\u00fcrzer. Die Sonne steht zudem immer niedriger \u00fcber dem Horizont, die direkte Sonnenstrahlung dringt also immer flacher in die Atmosph\u00e4re ein. Die Sonne liefert damit im Laufe des Monats sukzessive weniger w\u00e4rmende Energie. Ein eindr\u00fcckliches Beispiel: Die Tagesl\u00e4nge Anfang September entspricht in etwa der von Anfang April.<\/p>\n<p style=\"text-align: justify;\">Also jetzt auch noch ein Vergleich zwischen September und April, der nicht wei\u00df, was er will? Nun, die astronomische Wahrheit ist nur die halbe Wahrheit. Denn der Sonnenstand bestimmt nicht allein die Temperaturentwicklung \u00fcber das Jahr hinweg. Nach der kalten Jahreszeit wird ein nicht zu vernachl\u00e4ssigender Anteil der Sonnenenergie in die Erw\u00e4rmung von Wasser- und Landmassen oder auch in das Abschmelzen von Eis investiert. Vor allem die Ozeane k\u00f6nnen sehr viel W\u00e4rme speichern, die im Herbst wieder an die Luft abgegeben wird. Die Landmassen, insbesondere aber die Ozeane, sind sozusagen die anspringende Heizung, wenn der Sonne im Herbst allm\u00e4hlich die Puste ausgeht. Als Resultat dessen ist das Maximum der Temperaturen &#8211; zumindest im vielj\u00e4hrigen Mittel &#8211; um etwa sechs Wochen gegen\u00fcber dem Maximum der Sonneneinstrahlung verschoben. Davon profitiert auch der September!<\/p>\n<p style=\"text-align: justify;\">Nat\u00fcrlich spielen dar\u00fcber hinaus auch noch weitere \u00f6rtliche und regionale Klimafaktoren eine Rolle wie Meeresstr\u00f6mungen oder die f\u00fcr einen bestimmten Zeitraum typischen Gro\u00dfwetterlagen. Der September gilt in Mitteleuropa so z. B. als &#8222;klimatisch stabil&#8220;. Im Wesentlichen sind es die geringen Temperaturgegens\u00e4tze zwischen den Europa umgebenden Meeren und dem Festland sowie zwischen den hohen und niederen Breiten, die weniger turbulente Tiefdruckaktivit\u00e4t als Hochdruckdominanz \u00fcber Mitteleuropa beg\u00fcnstigen.<\/p>\n<p style=\"text-align: justify;\">Das klingt doch eher nach Sommer als nach Herbst. Tats\u00e4chlich wartet der September z. B. in Frankfurt mit einem mittleren Temperaturmaximum von 20,3 Grad Celsius auf und liegt damit hinter den Monaten Juli (25,5 Grad), August (25,1 Grad) und Juni (23,1 Grad) und noch vor Mai (20,0 Grad) auf dem vierten Platz. Vor allem in der ersten Monatsh\u00e4lfte kann es noch einmal richtig hei\u00df werden mit Temperaturen \u00fcber 30 Grad (H\u00f6chstwert: Jena (Sternwarte) mit 36,5 Grad am 03.09.1911). Zugleich k\u00fchlt es in den immer l\u00e4nger werdenden N\u00e4chten schon deutlich st\u00e4rker aus als noch in den Vormonaten. Zum Ende des Monats steigt zudem das Potenzial erster kr\u00e4ftiger Kaltluftvorst\u00f6\u00dfe aus Norden. In der Folge stellen sich im Septemberverlauf h\u00e4ufig die ersten Nachtfr\u00f6ste ein (z. B. Selb-Lauterbach\/Oberfranken: -5,9 Grad am 24.09.1948).<\/p>\n<p style=\"text-align: justify;\">Wie steht es nun um das Eingangspl\u00e4doyer, der September w\u00e4re zu Unrecht zum Herbstmonat degradiert worden? Im Hinblick auf die Ausf\u00fchrungen mag es zwar etwas hoch gegriffen gewesen sein, denn der September weist neben vielen sommerlichen immerhin auch einige herbstlich anmutende Facetten auf. Aber wie sagt man so sch\u00f6n: Im Zweifel f\u00fcr den Angeklagten &#8211; geben wir dem September also noch die Chance, sich sommerlich zu bew\u00e4hren.<\/p>\n<p style=\"text-align: justify;\">Dipl.-Met. Adrian Leyser<\/p>\n<p style=\"text-align: justify;\">Deutscher Wetterdienst Vorhersage- und Beratungszentrale Offenbach, den 01.09.2016<\/p>\n<p style=\"text-align: justify;\">Copyright (c) Deutscher Wetterdienst<\/p>\n","protected":false},"excerpt":{"rendered":"<p>Der September &#8211; ein verkappter Sommermonat? Mit dem September startet der meteorologische Herbst. Doch wie herbstlich ist der September wirklich? Hat er vielleicht sogar Ambitionen ein weiterer Sommermonat zu werden? Nein, das hat er sich anders vorgestellt, der September. Der <span class=\"excerpt-dots\">&hellip;<\/span> <a class=\"more-link\" href=\"https:\/\/www.hossi-im-netz.de\/wordpress\/der-september-ein-verkappter-sommermonat\/\"><span class=\"more-msg\">Weiterlesen &rarr;<\/span><\/a><\/p>\n","protected":false},"author":1,"featured_media":4749,"comment_status":"open","ping_status":"closed","sticky":false,"template":"","format":"standard","meta":{"_exactmetrics_skip_tracking":false,"_exactmetrics_sitenote_active":false,"_exactmetrics_sitenote_note":"","_exactmetrics_sitenote_category":0,"jetpack_post_was_ever_published":false,"_jetpack_newsletter_access":"","_jetpack_dont_email_post_to_subs":false,"_jetpack_newsletter_tier_id":0,"_jetpack_memberships_contains_paywalled_content":false,"_jetpack_memberships_contains_paid_content":false,"footnotes":"","jetpack_publicize_message":"","jetpack_publicize_feature_enabled":true,"jetpack_social_post_already_shared":true,"jetpack_social_options":{"image_generator_settings":{"template":"highway","default_image_id":0,"font":"","enabled":false},"version":2}},"categories":[37],"tags":[218,251,55],"yst_prominent_words":[],"class_list":["post-4748","post","type-post","status-publish","format-standard","has-post-thumbnail","hentry","category-wetterblog","tag-herbst","tag-september","tag-sommer"],"jetpack_publicize_connections":[],"jetpack_featured_media_url":"https:\/\/www.hossi-im-netz.de\/wordpress\/wp-content\/uploads\/2016\/09\/image.jpeg","jetpack_sharing_enabled":true,"jetpack_shortlink":"https:\/\/wp.me\/p5DnIb-1eA","jetpack-related-posts":[],"jetpack_likes_enabled":true,"_links":{"self":[{"href":"https:\/\/www.hossi-im-netz.de\/wordpress\/wp-json\/wp\/v2\/posts\/4748","targetHints":{"allow":["GET"]}}],"collection":[{"href":"https:\/\/www.hossi-im-netz.de\/wordpress\/wp-json\/wp\/v2\/posts"}],"about":[{"href":"https:\/\/www.hossi-im-netz.de\/wordpress\/wp-json\/wp\/v2\/types\/post"}],"author":[{"embeddable":true,"href":"https:\/\/www.hossi-im-netz.de\/wordpress\/wp-json\/wp\/v2\/users\/1"}],"replies":[{"embeddable":true,"href":"https:\/\/www.hossi-im-netz.de\/wordpress\/wp-json\/wp\/v2\/comments?post=4748"}],"version-history":[{"count":1,"href":"https:\/\/www.hossi-im-netz.de\/wordpress\/wp-json\/wp\/v2\/posts\/4748\/revisions"}],"predecessor-version":[{"id":4750,"href":"https:\/\/www.hossi-im-netz.de\/wordpress\/wp-json\/wp\/v2\/posts\/4748\/revisions\/4750"}],"wp:featuredmedia":[{"embeddable":true,"href":"https:\/\/www.hossi-im-netz.de\/wordpress\/wp-json\/wp\/v2\/media\/4749"}],"wp:attachment":[{"href":"https:\/\/www.hossi-im-netz.de\/wordpress\/wp-json\/wp\/v2\/media?parent=4748"}],"wp:term":[{"taxonomy":"category","embeddable":true,"href":"https:\/\/www.hossi-im-netz.de\/wordpress\/wp-json\/wp\/v2\/categories?post=4748"},{"taxonomy":"post_tag","embeddable":true,"href":"https:\/\/www.hossi-im-netz.de\/wordpress\/wp-json\/wp\/v2\/tags?post=4748"},{"taxonomy":"yst_prominent_words","embeddable":true,"href":"https:\/\/www.hossi-im-netz.de\/wordpress\/wp-json\/wp\/v2\/yst_prominent_words?post=4748"}],"curies":[{"name":"wp","href":"https:\/\/api.w.org\/{rel}","templated":true}]}}