{"id":4779,"date":"2016-09-06T15:59:31","date_gmt":"2016-09-06T13:59:31","guid":{"rendered":"http:\/\/www.hossi-im-netz.de\/wordpress\/?p=4779"},"modified":"2016-09-06T15:59:31","modified_gmt":"2016-09-06T13:59:31","slug":"der-geruch-des-regens","status":"publish","type":"post","link":"https:\/\/www.hossi-im-netz.de\/wordpress\/der-geruch-des-regens\/","title":{"rendered":"Der Geruch des Regens"},"content":{"rendered":"<h2 style=\"text-align: justify;\">Der Geruch des Regens<\/h2>\n<p style=\"text-align: justify;\">\nDie ersten Regentropfen nach einer langen Trockenphase &#8230; und dann dieser typische Geruch. Wie es zu diesem ganz speziellen Geruch kommt, erf\u00e4hrt man im heutigen Tagesthema.<\/p>\n<p style=\"text-align: justify;\">Mit nur kurzen Unterbrechungen macht der Sommer in Deutschland in diesen Wochen seinem Namen nochmal alle Ehre, wenngleich er meteorologisch seit dem ersten September bereits Geschichte ist. Das sommerliche Feeling \u00e4u\u00dferte sich nicht nur mit Sonnenschein und W\u00e4rme, sondern auch durch fehlenden Niederschlag. Als nun am Sonntag die ersten Regentropfen seit l\u00e4ngerer Zeit fielen, hatte man mancherorts wieder diesen typischen und allseits bekannten Geruch in der Nase. &#8222;Es riecht nach Regen&#8220;, h\u00f6rt man dann die Leute h\u00e4ufiger sagen.<\/p>\n<p style=\"text-align: justify;\">Aber wie kann es sein, dass Regen riecht? Wasser ist doch in der Regel geruchslos. Geht man dieser Frage auf den Grund, st\u00f6\u00dft man auf den Begriff &#8222;Petrichor&#8220; und die Arbeit zweier australischer Forscher, die bereits mehr als 50 Jahre alt ist. I.J. Bear und R.G. Thomas haben dar\u00fcber im Magazin &#8222;Nature&#8220; im Jahre 1964 geschrieben und diesem typischen Geruch den Namen gegeben. &#8222;Petrichor&#8220; leitet sich von den beiden W\u00f6rtern &#8222;petros&#8220; (griech.: Stein) und &#8222;Ichor&#8220; (griech.: die Fl\u00fcssigkeit in den Adern der griechischen G\u00f6tter) ab.<\/p>\n<p style=\"text-align: justify;\">Die Voraussetzungen f\u00fcr den typischen Regengeruch sind eigentlich recht simpel: Es darf l\u00e4ngere Zeit nicht geregnet haben, damit die B\u00f6den gut ausgetrocknet sind. Ideal f\u00fcr einen intensiven Geruch sind Lehmb\u00f6den. Aber wodurch wird dieser Geruch nun eigentlich verursacht?<\/p>\n<p style=\"text-align: justify;\">Verantwortlich daf\u00fcr ist ein bestimmtes gelbfarbenes \u00d6l. Dieses wird von Pflanzen bei Trockenheit produziert und bindet sich an Tonminerale und andere Partikel. Setzt nun Regen ein, so verbindet sich dieses \u00d6l mit einem Stoff namens Geosmin, der den typischen Erdgeruch verursacht. Fallen Regentropfen mit einer hohen Geschwindigkeit auf den staubigen Boden, schlie\u00dfen sie winzig kleine Luftbl\u00e4schen in der Staubschicht ein, die dann nach oben aus dem Tropfen herausplatzen. Die mitgerissenen Staubteilchen tragen auch den Duftstoff mit sich, der auf diese Art freigesetzt und durch Luftverwirbelungen nach oben bef\u00f6rdert wird. Dieser Prozess wurde auch mit Hochgeschwindigkeitskameras nachvollzogen. Man kann sich das am einfachsten vorstellen, wenn man die Kohlendioxidbl\u00e4schen in einem Glas Mineralwasser vor Augen hat.<\/p>\n<p style=\"text-align: justify;\">Wieviel Duftstoff freigesetzt wird, ist stark davon abh\u00e4ngig, wie durchl\u00e4ssig der Boden ist. Wie bereits erw\u00e4hnt sind Lehmb\u00f6den, bestens geeignet. Entscheidend ist aber auch, wie stark es regnet. Ideal ist leichter Regen. Bei Starkregen wird die Freisetzung der Duftstoffe hingegen rasch unterbunden, da eine Blasenbildung durch die schnelle Durchn\u00e4ssung des Substrates deutlich verringert wird.<\/p>\n<p style=\"text-align: justify;\">Manche Leute meinen sogar, dass sie es riechen k\u00f6nnen, wenn es bald zu regnen beginnt. Auch das l\u00e4sst sich in manchen F\u00e4llen erkl\u00e4ren. Mit Ann\u00e4herung eines Regengebietes steigt in der Regel die Luftfeuchtigkeit. Dadurch lagert sich an den Poren von Steinen und Erde eine d\u00fcnne Schicht Feuchtigkeit an. Dies wiederum bewirkt, dass der Duftstoff bereits in sehr geringen Mengen freigesetzt wird. Mit einem feinen N\u00e4schen ist es also durchaus m\u00f6glich den Geruch auch schon vorher wahrzunehmen.<\/p>\n<p style=\"text-align: justify;\">Es gibt also einen Grund f\u00fcr den typischen Regengeruch. Diesen wird man aber so schnell erst einmal nicht wieder riechen. Nachdem letzte Niederschl\u00e4ge in S\u00fcdostbayern am heutigen Dienstag nachlassen, ist fr\u00fchestens zum Wochenende in einigen Gebieten wieder mit Regen zu rechnen. Bis dahin kommt das sommerliche und trockene Wetter im ganzen Land zur\u00fcck. Fr\u00fchestens zum Sonntag kann man seine Nase dann aber wieder trainieren.<\/p>\n<p style=\"text-align: justify;\">\u00dcbrigens: Man mag es nicht glauben, aber den Geruch von Petrichor kann man tats\u00e4chlich auch als Parf\u00fcm kaufen!<\/p>\n<p style=\"text-align: justify;\">Dipl.-Met. Marcus Beyer<\/p>\n<p style=\"text-align: justify;\">Deutscher Wetterdienst Vorhersage- und Beratungszentrale Offenbach, den 06.09.2016<\/p>\n<p style=\"text-align: justify;\">Copyright (c) Deutscher Wetterdienst<\/p>\n","protected":false},"excerpt":{"rendered":"<p>Der Geruch des Regens Die ersten Regentropfen nach einer langen Trockenphase &#8230; und dann dieser typische Geruch. Wie es zu diesem ganz speziellen Geruch kommt, erf\u00e4hrt man im heutigen Tagesthema. Mit nur kurzen Unterbrechungen macht der Sommer in Deutschland in <span class=\"excerpt-dots\">&hellip;<\/span> <a class=\"more-link\" href=\"https:\/\/www.hossi-im-netz.de\/wordpress\/der-geruch-des-regens\/\"><span class=\"more-msg\">Weiterlesen &rarr;<\/span><\/a><\/p>\n","protected":false},"author":1,"featured_media":4780,"comment_status":"open","ping_status":"closed","sticky":false,"template":"","format":"standard","meta":{"_exactmetrics_skip_tracking":false,"_exactmetrics_sitenote_active":false,"_exactmetrics_sitenote_note":"","_exactmetrics_sitenote_category":0,"jetpack_post_was_ever_published":false,"_jetpack_newsletter_access":"","_jetpack_dont_email_post_to_subs":false,"_jetpack_newsletter_tier_id":0,"_jetpack_memberships_contains_paywalled_content":false,"_jetpack_memberships_contains_paid_content":false,"footnotes":"","jetpack_publicize_message":"","jetpack_publicize_feature_enabled":true,"jetpack_social_post_already_shared":true,"jetpack_social_options":{"image_generator_settings":{"template":"highway","default_image_id":0,"font":"","enabled":false},"version":2}},"categories":[37],"tags":[25,55],"yst_prominent_words":[],"class_list":["post-4779","post","type-post","status-publish","format-standard","has-post-thumbnail","hentry","category-wetterblog","tag-regen","tag-sommer"],"jetpack_publicize_connections":[],"jetpack_featured_media_url":"https:\/\/www.hossi-im-netz.de\/wordpress\/wp-content\/uploads\/2016\/09\/image-4.jpeg","jetpack_sharing_enabled":true,"jetpack_shortlink":"https:\/\/wp.me\/p5DnIb-1f5","jetpack-related-posts":[],"jetpack_likes_enabled":true,"_links":{"self":[{"href":"https:\/\/www.hossi-im-netz.de\/wordpress\/wp-json\/wp\/v2\/posts\/4779","targetHints":{"allow":["GET"]}}],"collection":[{"href":"https:\/\/www.hossi-im-netz.de\/wordpress\/wp-json\/wp\/v2\/posts"}],"about":[{"href":"https:\/\/www.hossi-im-netz.de\/wordpress\/wp-json\/wp\/v2\/types\/post"}],"author":[{"embeddable":true,"href":"https:\/\/www.hossi-im-netz.de\/wordpress\/wp-json\/wp\/v2\/users\/1"}],"replies":[{"embeddable":true,"href":"https:\/\/www.hossi-im-netz.de\/wordpress\/wp-json\/wp\/v2\/comments?post=4779"}],"version-history":[{"count":1,"href":"https:\/\/www.hossi-im-netz.de\/wordpress\/wp-json\/wp\/v2\/posts\/4779\/revisions"}],"predecessor-version":[{"id":4781,"href":"https:\/\/www.hossi-im-netz.de\/wordpress\/wp-json\/wp\/v2\/posts\/4779\/revisions\/4781"}],"wp:featuredmedia":[{"embeddable":true,"href":"https:\/\/www.hossi-im-netz.de\/wordpress\/wp-json\/wp\/v2\/media\/4780"}],"wp:attachment":[{"href":"https:\/\/www.hossi-im-netz.de\/wordpress\/wp-json\/wp\/v2\/media?parent=4779"}],"wp:term":[{"taxonomy":"category","embeddable":true,"href":"https:\/\/www.hossi-im-netz.de\/wordpress\/wp-json\/wp\/v2\/categories?post=4779"},{"taxonomy":"post_tag","embeddable":true,"href":"https:\/\/www.hossi-im-netz.de\/wordpress\/wp-json\/wp\/v2\/tags?post=4779"},{"taxonomy":"yst_prominent_words","embeddable":true,"href":"https:\/\/www.hossi-im-netz.de\/wordpress\/wp-json\/wp\/v2\/yst_prominent_words?post=4779"}],"curies":[{"name":"wp","href":"https:\/\/api.w.org\/{rel}","templated":true}]}}