{"id":4791,"date":"2016-09-08T16:07:54","date_gmt":"2016-09-08T14:07:54","guid":{"rendered":"http:\/\/www.hossi-im-netz.de\/wordpress\/?p=4791"},"modified":"2016-09-08T16:07:54","modified_gmt":"2016-09-08T14:07:54","slug":"kleine-schoenheitsfehler","status":"publish","type":"post","link":"https:\/\/www.hossi-im-netz.de\/wordpress\/kleine-schoenheitsfehler\/","title":{"rendered":"Kleine Sch\u00f6nheitsfehler"},"content":{"rendered":"<h2 style=\"text-align: justify;\">Kleine Sch\u00f6nheitsfehler<\/h2>\n<p style=\"text-align: justify;\">\nDas sp\u00e4tsommerlich warme Wetter mit badetauglichen Temperaturen k\u00f6nnte bis weit in die n\u00e4chste Woche anhalten. Es gibt aber auch ein paar kleine &#8222;Sch\u00f6nheitsfehler&#8220;.<\/p>\n<p style=\"text-align: justify;\">Warteten die Sommerwetterfreunde im diesj\u00e4hrigen Sommer doch meist vergebens auf l\u00e4nger andauerndes Hochdruckwetter mit hohen Temperaturen au\u00dfer gegen Ende August, scheint das Wetter im September die entgangenen Freuden jetzt verst\u00e4rkt nachholen zu wollen. Temperaturen von 25 bis 30 Grad sind bis \u00fcber das Wochenende hinaus garantiert, so manches Freibad hat daher seine im Sommer kaum positiv verlaufene Saison bereits verl\u00e4ngert.<\/p>\n<p style=\"text-align: justify;\">Nicht verwunderlich ist deshalb, dass die ersten sieben Tage des Monats den September in Bezug auf den Temperaturverlauf auf vorl\u00e4ufigen Rekordkurs hieven. So lag die Durchschnittstemperatur mit ca. 17,5 Grad um etwa 4,2 Grad \u00fcber dem Septembermittel der international g\u00fcltigen Referenzperiode 1961 bis 1990. Sollte es mit diesem Wetter in diesem Monat noch l\u00e4nger so weitergehen, w\u00e4re der Septemberrekord aus dem Jahre 2006, bei dem es eine Durchschnittstemperatur von 16,9 Grad bei einer Abweichung von 3,6 Grad gab, tats\u00e4chlich &#8222;in Gefahr&#8220;.<\/p>\n<p style=\"text-align: justify;\">Schaut man sich die Vorhersagen bis weit in die n\u00e4chste Woche hinein an, so zeigen diese weiterhin viel Sonnenschein, meist nur wenige Wolken und h\u00f6chstens einzelne Schauer und Gewitter bei anhaltend hohen Temperaturen, die nicht selten bis fast 30 Grad oder knapp dar\u00fcber erreichen. Eiscafes, Bierg\u00e4rten und Freib\u00e4der k\u00f6nnen noch einmal richtigen Umsatz machen, der ihnen im Sommer meist nur m\u00e4\u00dfig gelingen wollte.<\/p>\n<p style=\"text-align: justify;\">Kleine &#8222;Sch\u00f6nheitsfehler&#8220; kann man in den Vorhersagen allerdings auch entdecken. So d\u00fcrften am morgigen Freitag ein paar dichtere Wolkenfelder von Nordwesten her durchziehen, die im Zusammenhang mit der nur schwach ausgepr\u00e4gten Kaltfront des Tiefs &#8222;Petra&#8220; mit Zentrum im Seegebiet zwischen Island und Schottland bei uns auftauchen. Zwar schw\u00e4cht &#8222;Petra&#8220; damit auch unser Sonnenhoch &#8222;Johannes&#8220;, ein durchgreifender Luftmassenwechsel oder Niederschl\u00e4ge sind mit Durchzug der Kaltfront jedoch kaum zu erwarten (siehe dazu die Aussichten f\u00fcr das Wochenende unter www.dwd.de\/DE\/wetter\/thema_des_tages\/2016\/9\/8.html).<\/p>\n<p style=\"text-align: justify;\">Den n\u00e4chsten kleinen Sch\u00f6nheitsfehler finden wir dann am Samstag und Sonntag, wenn erneut schwache Ausl\u00e4ufer des neuen Tiefs &#8222;Quila&#8220;, das von den Britischen Inseln nach Island zieht, von Nordwesten her auf uns zukommen und wiederum etwas mehr Wolken und sogar einzelne Schauer und Gewitter mitbringen. Am Samstag gilt dies vor allem f\u00fcr den Westen und Nordwesten, am Sonntag eher f\u00fcr den Norden und S\u00fcdosten. Vielerorts bleibt es aber auch dann noch trocken mit l\u00e4ngeren sonnigen Abschnitten und h\u00f6chstens leicht zur\u00fcckgehenden Temperaturen. Die neue Woche setzt diesen Trend fort, wobei die Temperaturen wieder ansteigen und die Schauer- und Gewitteraktivit\u00e4t zun\u00e4chst nachl\u00e4sst, bevor sie zur Wochenmitte hin erneut zunimmt.<\/p>\n<p style=\"text-align: justify;\">Ein weiterer Sch\u00f6nheitsfehler ist die anhaltende Trockenheit. So betr\u00e4gt die nutzbare Feldkapazit\u00e4t (die der Pflanze zur Verf\u00fcgung stehende Wassermenge) leichter B\u00f6den (lehmiger Sand) in vielen Teilen Deutschlands nur noch 10 bis 50 % (siehe www.dwd.de\/DE\/leistungen\/bodenfeuchte_dl\/bodenfeuchtedl.html), sodass einige Pflanzen (z.B. Mais) unter sogenanntem &#8222;Trockenstress&#8220; leiden. Selbst die schweren B\u00f6den (sandiger Lehm), die mehr Wasser speichern k\u00f6nnen als die leichten, sind teilweise von der Trockenheit betroffen. Das gilt vor allem f\u00fcr den Osten Deutschlands, wo der Sommer insgesamt oft zu trocken war. Aufgrund der Trockenheit der vergangenen Tage haben sich auch schon einige Bl\u00e4tter bestimmter Baumarten verf\u00e4rbt oder wurden bereits abgeworfen.<\/p>\n<p style=\"text-align: justify;\">Und noch ein Wermutstropfen l\u00e4sst sich finden: Die Waldbrandgefahr und die Graslandbrandgefahr sind erh\u00f6ht. So erreicht der Waldbrandgefahrenindex (siehe www.dwd.de\/waldbrand) gebietsweise Stufe 3 bis 4, was einer mittleren bis hohen Gefahr entspricht. Beim Graslandfeuerindex (www.dwd.de\/DE\/leistungen\/graslandfi\/graslandfi.html) wird vielfach die Stufe 4 erreicht, womit h\u00e4ufig eine hohe Gefahr besteht. Wer sich also in der Natur bewegt, sollte nicht f\u00e4hrl\u00e4ssig handeln und beispielsweise eine noch gl\u00fchende Zigarette achtlos wegwerfen oder aus dem Auto schnippen.<\/p>\n<p style=\"text-align: justify;\">Nicht zuletzt tr\u00fcbt noch ein weiterer kleiner Sch\u00f6nheitsfehler den ungest\u00f6rten Genuss des Sp\u00e4tsommerwetters: Die Sonneneinstrahlung ist immer noch recht intensiv, sodass der UV-Index weiterhin mittel bis hoch ist (siehe www.dwd.de\/uvindex). Insbesondere in der Mitte und im S\u00fcden Deutschlands sollte aufgepasst werden und gegen drohenden Sonnenbrand Schutzma\u00dfnahmen (Sonnencreme, Sonnenbrille, Hemd, mittags in den Schatten) ergriffen werden.<\/p>\n<p style=\"text-align: justify;\">L\u00e4sst man die oben aufgez\u00e4hlten kleinen Sch\u00f6nheitsfehler au\u00dfer Acht, kann man sich aber \u00fcber den Sonnenschein freuen, der bei den Menschen normalerweise die gute Laune steigert. Und nachts l\u00e4sst es sich auch schon gut durchl\u00fcften, hat die Luft doch aufgrund der immer l\u00e4nger werdenden N\u00e4chte die Chance, sich st\u00e4rker abzuk\u00fchlen als noch in den Sommermonaten.<\/p>\n<p style=\"text-align: justify;\">Dipl.-Met. Simon Trippler<\/p>\n<p style=\"text-align: justify;\">Deutscher Wetterdienst Vorhersage- und Beratungszentrale Offenbach, den 08.09.2016<\/p>\n<p style=\"text-align: justify;\">Copyright (c) Deutscher Wetterdienst<\/p>\n<p style=\"text-align: justify;\"><a href=\"https:\/\/www.hossi-im-netz.de\/wordpress\/wp-content\/uploads\/2016\/09\/image-6.jpeg\"><img loading=\"lazy\" decoding=\"async\" data-attachment-id=\"4792\" data-permalink=\"https:\/\/www.hossi-im-netz.de\/wordpress\/kleine-schoenheitsfehler\/image-783\/\" data-orig-file=\"https:\/\/www.hossi-im-netz.de\/wordpress\/wp-content\/uploads\/2016\/09\/image-6.jpeg\" data-orig-size=\"768,1297\" data-comments-opened=\"1\" data-image-meta=\"{&quot;aperture&quot;:&quot;0&quot;,&quot;credit&quot;:&quot;&quot;,&quot;camera&quot;:&quot;&quot;,&quot;caption&quot;:&quot;&quot;,&quot;created_timestamp&quot;:&quot;0&quot;,&quot;copyright&quot;:&quot;&quot;,&quot;focal_length&quot;:&quot;0&quot;,&quot;iso&quot;:&quot;0&quot;,&quot;shutter_speed&quot;:&quot;0&quot;,&quot;title&quot;:&quot;&quot;,&quot;orientation&quot;:&quot;0&quot;}\" data-image-title=\"Kleine Sch\u00f6nheitsfehler\" data-image-description=\"\" data-image-caption=\"\" data-medium-file=\"https:\/\/www.hossi-im-netz.de\/wordpress\/wp-content\/uploads\/2016\/09\/image-6-178x300.jpeg\" data-large-file=\"https:\/\/www.hossi-im-netz.de\/wordpress\/wp-content\/uploads\/2016\/09\/image-6-606x1024.jpeg\" class=\"alignnone size-full wp-image-4792\" src=\"https:\/\/www.hossi-im-netz.de\/wordpress\/wp-content\/uploads\/2016\/09\/image-6.jpeg\" alt=\"Kleine Sch\u00f6nheitsfehler\" width=\"768\" height=\"1297\" srcset=\"https:\/\/www.hossi-im-netz.de\/wordpress\/wp-content\/uploads\/2016\/09\/image-6.jpeg 768w, https:\/\/www.hossi-im-netz.de\/wordpress\/wp-content\/uploads\/2016\/09\/image-6-178x300.jpeg 178w, https:\/\/www.hossi-im-netz.de\/wordpress\/wp-content\/uploads\/2016\/09\/image-6-606x1024.jpeg 606w\" sizes=\"auto, (max-width: 768px) 100vw, 768px\" \/><\/a><\/p>\n","protected":false},"excerpt":{"rendered":"<p>Kleine Sch\u00f6nheitsfehler Das sp\u00e4tsommerlich warme Wetter mit badetauglichen Temperaturen k\u00f6nnte bis weit in die n\u00e4chste Woche anhalten. Es gibt aber auch ein paar kleine &#8222;Sch\u00f6nheitsfehler&#8220;. Warteten die Sommerwetterfreunde im diesj\u00e4hrigen Sommer doch meist vergebens auf l\u00e4nger andauerndes Hochdruckwetter mit hohen <span class=\"excerpt-dots\">&hellip;<\/span> <a class=\"more-link\" href=\"https:\/\/www.hossi-im-netz.de\/wordpress\/kleine-schoenheitsfehler\/\"><span class=\"more-msg\">Weiterlesen &rarr;<\/span><\/a><\/p>\n","protected":false},"author":1,"featured_media":4792,"comment_status":"open","ping_status":"closed","sticky":false,"template":"","format":"standard","meta":{"_exactmetrics_skip_tracking":false,"_exactmetrics_sitenote_active":false,"_exactmetrics_sitenote_note":"","_exactmetrics_sitenote_category":0,"jetpack_post_was_ever_published":false,"_jetpack_newsletter_access":"","_jetpack_dont_email_post_to_subs":false,"_jetpack_newsletter_tier_id":0,"_jetpack_memberships_contains_paywalled_content":false,"_jetpack_memberships_contains_paid_content":false,"footnotes":"","jetpack_publicize_message":"","jetpack_publicize_feature_enabled":true,"jetpack_social_post_already_shared":true,"jetpack_social_options":{"image_generator_settings":{"template":"highway","default_image_id":0,"font":"","enabled":false},"version":2}},"categories":[37],"tags":[218,55,841],"yst_prominent_words":[],"class_list":["post-4791","post","type-post","status-publish","format-standard","has-post-thumbnail","hentry","category-wetterblog","tag-herbst","tag-sommer","tag-spaetsommer"],"jetpack_publicize_connections":[],"jetpack_featured_media_url":"https:\/\/www.hossi-im-netz.de\/wordpress\/wp-content\/uploads\/2016\/09\/image-6.jpeg","jetpack_sharing_enabled":true,"jetpack_shortlink":"https:\/\/wp.me\/p5DnIb-1fh","jetpack-related-posts":[],"jetpack_likes_enabled":true,"_links":{"self":[{"href":"https:\/\/www.hossi-im-netz.de\/wordpress\/wp-json\/wp\/v2\/posts\/4791","targetHints":{"allow":["GET"]}}],"collection":[{"href":"https:\/\/www.hossi-im-netz.de\/wordpress\/wp-json\/wp\/v2\/posts"}],"about":[{"href":"https:\/\/www.hossi-im-netz.de\/wordpress\/wp-json\/wp\/v2\/types\/post"}],"author":[{"embeddable":true,"href":"https:\/\/www.hossi-im-netz.de\/wordpress\/wp-json\/wp\/v2\/users\/1"}],"replies":[{"embeddable":true,"href":"https:\/\/www.hossi-im-netz.de\/wordpress\/wp-json\/wp\/v2\/comments?post=4791"}],"version-history":[{"count":1,"href":"https:\/\/www.hossi-im-netz.de\/wordpress\/wp-json\/wp\/v2\/posts\/4791\/revisions"}],"predecessor-version":[{"id":4793,"href":"https:\/\/www.hossi-im-netz.de\/wordpress\/wp-json\/wp\/v2\/posts\/4791\/revisions\/4793"}],"wp:featuredmedia":[{"embeddable":true,"href":"https:\/\/www.hossi-im-netz.de\/wordpress\/wp-json\/wp\/v2\/media\/4792"}],"wp:attachment":[{"href":"https:\/\/www.hossi-im-netz.de\/wordpress\/wp-json\/wp\/v2\/media?parent=4791"}],"wp:term":[{"taxonomy":"category","embeddable":true,"href":"https:\/\/www.hossi-im-netz.de\/wordpress\/wp-json\/wp\/v2\/categories?post=4791"},{"taxonomy":"post_tag","embeddable":true,"href":"https:\/\/www.hossi-im-netz.de\/wordpress\/wp-json\/wp\/v2\/tags?post=4791"},{"taxonomy":"yst_prominent_words","embeddable":true,"href":"https:\/\/www.hossi-im-netz.de\/wordpress\/wp-json\/wp\/v2\/yst_prominent_words?post=4791"}],"curies":[{"name":"wp","href":"https:\/\/api.w.org\/{rel}","templated":true}]}}