{"id":4879,"date":"2016-09-27T05:27:44","date_gmt":"2016-09-27T03:27:44","guid":{"rendered":"http:\/\/www.hossi-im-netz.de\/wordpress\/?p=4879"},"modified":"2016-09-27T05:27:44","modified_gmt":"2016-09-27T03:27:44","slug":"wettervorhersage-brachwitz-wettin-loebejuen-saalekreis-halle-370","status":"publish","type":"post","link":"https:\/\/www.hossi-im-netz.de\/wordpress\/wettervorhersage-brachwitz-wettin-loebejuen-saalekreis-halle-370\/","title":{"rendered":"Wettervorhersage Brachwitz, Wettin-L\u00f6bej\u00fcn, Saalekreis, Halle"},"content":{"rendered":"<p style=\"text-align: justify;\">Wettervorhersage Brachwitz, Wettin-L\u00f6bej\u00fcn, Saalekreis, Halle<\/p>\n<div id=\"attachment_4880\" style=\"width: 838px\" class=\"wp-caption alignnone\"><a href=\"https:\/\/www.hossi-im-netz.de\/wordpress\/vorhersage\/\"><img loading=\"lazy\" decoding=\"async\" aria-describedby=\"caption-attachment-4880\" data-attachment-id=\"4880\" data-permalink=\"https:\/\/www.hossi-im-netz.de\/wordpress\/wettervorhersage-brachwitz-wettin-loebejuen-saalekreis-halle-370\/img_7339\/\" data-orig-file=\"https:\/\/www.hossi-im-netz.de\/wordpress\/wp-content\/uploads\/2016\/09\/IMG_7339.png\" data-orig-size=\"828,302\" data-comments-opened=\"1\" data-image-meta=\"{&quot;aperture&quot;:&quot;0&quot;,&quot;credit&quot;:&quot;&quot;,&quot;camera&quot;:&quot;&quot;,&quot;caption&quot;:&quot;&quot;,&quot;created_timestamp&quot;:&quot;0&quot;,&quot;copyright&quot;:&quot;&quot;,&quot;focal_length&quot;:&quot;0&quot;,&quot;iso&quot;:&quot;0&quot;,&quot;shutter_speed&quot;:&quot;0&quot;,&quot;title&quot;:&quot;&quot;,&quot;orientation&quot;:&quot;0&quot;}\" data-image-title=\"Wettervorhersage 27.09.2016\" data-image-description=\"\" data-image-caption=\"\" data-medium-file=\"https:\/\/www.hossi-im-netz.de\/wordpress\/wp-content\/uploads\/2016\/09\/IMG_7339-300x109.png\" data-large-file=\"https:\/\/www.hossi-im-netz.de\/wordpress\/wp-content\/uploads\/2016\/09\/IMG_7339.png\" class=\"wp-image-4880 size-full\" src=\"https:\/\/www.hossi-im-netz.de\/wordpress\/wp-content\/uploads\/2016\/09\/IMG_7339.png\" alt=\"Wettervorhersage 27.09.2016\" width=\"828\" height=\"302\" srcset=\"https:\/\/www.hossi-im-netz.de\/wordpress\/wp-content\/uploads\/2016\/09\/IMG_7339.png 828w, https:\/\/www.hossi-im-netz.de\/wordpress\/wp-content\/uploads\/2016\/09\/IMG_7339-300x109.png 300w, https:\/\/www.hossi-im-netz.de\/wordpress\/wp-content\/uploads\/2016\/09\/IMG_7339-768x280.png 768w\" sizes=\"auto, (max-width: 828px) 100vw, 828px\" \/><\/a><p id=\"caption-attachment-4880\" class=\"wp-caption-text\">www.yr.no<\/p><\/div>\n<p style=\"text-align: justify;\">\n<p style=\"text-align: justify;\">Morgens \u00f6rtlich Nebel. Wechselnd bew\u00f6lkt, einzelne Schauer, im Tagesverlauf zunehmende Auflockerungen und meist abklingende Schauer.<\/p>\n<p style=\"text-align: justify;\">Wetter- und Warnlage f\u00fcr die n\u00e4chsten 24 Stunden: Unter relativ hohem Luftdruck am Westrand einer Hochdruckzone \u00fcber dem Baltikum verliert die schwache Kaltfront zunehmend an Wetterwirksamkeit.<\/p>\n<p style=\"text-align: justify;\">In den Fr\u00fchstunden kann sich \u00f6rtlich Nebel bilden. Sonst werden tags\u00fcber keine warnrelevanten Wettererscheinungen erwartet.<\/p>\n<p style=\"text-align: justify;\">In der Nacht zum Mittwoch lebt der auf S\u00fcdwest drehende Wind allm\u00e4hlich etwas auf, auf dem Brocken werden etwa ab der zweiten Nachth\u00e4lfte WINDB\u00d6EN um 60 km\/h (Bft 7) erwartet.<\/p>\n<p style=\"text-align: justify;\">Detaillierter Wetterablauf: Heute fr\u00fch ist es \u00fcberwiegend dicht bew\u00f6lkt und \u00f6rtlich sind auch noch Schauer vorhanden. Nach Osten hin ist es meist gering bew\u00f6lkt und trocken, vor allem dort muss \u00f6rtlich mit Fr\u00fchnebelfeldern gerechnet werden. Tags\u00fcber klingen die Schauer im Westen ab und es lockert dort auf, sodass es nachmittags verbreitet wolkig, teils auch heiter ist. Es bleibt dann trocken. Bei schwachem s\u00fcdlichem Wind werden H\u00f6chsttemperaturen zwischen 20 und 23, im Harz zwischen 15 und 20 Grad erwartet. In der Nacht zum Mittwoch ist es zun\u00e4chst gering bew\u00f6lkt, bevor sich von Nordwesten wieder dichte Wolkenfelder ausbreiten. Es bleibt aber voraussichtlich trocken. Die Temperatur geht auf 13 bis 11, im Harz bis 8 Grad zur\u00fcck. Der allm\u00e4hlich auf S\u00fcdwest drehende Wind lebt insbesondere im Bergland auf, auf dem Brocken muss im Laufe der zweiten Nachth\u00e4lfte mit starken B\u00f6en um 60 km\/h (Bft 7) gerechnet werden.<\/p>\n<p style=\"text-align: justify;\">Am Mittwoch ist der Himmel \u00fcberwiegend stark bew\u00f6lkt und es regnet vor allem in der Nordh\u00e4lfte zeitweise etwas. Bei m\u00e4\u00dfigem und stark b\u00f6igem Westwind steigt die Temperatur auf 21 bis 23, im Harz auf 17 bis 20 Grad. Gebietsweise kommt es zu Windb\u00f6en bis 60 km\/h (Bft 7), in der Altmark sowie im Lee des Harzes sind auch st\u00fcrmische B\u00f6en bis 75 km\/h (Bft 8) m\u00f6glich. Auf dem Brocken treten schwere Sturmb\u00f6en bis 100 km\/h (Bft 10) auf. In der Nacht zum Donnerstag zieht die kompakte Wolkendecke ostw\u00e4rts ab. Allerdings werden vermehrt Schleierwolken vor\u00fcber ziehen. Es bleibt durchweg trocken. Bei m\u00e4\u00dfigem Wind aus s\u00fcdwestlichen Richtungen sinkt die Temperatur auf 15 bis 13, im Harz bis 10 Grad. Auf dem Brocken treten Sturmb\u00f6en bis 85 km\/h (Bft 9) auf.<\/p>\n<p style=\"text-align: justify;\">Am Donnerstag wird \u00fcberwiegend freundliches Wetter erwartet. Vor\u00fcberziehende Schleierwolken tr\u00fcben den Sonnenschein nur geringf\u00fcgig. Es bleibt trocken. Bei m\u00e4\u00dfigem und erneut b\u00f6igem S\u00fcdwestwind steigt die Temperatur auf 23 bis 25, im Harz auf 18 bis 23 Grad. Im Harz sind Windb\u00f6en bis 60 km\/h (Bft 7) und auf dem Brocken schwere Sturmb\u00f6en bis 100 km\/h (Bft 10) zu erwarten. In der Nacht zum Freitag ist es zun\u00e4chst gering bew\u00f6lkt. Im Nachtverlauf verdichtet sich jedoch die Bew\u00f6lkung von Nordwesten her und ausgangs der Nacht setzt entlang der nieders\u00e4chsischen Landesgrenze leichter Regen ein. Sonst bleibt es die ganze Nacht durchweg trocken. Der s\u00fcdwestliche Wind weht weiterhin m\u00e4\u00dfig und b\u00f6ig. Dabei sinkt die Temperatur auf 15 bis 13, im Harz bis 10 Grad. Auf dem Brocken treten weiterhin schwere Sturmb\u00f6en auf.<\/p>\n<p style=\"text-align: justify;\">Am Freitag ist es stark bew\u00f6lkt und im Tagesverlauf ist vereinzelt mit etwas Regen zu rechnen. Vielfach wird es aber niederschlagsfrei bleiben. Der Wind aus S\u00fcdwest weht im Mittel schwach bis m\u00e4\u00dfig und teils b\u00f6ig mit Spitzen um 50 km\/h (Bft 6) in exponierten Lagen. Auf dem Brocken werden Sturmb\u00f6en bis 85 km\/h (Bft 9) erwartet. Die Temperatur erreicht 18 bis 21 Grad, im Harz 14 bis 18 Grad. In der Nacht zum Samstag ist es vielerorts stark bew\u00f6lkt und gelegentlich, vor allem im S\u00fcden kann etwas Regen fallen. Nach Mitternacht zeigen sich im Norden schon wieder Auflockerungen. Der S\u00fcdwestwind weht schwach. Die Temperatur f\u00e4llt auf 12 bis 9 Grad, im Harz auf 10 bis 7 Grad ab.<\/p>\n<p style=\"text-align: justify;\">Deutscher Wetterdienst, RWB Leipzig, Sabine Kr\u00fcger<\/p>\n","protected":false},"excerpt":{"rendered":"<p>Wettervorhersage Brachwitz, Wettin-L\u00f6bej\u00fcn, Saalekreis, Halle Morgens \u00f6rtlich Nebel. Wechselnd bew\u00f6lkt, einzelne Schauer, im Tagesverlauf zunehmende Auflockerungen und meist abklingende Schauer. Wetter- und Warnlage f\u00fcr die n\u00e4chsten 24 Stunden: Unter relativ hohem Luftdruck am Westrand einer Hochdruckzone \u00fcber dem Baltikum verliert <span class=\"excerpt-dots\">&hellip;<\/span> <a class=\"more-link\" href=\"https:\/\/www.hossi-im-netz.de\/wordpress\/wettervorhersage-brachwitz-wettin-loebejuen-saalekreis-halle-370\/\"><span class=\"more-msg\">Weiterlesen &rarr;<\/span><\/a><\/p>\n","protected":false},"author":1,"featured_media":0,"comment_status":"open","ping_status":"closed","sticky":false,"template":"","format":"standard","meta":{"_exactmetrics_skip_tracking":false,"_exactmetrics_sitenote_active":false,"_exactmetrics_sitenote_note":"","_exactmetrics_sitenote_category":0,"jetpack_post_was_ever_published":false,"_jetpack_newsletter_access":"","_jetpack_dont_email_post_to_subs":false,"_jetpack_newsletter_tier_id":0,"_jetpack_memberships_contains_paywalled_content":false,"_jetpack_memberships_contains_paid_content":false,"footnotes":"","jetpack_publicize_message":"","jetpack_publicize_feature_enabled":true,"jetpack_social_post_already_shared":true,"jetpack_social_options":{"image_generator_settings":{"template":"highway","default_image_id":0,"font":"","enabled":false},"version":2}},"categories":[37],"tags":[39,5,95,38,96],"yst_prominent_words":[],"class_list":["post-4879","post","type-post","status-publish","format-standard","hentry","category-wetterblog","tag-brachwitz","tag-halle","tag-saalekreis","tag-wettervorhersage","tag-wettin-loebejuen"],"jetpack_publicize_connections":[],"jetpack_featured_media_url":"","jetpack_sharing_enabled":true,"jetpack_shortlink":"https:\/\/wp.me\/p5DnIb-1gH","jetpack-related-posts":[],"jetpack_likes_enabled":true,"_links":{"self":[{"href":"https:\/\/www.hossi-im-netz.de\/wordpress\/wp-json\/wp\/v2\/posts\/4879","targetHints":{"allow":["GET"]}}],"collection":[{"href":"https:\/\/www.hossi-im-netz.de\/wordpress\/wp-json\/wp\/v2\/posts"}],"about":[{"href":"https:\/\/www.hossi-im-netz.de\/wordpress\/wp-json\/wp\/v2\/types\/post"}],"author":[{"embeddable":true,"href":"https:\/\/www.hossi-im-netz.de\/wordpress\/wp-json\/wp\/v2\/users\/1"}],"replies":[{"embeddable":true,"href":"https:\/\/www.hossi-im-netz.de\/wordpress\/wp-json\/wp\/v2\/comments?post=4879"}],"version-history":[{"count":1,"href":"https:\/\/www.hossi-im-netz.de\/wordpress\/wp-json\/wp\/v2\/posts\/4879\/revisions"}],"predecessor-version":[{"id":4881,"href":"https:\/\/www.hossi-im-netz.de\/wordpress\/wp-json\/wp\/v2\/posts\/4879\/revisions\/4881"}],"wp:attachment":[{"href":"https:\/\/www.hossi-im-netz.de\/wordpress\/wp-json\/wp\/v2\/media?parent=4879"}],"wp:term":[{"taxonomy":"category","embeddable":true,"href":"https:\/\/www.hossi-im-netz.de\/wordpress\/wp-json\/wp\/v2\/categories?post=4879"},{"taxonomy":"post_tag","embeddable":true,"href":"https:\/\/www.hossi-im-netz.de\/wordpress\/wp-json\/wp\/v2\/tags?post=4879"},{"taxonomy":"yst_prominent_words","embeddable":true,"href":"https:\/\/www.hossi-im-netz.de\/wordpress\/wp-json\/wp\/v2\/yst_prominent_words?post=4879"}],"curies":[{"name":"wp","href":"https:\/\/api.w.org\/{rel}","templated":true}]}}