{"id":4882,"date":"2016-09-27T13:58:24","date_gmt":"2016-09-27T11:58:24","guid":{"rendered":"http:\/\/www.hossi-im-netz.de\/wordpress\/?p=4882"},"modified":"2016-09-27T13:58:24","modified_gmt":"2016-09-27T11:58:24","slug":"karl-der-aussertropische","status":"publish","type":"post","link":"https:\/\/www.hossi-im-netz.de\/wordpress\/karl-der-aussertropische\/","title":{"rendered":"Karl &#8211; der Au\u00dfertropische"},"content":{"rendered":"<h2 style=\"text-align: justify;\">Karl &#8211; der Au\u00dfertropische<\/h2>\n<p style=\"text-align: justify;\">\nEin ehemaliger Tropensturm gelangt aktuell in unsere Gefilde. Dabei hat er schon eine lange Reise hinter sich und sich au\u00dferdem zu einem au\u00dfertropischen Sturm umgewandelt. Wo ist er hergekommen und warum gibt es dabei besondere Vorhersageschwierigkeiten?<\/p>\n<p style=\"text-align: justify;\">Das Tiefdruckgebiet &#8222;ex-Karl&#8220;, das am heutigen Dienstagmorgen auf unseren Wetterkarten mit Zentrum im Seegebiet s\u00fcdwestlich von Island zu finden ist und auch unser Wetter in Deutschland beeinflussen wird, war ehemals ein tropischer Sturm. Derzeit f\u00fchrt es seine Existenz noch als au\u00dfertropisches Tiefdruckgebiet weiter, bevor es in den n\u00e4chsten Tagen zum Nordmeer weiterzieht und sich langsam auff\u00fcllt.<\/p>\n<p style=\"text-align: justify;\">&#8222;Ex-Karl&#8220; hatte sich am 14. September 2016 nachmittags in der N\u00e4he der Kapverdischen Inseln bei etwa 17 Grad n\u00f6rdlicher Breite und 25 Grad westlicher L\u00e4nge als sogenannte &#8222;Tropische Depression&#8220; (oder auch &#8222;Tropische St\u00f6rung&#8220;) gebildet und die vorl\u00e4ufige Bezeichnung &#8222;Twelve&#8220; bekommen (siehe dazu die Grafik zur Zugbahn von &#8222;Karl&#8220; unter www.dwd.de\/DE\/wetter\/thema_des_tages\/2016\/9\/27.html). In der Nacht zum 16. September wurde bei der retrograden Wanderung des Wirbelsturms mit der Str\u00f6mung gen Westen aus &#8222;Twelve&#8220; der Tropensturm &#8222;Karl&#8220;. Ein paar Tage sp\u00e4ter bog der Wirbelsturm in nordwestliche Richtung ab und zog knapp an den Bermudas vorbei, wobei er dort auf den Inseln trotz st\u00e4rkerem Regen kaum gr\u00f6\u00dfere Sch\u00e4den anrichtete.<\/p>\n<p style=\"text-align: justify;\">Seit dem vergangenen Sonntag (25. September) hat &#8222;Karl&#8220;, nachdem er nun in nord\u00f6stliche Richtung weiterzog, die sogenannte Westwindzone, die sich etwa zwischen 40 und 60 Grad n\u00f6rdlicher Breite befindet, erreicht. Bei der Eingliederung in diese hat er sich nach Angaben des amerikanischen National Hurricane Center (NHC) bei etwa 40 Grad n\u00f6rdlicher Breite und bei 48 Grad westlicher L\u00e4nge von einem tropischen Sturm zu einem au\u00dfertropischen Tief umgewandelt, weshalb nun die Bezeichnung &#8222;ex&#8220; dem Namen vorangestellt wurde. Bei der Einbindung von &#8222;Karl&#8220; in die Westwinddrift wurde er von einem dort vorhandenen Tief aufgenommen, was aber sonst nicht unbedingt die Regel ist.<\/p>\n<p style=\"text-align: justify;\">Die Umwandlung von einem Tropensturm in ein au\u00dfertropisches Tief wird in der Meteorologie &#8222;Extratropical Transition&#8220; (ET, englisch f\u00fcr &#8222;au\u00dfertropischer \u00dcbergang&#8220;) genannt. Die Vorg\u00e4nge dabei sind komplex, was vor allem die Vorhersage schwierig und weitere Forschung notwendig macht.<\/p>\n<p style=\"text-align: justify;\">Die Vorhersageproblematik umfasst mehrere Aspekte. Zum einen erh\u00f6ht sich bei der ET die Verlagerungsgeschwindigkeit des Tiefs von im Mittel 5 m\/s auf zum Teil 20 m\/s, wodurch die Vorhersage der zuk\u00fcnftigen Lage des Tiefs erschwert wird. Des Weiteren geht die Entwicklung des Tiefs bei der ET h\u00e4ufig mit kr\u00e4ftigem Druckfall einher, obwohl es sich zuvor auf dem Weg nach Norden durch ung\u00fcnstigere thermische Bedingungen meist erst einmal abschw\u00e4cht. Dar\u00fcber hinaus sind tropische Systeme oft relativ kleinr\u00e4umig, sodass die globalen Modelle mit ihren gr\u00f6beren Maschenweiten diese nicht vollst\u00e4ndig aufl\u00f6sen (erfassen) k\u00f6nnen, was die Vorhersage weiter erschwert.<\/p>\n<p style=\"text-align: justify;\">Alle Aspekte zusammen sorgen daf\u00fcr, dass die Prognosen der ET eines Tiefs und die damit zusammenh\u00e4ngenden Wetterelemente (z.B. Niederschlag und Wind) insgesamt mit gr\u00f6\u00dferen Unsicherheiten behaftet sind. Nach der Umwandlung nimmt das Tief dann typische Eigenschaften eines normalen au\u00dfertropischen Tiefs an und die Vorhersage wird wieder besser.<\/p>\n<p style=\"text-align: justify;\">Die Ausl\u00e4ufer von &#8222;ex-Karl&#8220; werden in der Nacht zum Mittwoch und am Mittwoch den Norden und Nordwesten von Deutschland erreichen. Dabei schw\u00e4cht sich die Wetteraktivit\u00e4t allerdings ab, weil das \u00fcber Frankreich sich kr\u00e4ftigende Hoch &#8222;Otto&#8220; stark dagegen h\u00e4lt. F\u00fcr etwas Regen im Norden und Nordwesten wird es aber reichen, zudem frischt dort der Wind sp\u00fcrbar auf. In der Nordh\u00e4lfte k\u00f6nnen dann B\u00f6en der St\u00e4rke 7, exponiert auch der St\u00e4rke 8 auftreten.<\/p>\n<p style=\"text-align: justify;\">Anschlie\u00dfend zieht &#8222;ex-Karl&#8220; ins Nordmeer weiter und wird f\u00fcr unser Wettergeschehen keine Rolle mehr spielen. Ob er sich danach aufl\u00f6st oder noch ein paar Tage weiter existiert, ist noch nicht ganz klar. Eine Lebensdauer von \u00fcber 14 Tagen f\u00fcr ein derartig &#8222;weit gereistes&#8220; Tief ist durchaus nichts Ungew\u00f6hnliches.<\/p>\n<p style=\"text-align: justify;\">Dipl.-Met. Simon Trippler<\/p>\n<p style=\"text-align: justify;\">Deutscher Wetterdienst Vorhersage- und Beratungszentrale Offenbach, den 27.09.2016<\/p>\n<p style=\"text-align: justify;\">Copyright (c) Deutscher Wetterdienst<\/p>\n<p style=\"text-align: justify;\">\n<p style=\"text-align: justify;\"><a href=\"https:\/\/www.hossi-im-netz.de\/wordpress\/wp-content\/uploads\/2016\/09\/IMG_7341.jpg\"><img loading=\"lazy\" decoding=\"async\" data-attachment-id=\"4883\" data-permalink=\"https:\/\/www.hossi-im-netz.de\/wordpress\/karl-der-aussertropische\/img_7341\/\" data-orig-file=\"https:\/\/www.hossi-im-netz.de\/wordpress\/wp-content\/uploads\/2016\/09\/IMG_7341.jpg\" data-orig-size=\"1127,649\" data-comments-opened=\"1\" data-image-meta=\"{&quot;aperture&quot;:&quot;0&quot;,&quot;credit&quot;:&quot;&quot;,&quot;camera&quot;:&quot;&quot;,&quot;caption&quot;:&quot;&quot;,&quot;created_timestamp&quot;:&quot;0&quot;,&quot;copyright&quot;:&quot;&quot;,&quot;focal_length&quot;:&quot;0&quot;,&quot;iso&quot;:&quot;0&quot;,&quot;shutter_speed&quot;:&quot;0&quot;,&quot;title&quot;:&quot;&quot;,&quot;orientation&quot;:&quot;0&quot;}\" data-image-title=\"Karl &amp;#8211; der Au\u00dfertropische\" data-image-description=\"\" data-image-caption=\"\" data-medium-file=\"https:\/\/www.hossi-im-netz.de\/wordpress\/wp-content\/uploads\/2016\/09\/IMG_7341-300x173.jpg\" data-large-file=\"https:\/\/www.hossi-im-netz.de\/wordpress\/wp-content\/uploads\/2016\/09\/IMG_7341-1024x590.jpg\" class=\"alignnone size-full wp-image-4883\" src=\"https:\/\/www.hossi-im-netz.de\/wordpress\/wp-content\/uploads\/2016\/09\/IMG_7341.jpg\" alt=\"Karl - der Au\u00dfertropische\" width=\"1127\" height=\"649\" srcset=\"https:\/\/www.hossi-im-netz.de\/wordpress\/wp-content\/uploads\/2016\/09\/IMG_7341.jpg 1127w, https:\/\/www.hossi-im-netz.de\/wordpress\/wp-content\/uploads\/2016\/09\/IMG_7341-300x173.jpg 300w, https:\/\/www.hossi-im-netz.de\/wordpress\/wp-content\/uploads\/2016\/09\/IMG_7341-768x442.jpg 768w, https:\/\/www.hossi-im-netz.de\/wordpress\/wp-content\/uploads\/2016\/09\/IMG_7341-1024x590.jpg 1024w\" sizes=\"auto, (max-width: 1127px) 100vw, 1127px\" \/><\/a><\/p>\n","protected":false},"excerpt":{"rendered":"<p>Karl &#8211; der Au\u00dfertropische Ein ehemaliger Tropensturm gelangt aktuell in unsere Gefilde. Dabei hat er schon eine lange Reise hinter sich und sich au\u00dferdem zu einem au\u00dfertropischen Sturm umgewandelt. Wo ist er hergekommen und warum gibt es dabei besondere Vorhersageschwierigkeiten? <span class=\"excerpt-dots\">&hellip;<\/span> <a class=\"more-link\" href=\"https:\/\/www.hossi-im-netz.de\/wordpress\/karl-der-aussertropische\/\"><span class=\"more-msg\">Weiterlesen &rarr;<\/span><\/a><\/p>\n","protected":false},"author":1,"featured_media":4883,"comment_status":"open","ping_status":"closed","sticky":false,"template":"","format":"standard","meta":{"_exactmetrics_skip_tracking":false,"_exactmetrics_sitenote_active":false,"_exactmetrics_sitenote_note":"","_exactmetrics_sitenote_category":0,"jetpack_post_was_ever_published":false,"_jetpack_newsletter_access":"","_jetpack_dont_email_post_to_subs":false,"_jetpack_newsletter_tier_id":0,"_jetpack_memberships_contains_paywalled_content":false,"_jetpack_memberships_contains_paid_content":false,"footnotes":"","jetpack_publicize_message":"","jetpack_publicize_feature_enabled":true,"jetpack_social_post_already_shared":true,"jetpack_social_options":{"image_generator_settings":{"template":"highway","default_image_id":0,"font":"","enabled":false},"version":2}},"categories":[37],"tags":[388,218,833,340,208,853,213,273],"yst_prominent_words":[],"class_list":["post-4882","post","type-post","status-publish","format-standard","has-post-thumbnail","hentry","category-wetterblog","tag-388","tag-herbst","tag-herbst-2016","tag-herbststurm","tag-hurrikan","tag-karl","tag-sturm","tag-tropensturm"],"jetpack_publicize_connections":[],"jetpack_featured_media_url":"https:\/\/www.hossi-im-netz.de\/wordpress\/wp-content\/uploads\/2016\/09\/IMG_7341.jpg","jetpack_sharing_enabled":true,"jetpack_shortlink":"https:\/\/wp.me\/p5DnIb-1gK","jetpack-related-posts":[],"jetpack_likes_enabled":true,"_links":{"self":[{"href":"https:\/\/www.hossi-im-netz.de\/wordpress\/wp-json\/wp\/v2\/posts\/4882","targetHints":{"allow":["GET"]}}],"collection":[{"href":"https:\/\/www.hossi-im-netz.de\/wordpress\/wp-json\/wp\/v2\/posts"}],"about":[{"href":"https:\/\/www.hossi-im-netz.de\/wordpress\/wp-json\/wp\/v2\/types\/post"}],"author":[{"embeddable":true,"href":"https:\/\/www.hossi-im-netz.de\/wordpress\/wp-json\/wp\/v2\/users\/1"}],"replies":[{"embeddable":true,"href":"https:\/\/www.hossi-im-netz.de\/wordpress\/wp-json\/wp\/v2\/comments?post=4882"}],"version-history":[{"count":1,"href":"https:\/\/www.hossi-im-netz.de\/wordpress\/wp-json\/wp\/v2\/posts\/4882\/revisions"}],"predecessor-version":[{"id":4884,"href":"https:\/\/www.hossi-im-netz.de\/wordpress\/wp-json\/wp\/v2\/posts\/4882\/revisions\/4884"}],"wp:featuredmedia":[{"embeddable":true,"href":"https:\/\/www.hossi-im-netz.de\/wordpress\/wp-json\/wp\/v2\/media\/4883"}],"wp:attachment":[{"href":"https:\/\/www.hossi-im-netz.de\/wordpress\/wp-json\/wp\/v2\/media?parent=4882"}],"wp:term":[{"taxonomy":"category","embeddable":true,"href":"https:\/\/www.hossi-im-netz.de\/wordpress\/wp-json\/wp\/v2\/categories?post=4882"},{"taxonomy":"post_tag","embeddable":true,"href":"https:\/\/www.hossi-im-netz.de\/wordpress\/wp-json\/wp\/v2\/tags?post=4882"},{"taxonomy":"yst_prominent_words","embeddable":true,"href":"https:\/\/www.hossi-im-netz.de\/wordpress\/wp-json\/wp\/v2\/yst_prominent_words?post=4882"}],"curies":[{"name":"wp","href":"https:\/\/api.w.org\/{rel}","templated":true}]}}