{"id":4909,"date":"2016-10-01T12:24:45","date_gmt":"2016-10-01T10:24:45","guid":{"rendered":"http:\/\/www.hossi-im-netz.de\/wordpress\/?p=4909"},"modified":"2016-10-01T12:24:45","modified_gmt":"2016-10-01T10:24:45","slug":"ein-tief-macht-die-welle","status":"publish","type":"post","link":"https:\/\/www.hossi-im-netz.de\/wordpress\/ein-tief-macht-die-welle\/","title":{"rendered":"Ein Tief macht die Welle"},"content":{"rendered":"<h2 style=\"text-align: justify;\">Ein Tief macht die Welle<\/h2>\n<p style=\"text-align: justify;\">\nEine Kaltfront des Tiefs WALPURGA liegt quer \u00fcber Deutschland und Mitteleuropa und beginnt zu verwellen. Daraus kann, wie derzeit auch, ein neues Tief entstehen, das dann einigen Regen bringt.<\/p>\n<p style=\"text-align: justify;\">Ein Blick in die Wetterk\u00fcche am heutigen Samstag zeigt ein interessantes Ph\u00e4nomen, das uns in den n\u00e4chsten Stunden vielerorts Regen bringt. So findet sich auf der Bodenwetterkarte eine Welle, genauer gesagt eine &#8222;wellende Kaltfront&#8220; (oder auch &#8222;frontale Welle&#8220;). Sie sorgt gebietsweise f\u00fcr teils l\u00e4nger andauernden Regen, der angesichts der zum Teil schon seit Wochen andauernden Trockenheit von der Natur sicherlich h\u00f6chst Willkommen gehei\u00dfen wird. Was aber ist eine wellende Kaltfront?<\/p>\n<p style=\"text-align: justify;\">Ausgangspunkt dabei ist eine bereits vorhandene &#8222;normale&#8220; Kaltfront eines Tiefdruckgebietes. Im aktuellen Fall geh\u00f6rt diese zum Tief WALPURGA, das sein Zentrum heute Morgen an der Nordspitze von Norwegen hatte. Die Kaltfront erreichte Mitteleuropa und Deutschland am Donnerstagabend von Nordwesten her und brachte neben einigen dichten Wolken gebietsweise leichten Regen. Langsam zog die Kaltfront in Richtung S\u00fcdosten weiter, wobei hoher Luftdruck im S\u00fcden und S\u00fcdosten Europas die Wetteraktivit\u00e4t abschw\u00e4chte.<\/p>\n<p style=\"text-align: justify;\">Zudem nahm die wellende Kaltfront damit auch eine zur s\u00fcdwestlichen H\u00f6henstr\u00f6mung \u00fcber Mitteleuropa parallele Lage an. Die sogenannte frontensenkrechte Komponente (die zur Front senkrechte Komponente der Str\u00f6mungsgeschwindigkeit) wurde folglich immer weiter verringert, womit die Verlagerungsgeschwindigkeit der Kaltfront bald gegen Null ging und sie mehr oder weniger quasistation\u00e4r (die Front bewegt sich kaum noch) wurde.<\/p>\n<p style=\"text-align: justify;\">Kommt es nun zu einer Deformation des zur Front parallel verlaufenden Druckfeldes, beginnt die Front zu wellen. Ursache f\u00fcr die Verwellung kann zum Beispiel die Orografie sein, h\u00e4ufig aber sind H\u00f6hentr\u00f6ge (tiefer Druck in der H\u00f6he) daf\u00fcr verantwortlich. So auch im aktuellen Fall, wo \u00fcber den Britischen Inseln in der H\u00f6he ein Tief zu finden ist. Auf der Vorderseite dieses H\u00f6hentiefs setzte am Boden \u00fcber Frankreich Druckfall ein, sodass das Druckfeld dort modifiziert wurde und sich ein Bereich tiefen Drucks an der Kaltfront ausbildete. Das sich bildende Tief selber bekam den Namen XUN (siehe dazu die Bodendruckanalysen von Freitag und Samstag unter www.dwd.de\/DE\/wetter\/thema_des_tages\/2016\/10\/1.html).<\/p>\n<p style=\"text-align: justify;\">Im Bereich des tieferen Drucks aber dreht die Str\u00f6mung. So wird aus einem Teil der Kaltfront, der im Punkt des tiefsten Drucks beginnt und im Punkt des n\u00e4chstgelegenen h\u00f6chsten Drucks wieder endet, eine Warmfront und die Welle ist entstanden. Neben Kaltfrontwellen gibt es auch Warmfrontwellen, dabei wird ein Teil der Warmfront zur Kaltfront.<\/p>\n<p style=\"text-align: justify;\">Charakteristisch f\u00fcr Wellen sind l\u00e4nger andauernde Niederschl\u00e4ge, die in einem recht eng begrenzten Streifen entlang der wellenden Front auftreten. Der meiste Regen f\u00e4llt im Wellenbereich vor dem Wellenscheitel bzw. dem Bereich des tiefsten Luftdrucks, wobei das neue entstandene Tief mit der vorhandenen Str\u00f6mung weiterzieht.<\/p>\n<p style=\"text-align: justify;\">So erreicht das \u00fcber Frankreich entstandene Wellentief mit der s\u00fcdwestlichen Str\u00f6mung am heutigen Samstag Deutschland und bringt hierzulande gebietsweise Regen. Die h\u00f6chsten Regenmengen werden vom Saarland und Rheinland-Pfalz bis ins westliche Th\u00fcringen erwartet, dort fallen 10 bis 15 Liter Regen pro Quadratmeter. Im Saarland und in der Pfalz k\u00f6nnen lokal 15 bis 25 Liter pro Quadratmeter vom Himmel herunter kommen.<\/p>\n<p style=\"text-align: justify;\">Am Sonntag zieht die Welle nach Osten ab und der Luftdruck beginnt bei uns allm\u00e4hlich wieder zu steigen. Wer jetzt jedoch darauf hofft, noch ein paar sp\u00e4tsommerlich-warme Tage erleben zu k\u00f6nnen, wird entt\u00e4uscht werden. Einerseits treten bis Dienstag noch Schauer und kurze Gewitter auf, andererseits dreht der Wind mit dem \u00fcber Skandinavien liegenden Hoch langsam auf Nordost und verh\u00e4ltnism\u00e4\u00dfig k\u00fchle Luft wird zu uns gef\u00fchrt. Zwar gibt es zur Wochenmitte hin auch einigen Sonnenschein, mit mehr als 10 bis 18 Grad ist aber dennoch kaum zu rechnen. Nachts gehen die Temperaturen bald sogar auf niedrige einstellige Werte zur\u00fcck, \u00f6rtlich k\u00f6nnte es dann Frost und gebietsweise Bodenfrost geben.<\/p>\n<p style=\"text-align: justify;\">Dipl.-Met. Simon Trippler<\/p>\n<p style=\"text-align: justify;\">Deutscher Wetterdienst Vorhersage- und Beratungszentrale Offenbach, den 01.10.2016<\/p>\n<p style=\"text-align: justify;\">Copyright (c) Deutscher Wetterdienst<\/p>\n<p style=\"text-align: justify;\">\n<p style=\"text-align: justify;\"><a href=\"https:\/\/www.hossi-im-netz.de\/wordpress\/wp-content\/uploads\/2016\/10\/IMG_7400.jpg\"><img loading=\"lazy\" decoding=\"async\" data-attachment-id=\"4910\" data-permalink=\"https:\/\/www.hossi-im-netz.de\/wordpress\/ein-tief-macht-die-welle\/img_7400\/\" data-orig-file=\"https:\/\/www.hossi-im-netz.de\/wordpress\/wp-content\/uploads\/2016\/10\/IMG_7400.jpg\" data-orig-size=\"800,1133\" data-comments-opened=\"1\" data-image-meta=\"{&quot;aperture&quot;:&quot;0&quot;,&quot;credit&quot;:&quot;&quot;,&quot;camera&quot;:&quot;&quot;,&quot;caption&quot;:&quot;&quot;,&quot;created_timestamp&quot;:&quot;0&quot;,&quot;copyright&quot;:&quot;&quot;,&quot;focal_length&quot;:&quot;0&quot;,&quot;iso&quot;:&quot;0&quot;,&quot;shutter_speed&quot;:&quot;0&quot;,&quot;title&quot;:&quot;&quot;,&quot;orientation&quot;:&quot;0&quot;}\" data-image-title=\"Ein Tief macht die Welle\" data-image-description=\"\" data-image-caption=\"\" data-medium-file=\"https:\/\/www.hossi-im-netz.de\/wordpress\/wp-content\/uploads\/2016\/10\/IMG_7400-212x300.jpg\" data-large-file=\"https:\/\/www.hossi-im-netz.de\/wordpress\/wp-content\/uploads\/2016\/10\/IMG_7400-723x1024.jpg\" class=\"alignnone size-full wp-image-4910\" src=\"https:\/\/www.hossi-im-netz.de\/wordpress\/wp-content\/uploads\/2016\/10\/IMG_7400.jpg\" alt=\"Ein Tief macht die Welle\" width=\"800\" height=\"1133\" srcset=\"https:\/\/www.hossi-im-netz.de\/wordpress\/wp-content\/uploads\/2016\/10\/IMG_7400.jpg 800w, https:\/\/www.hossi-im-netz.de\/wordpress\/wp-content\/uploads\/2016\/10\/IMG_7400-212x300.jpg 212w, https:\/\/www.hossi-im-netz.de\/wordpress\/wp-content\/uploads\/2016\/10\/IMG_7400-768x1088.jpg 768w, https:\/\/www.hossi-im-netz.de\/wordpress\/wp-content\/uploads\/2016\/10\/IMG_7400-723x1024.jpg 723w\" sizes=\"auto, (max-width: 800px) 100vw, 800px\" \/><\/a><\/p>\n","protected":false},"excerpt":{"rendered":"<p>Ein Tief macht die Welle Eine Kaltfront des Tiefs WALPURGA liegt quer \u00fcber Deutschland und Mitteleuropa und beginnt zu verwellen. Daraus kann, wie derzeit auch, ein neues Tief entstehen, das dann einigen Regen bringt. Ein Blick in die Wetterk\u00fcche am <span class=\"excerpt-dots\">&hellip;<\/span> <a class=\"more-link\" href=\"https:\/\/www.hossi-im-netz.de\/wordpress\/ein-tief-macht-die-welle\/\"><span class=\"more-msg\">Weiterlesen &rarr;<\/span><\/a><\/p>\n","protected":false},"author":1,"featured_media":4910,"comment_status":"open","ping_status":"closed","sticky":false,"template":"","format":"standard","meta":{"_exactmetrics_skip_tracking":false,"_exactmetrics_sitenote_active":false,"_exactmetrics_sitenote_note":"","_exactmetrics_sitenote_category":0,"jetpack_post_was_ever_published":false,"_jetpack_newsletter_access":"","_jetpack_dont_email_post_to_subs":false,"_jetpack_newsletter_tier_id":0,"_jetpack_memberships_contains_paywalled_content":false,"_jetpack_memberships_contains_paid_content":false,"footnotes":"","jetpack_publicize_message":"","jetpack_publicize_feature_enabled":true,"jetpack_social_post_already_shared":true,"jetpack_social_options":{"image_generator_settings":{"template":"highway","default_image_id":0,"font":"","enabled":false},"version":2}},"categories":[37],"tags":[83,492,859,858],"yst_prominent_words":[],"class_list":["post-4909","post","type-post","status-publish","format-standard","has-post-thumbnail","hentry","category-wetterblog","tag-tief","tag-tiefdruckgebiet","tag-walpurga","tag-welle"],"jetpack_publicize_connections":[],"jetpack_featured_media_url":"https:\/\/www.hossi-im-netz.de\/wordpress\/wp-content\/uploads\/2016\/10\/IMG_7400.jpg","jetpack_sharing_enabled":true,"jetpack_shortlink":"https:\/\/wp.me\/p5DnIb-1hb","jetpack-related-posts":[],"jetpack_likes_enabled":true,"_links":{"self":[{"href":"https:\/\/www.hossi-im-netz.de\/wordpress\/wp-json\/wp\/v2\/posts\/4909","targetHints":{"allow":["GET"]}}],"collection":[{"href":"https:\/\/www.hossi-im-netz.de\/wordpress\/wp-json\/wp\/v2\/posts"}],"about":[{"href":"https:\/\/www.hossi-im-netz.de\/wordpress\/wp-json\/wp\/v2\/types\/post"}],"author":[{"embeddable":true,"href":"https:\/\/www.hossi-im-netz.de\/wordpress\/wp-json\/wp\/v2\/users\/1"}],"replies":[{"embeddable":true,"href":"https:\/\/www.hossi-im-netz.de\/wordpress\/wp-json\/wp\/v2\/comments?post=4909"}],"version-history":[{"count":1,"href":"https:\/\/www.hossi-im-netz.de\/wordpress\/wp-json\/wp\/v2\/posts\/4909\/revisions"}],"predecessor-version":[{"id":4911,"href":"https:\/\/www.hossi-im-netz.de\/wordpress\/wp-json\/wp\/v2\/posts\/4909\/revisions\/4911"}],"wp:featuredmedia":[{"embeddable":true,"href":"https:\/\/www.hossi-im-netz.de\/wordpress\/wp-json\/wp\/v2\/media\/4910"}],"wp:attachment":[{"href":"https:\/\/www.hossi-im-netz.de\/wordpress\/wp-json\/wp\/v2\/media?parent=4909"}],"wp:term":[{"taxonomy":"category","embeddable":true,"href":"https:\/\/www.hossi-im-netz.de\/wordpress\/wp-json\/wp\/v2\/categories?post=4909"},{"taxonomy":"post_tag","embeddable":true,"href":"https:\/\/www.hossi-im-netz.de\/wordpress\/wp-json\/wp\/v2\/tags?post=4909"},{"taxonomy":"yst_prominent_words","embeddable":true,"href":"https:\/\/www.hossi-im-netz.de\/wordpress\/wp-json\/wp\/v2\/yst_prominent_words?post=4909"}],"curies":[{"name":"wp","href":"https:\/\/api.w.org\/{rel}","templated":true}]}}