{"id":4945,"date":"2016-10-06T05:34:43","date_gmt":"2016-10-06T03:34:43","guid":{"rendered":"http:\/\/www.hossi-im-netz.de\/wordpress\/?p=4945"},"modified":"2016-10-06T05:34:43","modified_gmt":"2016-10-06T03:34:43","slug":"wettervorhersage-brachwitz-wettin-loebejuen-saalekreis-halle-379","status":"publish","type":"post","link":"https:\/\/www.hossi-im-netz.de\/wordpress\/wettervorhersage-brachwitz-wettin-loebejuen-saalekreis-halle-379\/","title":{"rendered":"Wettervorhersage Brachwitz, Wettin-L\u00f6bej\u00fcn, Saalekreis, Halle"},"content":{"rendered":"<p style=\"text-align: justify;\">Wettervorhersage Brachwitz, Wettin-L\u00f6bej\u00fcn, Saalekreis, Halle<\/p>\n<div id=\"attachment_4946\" style=\"width: 838px\" class=\"wp-caption alignnone\"><a href=\"https:\/\/www.hossi-im-netz.de\/wordpress\/vorhersage\/\"><img loading=\"lazy\" decoding=\"async\" aria-describedby=\"caption-attachment-4946\" data-attachment-id=\"4946\" data-permalink=\"https:\/\/www.hossi-im-netz.de\/wordpress\/wettervorhersage-brachwitz-wettin-loebejuen-saalekreis-halle-379\/img_0002\/\" data-orig-file=\"https:\/\/www.hossi-im-netz.de\/wordpress\/wp-content\/uploads\/2016\/10\/IMG_0002.png\" data-orig-size=\"828,302\" data-comments-opened=\"1\" data-image-meta=\"{&quot;aperture&quot;:&quot;0&quot;,&quot;credit&quot;:&quot;&quot;,&quot;camera&quot;:&quot;&quot;,&quot;caption&quot;:&quot;&quot;,&quot;created_timestamp&quot;:&quot;0&quot;,&quot;copyright&quot;:&quot;&quot;,&quot;focal_length&quot;:&quot;0&quot;,&quot;iso&quot;:&quot;0&quot;,&quot;shutter_speed&quot;:&quot;0&quot;,&quot;title&quot;:&quot;&quot;,&quot;orientation&quot;:&quot;0&quot;}\" data-image-title=\"Wettervorhersage 06.10.2016\" data-image-description=\"\" data-image-caption=\"\" data-medium-file=\"https:\/\/www.hossi-im-netz.de\/wordpress\/wp-content\/uploads\/2016\/10\/IMG_0002-300x109.png\" data-large-file=\"https:\/\/www.hossi-im-netz.de\/wordpress\/wp-content\/uploads\/2016\/10\/IMG_0002.png\" class=\"wp-image-4946 size-full\" src=\"https:\/\/www.hossi-im-netz.de\/wordpress\/wp-content\/uploads\/2016\/10\/IMG_0002.png\" alt=\"Wettervorhersage 06.10.2016\" width=\"828\" height=\"302\" srcset=\"https:\/\/www.hossi-im-netz.de\/wordpress\/wp-content\/uploads\/2016\/10\/IMG_0002.png 828w, https:\/\/www.hossi-im-netz.de\/wordpress\/wp-content\/uploads\/2016\/10\/IMG_0002-300x109.png 300w, https:\/\/www.hossi-im-netz.de\/wordpress\/wp-content\/uploads\/2016\/10\/IMG_0002-768x280.png 768w\" sizes=\"auto, (max-width: 828px) 100vw, 828px\" \/><\/a><p id=\"caption-attachment-4946\" class=\"wp-caption-text\">www.yr.no<\/p><\/div>\n<p style=\"text-align: justify;\">\n<p style=\"text-align: justify;\">Zeitweise Regen bei b\u00f6igem Nord- bis Nordostwind.<\/p>\n<p style=\"text-align: justify;\">Wetter- und Warnlage f\u00fcr die n\u00e4chsten 24 Stunden: Ein umfangreiches Tief verlagert seinen Kern von der Ukraine nach Polen bzw. zur Slowakei. Es f\u00fchrt mit einer nord\u00f6stlichen Str\u00f6mung zunehmend k\u00e4ltere und feuchte Luft heran. Heute fr\u00fch und am Tage werden auf dem Brocken Sturmb\u00f6en bis 70 km\/h (Bft 8) aus Nordost erwartet. Im Harz oberhalb 800 m gibt es \u00f6rtlich dichten Nebel mit Sichtweite von teilweise unter 150 m. In der Nacht zum Freitag flaut der Wind allm\u00e4hlich ab. Warnungen sind dann voraussichtlich nicht mehr notwendig.<\/p>\n<p style=\"text-align: justify;\">Detaillierter Wetterablauf: Heute fr\u00fch und im weiteren Tagesverlauf bleibt es wolkenverhangen und es f\u00e4llt gelegentlich leichter Regen. Bei m\u00e4\u00dfigem Nordostwind liegen die Tagesh\u00f6chsttemperaturen zwischen 9 und 13, im Harz zwischen 5 und 9 Grad. Auf dem Brocken weht der Wind stark mit Sturmb\u00f6en bis 85 km\/h (Bft 9). Der Harz geht oberhalb von 800 m in Nebel durch aufliegende Wolken. In der Nacht zum Freitag regnet es weiterhin zeitweise leicht, bevor die Niederschl\u00e4ge im Laufe der Nacht allm\u00e4hlich abklingen. Nachfolgend lockert die Wolkendecke vor\u00fcbergehend auf. Die Luft k\u00fchlt auf 10 bis 6, im Harz bis auf 3 Grad ab. Der Wind weht schwach bis m\u00e4\u00dfig und dreht auf Ost.<\/p>\n<p style=\"text-align: justify;\">Am Freitag ist es stark bew\u00f6lkt und gelegentlich f\u00e4llt leichter Regen. Zwischendurch sind auch kurze sonnige Abschnitte m\u00f6glich. Die Temperaturen steigen auf 10 bis 13, im Harz auf 4 bis 8 Grad. Es weht ein weht schwacher Nordwind. In der Nacht zum Sonnabend zieht das Regengebiet unter Abschw\u00e4chung nach S\u00fcden ab und nachfolgend lockert die Wolkendecke auf. Dann wird es meist niederschlagsfrei bleiben. Die Minima liegen zwischen 8 und 4 Grad. Der Nordwind weht schwach.<\/p>\n<p style=\"text-align: justify;\">Am Sonnabend bilden sich im Vormittagsverlauf zahlreiche Quellwolken, die im Tagesverlauf wiederholt f\u00fcr Schauer sorgen. Dazwischen kann sich kurzzeitig die Sonne zeigen. Zum Abend l\u00e4sst die Schauert\u00e4tigkeit wieder nach und die Quellbew\u00f6lkung f\u00e4llt in sich zusammen. Bei schwachem Nordostwind steigt die Temperatur auf 11 bis 14, im Harz auf 7 bis 11 Grad. In der Nacht zum Sonntag klingen letzte Schauer ab und es ist vor\u00fcbergehend wolkig. Im Nachtverlauf verdichtet sich jedoch die Bew\u00f6lkung erneut und von Osten kommen Regenf\u00e4lle auf. Bei schwachem n\u00f6rdlichem Wind sinken die Temperaturen auf 6 bis 3 Grad.<\/p>\n<p style=\"text-align: justify;\">Am Sonntag wird es zeitweise stark bew\u00f6lkt sein und gelegentlich etwas regnen. Auf dem Brocken kann der Regen auch zeitweise mit Schnee vermischt sein. Die Temperatur steigt im Tagesverlauf nur noch auf 7 bis 10 Grad, im Harz auf 1 bis 6 Grad. Dabei weht ein schwacher Wind aus \u00f6stlichen Richtungen. In der Nacht zum Montag bleibt es \u00fcberwiegend stark bew\u00f6lkt und es regnet auch gelegentlich. Die Luft k\u00fchlt auf 6 bis 4, im Harz auf 4 bis 0 Grad ab.Der Wind weht weiterhin nur schwach aus Richtungen um Ost.<\/p>\n<p style=\"text-align: justify;\">Deutscher Wetterdienst, RWB Leipzig, Stefan K\u00fclzer<\/p>\n","protected":false},"excerpt":{"rendered":"<p>Wettervorhersage Brachwitz, Wettin-L\u00f6bej\u00fcn, Saalekreis, Halle Zeitweise Regen bei b\u00f6igem Nord- bis Nordostwind. Wetter- und Warnlage f\u00fcr die n\u00e4chsten 24 Stunden: Ein umfangreiches Tief verlagert seinen Kern von der Ukraine nach Polen bzw. zur Slowakei. Es f\u00fchrt mit einer nord\u00f6stlichen Str\u00f6mung <span class=\"excerpt-dots\">&hellip;<\/span> <a class=\"more-link\" href=\"https:\/\/www.hossi-im-netz.de\/wordpress\/wettervorhersage-brachwitz-wettin-loebejuen-saalekreis-halle-379\/\"><span class=\"more-msg\">Weiterlesen &rarr;<\/span><\/a><\/p>\n","protected":false},"author":1,"featured_media":0,"comment_status":"open","ping_status":"closed","sticky":false,"template":"","format":"standard","meta":{"_exactmetrics_skip_tracking":false,"_exactmetrics_sitenote_active":false,"_exactmetrics_sitenote_note":"","_exactmetrics_sitenote_category":0,"jetpack_post_was_ever_published":false,"_jetpack_newsletter_access":"","_jetpack_dont_email_post_to_subs":false,"_jetpack_newsletter_tier_id":0,"_jetpack_memberships_contains_paywalled_content":false,"_jetpack_memberships_contains_paid_content":false,"footnotes":"","jetpack_publicize_message":"","jetpack_publicize_feature_enabled":true,"jetpack_social_post_already_shared":true,"jetpack_social_options":{"image_generator_settings":{"template":"highway","default_image_id":0,"font":"","enabled":false},"version":2}},"categories":[37],"tags":[39,5,95,38,96],"yst_prominent_words":[],"class_list":["post-4945","post","type-post","status-publish","format-standard","hentry","category-wetterblog","tag-brachwitz","tag-halle","tag-saalekreis","tag-wettervorhersage","tag-wettin-loebejuen"],"jetpack_publicize_connections":[],"jetpack_featured_media_url":"","jetpack_sharing_enabled":true,"jetpack_shortlink":"https:\/\/wp.me\/p5DnIb-1hL","jetpack-related-posts":[],"jetpack_likes_enabled":true,"_links":{"self":[{"href":"https:\/\/www.hossi-im-netz.de\/wordpress\/wp-json\/wp\/v2\/posts\/4945","targetHints":{"allow":["GET"]}}],"collection":[{"href":"https:\/\/www.hossi-im-netz.de\/wordpress\/wp-json\/wp\/v2\/posts"}],"about":[{"href":"https:\/\/www.hossi-im-netz.de\/wordpress\/wp-json\/wp\/v2\/types\/post"}],"author":[{"embeddable":true,"href":"https:\/\/www.hossi-im-netz.de\/wordpress\/wp-json\/wp\/v2\/users\/1"}],"replies":[{"embeddable":true,"href":"https:\/\/www.hossi-im-netz.de\/wordpress\/wp-json\/wp\/v2\/comments?post=4945"}],"version-history":[{"count":1,"href":"https:\/\/www.hossi-im-netz.de\/wordpress\/wp-json\/wp\/v2\/posts\/4945\/revisions"}],"predecessor-version":[{"id":4947,"href":"https:\/\/www.hossi-im-netz.de\/wordpress\/wp-json\/wp\/v2\/posts\/4945\/revisions\/4947"}],"wp:attachment":[{"href":"https:\/\/www.hossi-im-netz.de\/wordpress\/wp-json\/wp\/v2\/media?parent=4945"}],"wp:term":[{"taxonomy":"category","embeddable":true,"href":"https:\/\/www.hossi-im-netz.de\/wordpress\/wp-json\/wp\/v2\/categories?post=4945"},{"taxonomy":"post_tag","embeddable":true,"href":"https:\/\/www.hossi-im-netz.de\/wordpress\/wp-json\/wp\/v2\/tags?post=4945"},{"taxonomy":"yst_prominent_words","embeddable":true,"href":"https:\/\/www.hossi-im-netz.de\/wordpress\/wp-json\/wp\/v2\/yst_prominent_words?post=4945"}],"curies":[{"name":"wp","href":"https:\/\/api.w.org\/{rel}","templated":true}]}}