{"id":4956,"date":"2016-10-07T14:44:48","date_gmt":"2016-10-07T12:44:48","guid":{"rendered":"http:\/\/www.hossi-im-netz.de\/wordpress\/?p=4956"},"modified":"2016-10-07T14:44:48","modified_gmt":"2016-10-07T12:44:48","slug":"hurrikan-matthew-was-bisher-geschah-wie-geht-es-weiter","status":"publish","type":"post","link":"https:\/\/www.hossi-im-netz.de\/wordpress\/hurrikan-matthew-was-bisher-geschah-wie-geht-es-weiter\/","title":{"rendered":"Hurrikan Matthew &#8211; was bisher geschah \/ wie geht es weiter?"},"content":{"rendered":"<h2 style=\"text-align: justify;\">Hurrikan Matthew &#8211; was bisher geschah \/ wie geht es weiter?<\/h2>\n<p style=\"text-align: justify;\">\nHurrikan Matthew liefert auch in Europa Schlagzeilen , was gibt es aus Sicht des Meteorologen zu berichten?<\/p>\n<p style=\"text-align: justify;\">Vor drei Tagen wurde bereits im Thema des Tages vom in der Karibik w\u00fctenden Hurrikan Matthew und seinen Besonderheiten berichtet. Am heutigen Freitag soll es nun darum gehen, was Matthew meteorologisch bisher so trieb und wie das Ganze aus mitteleurop\u00e4ischer Sicht einzuordnen ist. Matthew hat sich &#8211; wie alle Wirbelst\u00fcrme &#8211; nicht entsprechend seiner Windgeschwindigkeit mit 200 Stundenkilometern, sondern deutlich langsamer &#8211; etwa wie in einer verkehrsberuhigten Zone &#8211; mit knapp 30 km\/h verlagert. Er zog bei wechselnder Intensit\u00e4t bis zur h\u00f6chsten Kategorie 5 von der Karibik Richtung Nordamerika und liegt nun zwischen Florida und den Bahamas als Hurrikan der Kategorie 4. An seinem Westflanke f\u00e4llt zur Zeit an der Ostk\u00fcste Floridas verbreitet kr\u00e4ftiger Regen bei gemessenen B\u00f6en der St\u00e4rke 11, auf den Bahamas auf seiner Ostflanke der St\u00e4rke 12. Im Detail kann man sich z.B. die Zugbahn bei http:\/\/www.tropicalstormrisk.com ansehen. Klicken Sie dort rechts auf die Region N Atlantik und dann auf den Namen des Hurrikans, den sie betrachten wollen.<\/p>\n<p style=\"text-align: justify;\">Kann man aber diese Windgeschwindigkeiten von Hurrikans beispielsweise mit denen der europ\u00e4ischen Orkane Lothar oder Kyrill vergleichen? Leider nicht direkt, denn bei uns werden Windgeschwindigkeiten im 10-Minutenmittel oder als B\u00f6en gemessen. Die B\u00f6en sind dabei das absolute Maximum der Anzeige eines Windmastes in einer Zeitspanne. Hurrikanst\u00e4rken dagegen sind durch einen 1-Minutenmittelwert definiert, also schon deshalb nicht direkt mit unseren Werten zu vergleichen. In Bezug auf Hurrikans entspricht die Kategorie 1 Werten Windgeschwindigkeiten gr\u00f6\u00dfer 135 km\/h, die Kategorie 2 gr\u00f6\u00dfer 175 km\/h. Mehr brauchen wir f\u00fcr den Vergleich nicht, denn h\u00f6here Geschwindigkeiten sind bisher in den Niederungen nicht gemessen worden. Selbst die h\u00f6chsten, bei uns in den Niederungen gemessenen B\u00f6en erreichten nur die Kategorie 1. Vermutlich h\u00e4tten die einmin\u00fctigen Mittel nicht mal Hurrikanst\u00e4rke erreicht. Sie sehen also, im Vergleich zu einem Hurrikan auch der niedrigeren Kategorien weht selbst bei einem Jahrhundertereignis wie Lothar oder Kyrill bei uns in den Niederungen ein eher nur &#8222;laues L\u00fcftchen&#8220;. Die Sch\u00e4den eines Hurrikans sind oftmals aber nicht durch den Wind, sondern vor allem auch durch die enormen Starkniederschl\u00e4ge gepr\u00e4gt. 24-st\u00fcndige Niederschlagsmengen im dreistelligen Bereich sind durchaus \u00fcblich. Das gibt es allerdings auch bei uns, nat\u00fcrlich immer mit \u00dcberschwemmungen verbunden. In den Hurrikanregionen f\u00e4llt der Regen zus\u00e4tzlich vielfach auf abgedeckte H\u00e4user, wirkt also als \u00dcberschwemmung von unten und von oben. Wie wir den Medien entnehmen, war bisher insbesondere Haiti von Matthew betroffen. Dort wurden aufgrund der katastrophalen Zust\u00e4nde leider 10 Stunden die Messungen eingestellt bzw. nicht verbreitet. Von der Dominikanischen Republik gibt es aber glaubw\u00fcrdige Messungen von 264 l\/qm innerhalb 24 Stunden in Grenzn\u00e4he zu Haiti.<\/p>\n<p style=\"text-align: justify;\">Wie geht es nun mit Matthew weiter? Das ist nat\u00fcrlich schwierig vorherzusagen und die allf\u00e4lligen Vorhersagefehler sind hochrelevant f\u00fcr die umfangreichen Vorsorgema\u00dfnahmen. Die Modellrechnungen lassen naturgem\u00e4\u00df zu unterschiedliche Aussagen zu. Konsens ist eine Zugbahn mehr oder weniger parallel zur K\u00fcste Nordamerikas mit einem Restrisiko, dass das Zentrum sogar kurzzeitig aufs Festland \u00fcbergreift mit entsprechender Ausdehnung der Hurrikanwirkung ins Landesinnere. Bei seiner Verlagerung nordostw\u00e4rts soll sich Matthew aber abschw\u00e4chen. Etwa in H\u00f6he von Charleston(South Carolina) wird er sich ostw\u00e4rts aufs offene Meer begeben und nach S\u00fcden, wieder Richtung der Bahamas ziehend, sein Hurrikanleben allm\u00e4hlich aushauchen.<\/p>\n<p style=\"text-align: justify;\">Dipl.-Met. Christoph Hartmann<\/p>\n<p style=\"text-align: justify;\">Deutscher Wetterdienst Vorhersage- und Beratungszentrale Offenbach, den 07.10.2016<\/p>\n<p style=\"text-align: justify;\">Copyright (c) Deutscher Wetterdienst<\/p>\n<p style=\"text-align: justify;\">\n<p style=\"text-align: justify;\"><a href=\"https:\/\/www.hossi-im-netz.de\/wordpress\/wp-content\/uploads\/2016\/10\/IMG_0024.png\"><img loading=\"lazy\" decoding=\"async\" data-attachment-id=\"4957\" data-permalink=\"https:\/\/www.hossi-im-netz.de\/wordpress\/hurrikan-matthew-was-bisher-geschah-wie-geht-es-weiter\/img_0024\/\" data-orig-file=\"https:\/\/www.hossi-im-netz.de\/wordpress\/wp-content\/uploads\/2016\/10\/IMG_0024.png\" data-orig-size=\"580,633\" data-comments-opened=\"1\" data-image-meta=\"{&quot;aperture&quot;:&quot;0&quot;,&quot;credit&quot;:&quot;&quot;,&quot;camera&quot;:&quot;&quot;,&quot;caption&quot;:&quot;&quot;,&quot;created_timestamp&quot;:&quot;0&quot;,&quot;copyright&quot;:&quot;&quot;,&quot;focal_length&quot;:&quot;0&quot;,&quot;iso&quot;:&quot;0&quot;,&quot;shutter_speed&quot;:&quot;0&quot;,&quot;title&quot;:&quot;&quot;,&quot;orientation&quot;:&quot;0&quot;}\" data-image-title=\"Hurrikan Matthew &amp;#8211; was bisher geschah \/ wie geht es weiter?\" data-image-description=\"\" data-image-caption=\"\" data-medium-file=\"https:\/\/www.hossi-im-netz.de\/wordpress\/wp-content\/uploads\/2016\/10\/IMG_0024-275x300.png\" data-large-file=\"https:\/\/www.hossi-im-netz.de\/wordpress\/wp-content\/uploads\/2016\/10\/IMG_0024.png\" class=\"alignnone size-full wp-image-4957\" src=\"https:\/\/www.hossi-im-netz.de\/wordpress\/wp-content\/uploads\/2016\/10\/IMG_0024.png\" alt=\"Hurrikan Matthew - was bisher geschah \/ wie geht es weiter?\" width=\"580\" height=\"633\" srcset=\"https:\/\/www.hossi-im-netz.de\/wordpress\/wp-content\/uploads\/2016\/10\/IMG_0024.png 580w, https:\/\/www.hossi-im-netz.de\/wordpress\/wp-content\/uploads\/2016\/10\/IMG_0024-275x300.png 275w\" sizes=\"auto, (max-width: 580px) 100vw, 580px\" \/><\/a><\/p>\n","protected":false},"excerpt":{"rendered":"<p>Hurrikan Matthew &#8211; was bisher geschah \/ wie geht es weiter? Hurrikan Matthew liefert auch in Europa Schlagzeilen , was gibt es aus Sicht des Meteorologen zu berichten? Vor drei Tagen wurde bereits im Thema des Tages vom in der <span class=\"excerpt-dots\">&hellip;<\/span> <a class=\"more-link\" href=\"https:\/\/www.hossi-im-netz.de\/wordpress\/hurrikan-matthew-was-bisher-geschah-wie-geht-es-weiter\/\"><span class=\"more-msg\">Weiterlesen &rarr;<\/span><\/a><\/p>\n","protected":false},"author":1,"featured_media":4957,"comment_status":"open","ping_status":"closed","sticky":false,"template":"","format":"standard","meta":{"_exactmetrics_skip_tracking":false,"_exactmetrics_sitenote_active":false,"_exactmetrics_sitenote_note":"","_exactmetrics_sitenote_category":0,"jetpack_post_was_ever_published":false,"_jetpack_newsletter_access":"","_jetpack_dont_email_post_to_subs":false,"_jetpack_newsletter_tier_id":0,"_jetpack_memberships_contains_paywalled_content":false,"_jetpack_memberships_contains_paid_content":false,"footnotes":"","jetpack_publicize_message":"","jetpack_publicize_feature_enabled":true,"jetpack_social_post_already_shared":true,"jetpack_social_options":{"image_generator_settings":{"template":"highway","default_image_id":0,"font":"","enabled":false},"version":2}},"categories":[37],"tags":[209,208,873],"yst_prominent_words":[],"class_list":["post-4956","post","type-post","status-publish","format-standard","has-post-thumbnail","hentry","category-wetterblog","tag-hurricane","tag-hurrikan","tag-matthew"],"jetpack_publicize_connections":[],"jetpack_featured_media_url":"https:\/\/www.hossi-im-netz.de\/wordpress\/wp-content\/uploads\/2016\/10\/IMG_0024.png","jetpack_sharing_enabled":true,"jetpack_shortlink":"https:\/\/wp.me\/p5DnIb-1hW","jetpack-related-posts":[],"jetpack_likes_enabled":true,"_links":{"self":[{"href":"https:\/\/www.hossi-im-netz.de\/wordpress\/wp-json\/wp\/v2\/posts\/4956","targetHints":{"allow":["GET"]}}],"collection":[{"href":"https:\/\/www.hossi-im-netz.de\/wordpress\/wp-json\/wp\/v2\/posts"}],"about":[{"href":"https:\/\/www.hossi-im-netz.de\/wordpress\/wp-json\/wp\/v2\/types\/post"}],"author":[{"embeddable":true,"href":"https:\/\/www.hossi-im-netz.de\/wordpress\/wp-json\/wp\/v2\/users\/1"}],"replies":[{"embeddable":true,"href":"https:\/\/www.hossi-im-netz.de\/wordpress\/wp-json\/wp\/v2\/comments?post=4956"}],"version-history":[{"count":1,"href":"https:\/\/www.hossi-im-netz.de\/wordpress\/wp-json\/wp\/v2\/posts\/4956\/revisions"}],"predecessor-version":[{"id":4958,"href":"https:\/\/www.hossi-im-netz.de\/wordpress\/wp-json\/wp\/v2\/posts\/4956\/revisions\/4958"}],"wp:featuredmedia":[{"embeddable":true,"href":"https:\/\/www.hossi-im-netz.de\/wordpress\/wp-json\/wp\/v2\/media\/4957"}],"wp:attachment":[{"href":"https:\/\/www.hossi-im-netz.de\/wordpress\/wp-json\/wp\/v2\/media?parent=4956"}],"wp:term":[{"taxonomy":"category","embeddable":true,"href":"https:\/\/www.hossi-im-netz.de\/wordpress\/wp-json\/wp\/v2\/categories?post=4956"},{"taxonomy":"post_tag","embeddable":true,"href":"https:\/\/www.hossi-im-netz.de\/wordpress\/wp-json\/wp\/v2\/tags?post=4956"},{"taxonomy":"yst_prominent_words","embeddable":true,"href":"https:\/\/www.hossi-im-netz.de\/wordpress\/wp-json\/wp\/v2\/yst_prominent_words?post=4956"}],"curies":[{"name":"wp","href":"https:\/\/api.w.org\/{rel}","templated":true}]}}