{"id":4964,"date":"2016-10-08T13:04:08","date_gmt":"2016-10-08T11:04:08","guid":{"rendered":"http:\/\/www.hossi-im-netz.de\/wordpress\/?p=4964"},"modified":"2016-10-08T13:04:08","modified_gmt":"2016-10-08T11:04:08","slug":"eine-woche-ostseesturm-fast-eine-nachlese","status":"publish","type":"post","link":"https:\/\/www.hossi-im-netz.de\/wordpress\/eine-woche-ostseesturm-fast-eine-nachlese\/","title":{"rendered":"Eine Woche Ostseesturm, fast eine Nachlese"},"content":{"rendered":"<div class=\"intro\">\n<h1 class=\"isFirstInSlot\" style=\"text-align: justify;\">Eine Woche Ostseesturm, fast eine Nachlese<\/h1>\n<div class=\"docData news\" style=\"text-align: justify;\"><\/div>\n<div class=\"abstract\" style=\"text-align: justify;\">\n<p>Wind gibt es nicht nur auf dem Atlantik, sondern auch in unseren Breiten. Eine ganze Woche Sturm auf der Ostsee ist auch nicht so ganz allt\u00e4glich.<\/p>\n<\/div>\n<\/div>\n<div class=\"body-text\">\n<p style=\"text-align: justify;\">Schon vorletzten Freitag wurden die Ostseeurlauber darauf hingewiesen unbedingt warme Kleidung mitzunehmen, da ihnen ab Montagmittag t\u00fcchtig Wind um die Nase wehen w\u00fcrde. Durch den Abk\u00fchlungseffekt des Windes (Verdunstungsk\u00e4lte auf der Haut) empfindet man Temperaturen deutlich k\u00fchler als bei windstillem Wetter. Bei ungesch\u00fctzter Haut f\u00fchlt sich die Luft bei kr\u00e4ftigem Mittelwind schnell 5-10 Grad k\u00fchler an.<\/p>\n<p style=\"text-align: justify;\">Was war die Ursache dieses Sturms? Nicht, wie so oft irgendein Sturmtief \u00fcber dem Atlantik, bei dem das Barometer auf &#8222;st\u00fcrmisch&#8220; steht, sondern das kr\u00e4ftige Hoch &#8222;Peter&#8220;, welches mit Druckwerten von 1023 bis 1040hPa an der deutschen Ostsee die Barometer zu einer Anzeige von sch\u00f6n bzw. trocken zwang. Ganz allein schafft &#8222;Peter&#8220; das nat\u00fcrlich nicht. Um einen engen, den Wind erzeugenden Abstand der Isobaren zu erhalten, braucht es auch einen Gegenspieler, in diesem Fall eine Gegenspielerin, n\u00e4mlich &#8222;Zofia&#8220;. Sie war an der Luftmassengrenze von &#8222;Walpurga&#8220; entstanden, die vor etwa zwei Wochen unser Wetter beeinflusste. Bei einem Abstand von ca. 1200 km lag &#8222;Zofias&#8220; Kerndruck zeitweise unter eher unspektakul\u00e4ren 1010hPa. &#8222;Peter&#8220; dagegen erreichte gleichzeitig einen Kerndruck von \u00fcber 1050 hPa. Ein so hoher Wert, der manches Barometer an die Messgrenze gebracht h\u00e4tte.<\/p>\n<p style=\"text-align: justify;\">Wie gestaltete sich der Ablauf? Die ersten st\u00fcrmischen B\u00f6en (Bft8) wurden Montagmittag gemeldet, als sich &#8222;Peter&#8220; noch entwickelte. Dienstag erschienen die ersten Sturm- und schweren Sturmb\u00f6en auf der Wetterkarte. Bis Donnerstagmittag traten diese Windst\u00e4rken besonders an der polnischen Ostseek\u00fcste auf. Sogar stundenlanger Mittelwind der St\u00e4rke 9 (ca. 75 km\/h) wehte an der besonders windanf\u00e4lligen Station in Stolpm\u00fcnde (Ustka). Im Gegensatz zu Deutschland erreichten die B\u00f6en dort auch im Binnenland wiederholt St\u00e4rke 8, bei der die Versicherte die Sch\u00e4den beglichen bekommen. Auf den der Ostsee zugewandten Bergen(Riesengebirge, hohe Tatra) wurden wiederholt Windst\u00e4rke 12 gemessen. Ob aber die u.a. gemeldeten 266 km\/h von der in Tschechien an der Grenze zu Polen liegenden Schneekoppe (1604mNN) im Riesengebirge wirklich erreicht wurden, das m\u00fcssen unsere Kollegen verifizieren. W\u00e4hrend in Polen schon seit gestern kaum noch kr\u00e4ftige B\u00f6en registriert wurden, gibt es an der deutschen Ostseek\u00fcste noch immer st\u00fcrmische B\u00f6en. Abflauen wird der Wind erst morgen fr\u00fch, wenn Tief &#8222;Zofia&#8220; nach Bornholm zieht und mit einem Kerndruck von fast 1020(!) hPa die Wind ausl\u00f6sende Isobarendr\u00e4ngung nach S\u00fcdskandinavien &#8222;schiebt&#8220;. Auch wenn der logischerweise namenlose Ostseesturm im Vergleich zu Hurrikan &#8222;Matthew&#8220; ein &#8222;laues L\u00fcftchen war&#8220;, so hat er zumindest f\u00fcr einige regionale Schlagzeilen gesorgt. Gut einen Meter h\u00f6here Wasserst\u00e4nde mit \u00fcbersp\u00fclten Str\u00e4nden, auf denen wetterberichtsungl\u00e4ubige Strandkorbbesitzer ihrem Eigentum auf See zuwinken konnten, waren die Konsequenzen in Deutschland. In Polen war schon etwas mehr los. Abgesehen von den \u00fcblichen Windsch\u00e4den machte dort am Dienstag die teilweise Zerst\u00f6rung der popul\u00e4rsten polnischen Erholungs- und Veranstaltungslage in Zoppot (Sopot), n\u00f6rdlich von Danzig (Gdansk), Schlagzeilen. Selbst die vorgelagerte Halbinsel Hel(Hela) war bei diesem Sturm nicht in der Lage, Pier und Mole vor dem Wellenschlag zu sch\u00fctzen.<\/p>\n<p style=\"text-align: justify;\">Dipl.-Met. Christoph Hartmann<\/p>\n<p style=\"text-align: justify;\">Deutscher Wetterdienst Vorhersage- und Beratungszentrale Offenbach, den 08.10.2016<\/p>\n<p style=\"text-align: justify;\">Copyright (c) Deutscher Wetterdienst<\/p>\n<\/div>\n","protected":false},"excerpt":{"rendered":"<p>Eine Woche Ostseesturm, fast eine Nachlese Wind gibt es nicht nur auf dem Atlantik, sondern auch in unseren Breiten. Eine ganze Woche Sturm auf der Ostsee ist auch nicht so ganz allt\u00e4glich. Schon vorletzten Freitag wurden die Ostseeurlauber darauf hingewiesen <span class=\"excerpt-dots\">&hellip;<\/span> <a class=\"more-link\" href=\"https:\/\/www.hossi-im-netz.de\/wordpress\/eine-woche-ostseesturm-fast-eine-nachlese\/\"><span class=\"more-msg\">Weiterlesen &rarr;<\/span><\/a><\/p>\n","protected":false},"author":1,"featured_media":4965,"comment_status":"open","ping_status":"closed","sticky":false,"template":"","format":"standard","meta":{"_exactmetrics_skip_tracking":false,"_exactmetrics_sitenote_active":false,"_exactmetrics_sitenote_note":"","_exactmetrics_sitenote_category":0,"jetpack_post_was_ever_published":false,"_jetpack_newsletter_access":"","_jetpack_dont_email_post_to_subs":false,"_jetpack_newsletter_tier_id":0,"_jetpack_memberships_contains_paywalled_content":false,"_jetpack_memberships_contains_paid_content":false,"footnotes":"","jetpack_publicize_message":"","jetpack_publicize_feature_enabled":true,"jetpack_social_post_already_shared":true,"jetpack_social_options":{"image_generator_settings":{"template":"highway","default_image_id":0,"font":"","enabled":false},"version":2}},"categories":[37],"tags":[877,785,879,874,881,876,878,213,344,875,880],"yst_prominent_words":[],"class_list":["post-4964","post","type-post","status-publish","format-standard","has-post-thumbnail","hentry","category-wetterblog","tag-flut","tag-hochdruckgebiet","tag-kreidefelsen","tag-ostsee","tag-ostseesturm","tag-peter","tag-ruegen","tag-sturm","tag-sturmboeen","tag-sturmflut","tag-usedom"],"jetpack_publicize_connections":[],"jetpack_featured_media_url":"https:\/\/www.hossi-im-netz.de\/wordpress\/wp-content\/uploads\/2016\/10\/seagull-379593_1920.jpg","jetpack_sharing_enabled":true,"jetpack_shortlink":"https:\/\/wp.me\/p5DnIb-1i4","jetpack-related-posts":[],"jetpack_likes_enabled":true,"_links":{"self":[{"href":"https:\/\/www.hossi-im-netz.de\/wordpress\/wp-json\/wp\/v2\/posts\/4964","targetHints":{"allow":["GET"]}}],"collection":[{"href":"https:\/\/www.hossi-im-netz.de\/wordpress\/wp-json\/wp\/v2\/posts"}],"about":[{"href":"https:\/\/www.hossi-im-netz.de\/wordpress\/wp-json\/wp\/v2\/types\/post"}],"author":[{"embeddable":true,"href":"https:\/\/www.hossi-im-netz.de\/wordpress\/wp-json\/wp\/v2\/users\/1"}],"replies":[{"embeddable":true,"href":"https:\/\/www.hossi-im-netz.de\/wordpress\/wp-json\/wp\/v2\/comments?post=4964"}],"version-history":[{"count":1,"href":"https:\/\/www.hossi-im-netz.de\/wordpress\/wp-json\/wp\/v2\/posts\/4964\/revisions"}],"predecessor-version":[{"id":4966,"href":"https:\/\/www.hossi-im-netz.de\/wordpress\/wp-json\/wp\/v2\/posts\/4964\/revisions\/4966"}],"wp:featuredmedia":[{"embeddable":true,"href":"https:\/\/www.hossi-im-netz.de\/wordpress\/wp-json\/wp\/v2\/media\/4965"}],"wp:attachment":[{"href":"https:\/\/www.hossi-im-netz.de\/wordpress\/wp-json\/wp\/v2\/media?parent=4964"}],"wp:term":[{"taxonomy":"category","embeddable":true,"href":"https:\/\/www.hossi-im-netz.de\/wordpress\/wp-json\/wp\/v2\/categories?post=4964"},{"taxonomy":"post_tag","embeddable":true,"href":"https:\/\/www.hossi-im-netz.de\/wordpress\/wp-json\/wp\/v2\/tags?post=4964"},{"taxonomy":"yst_prominent_words","embeddable":true,"href":"https:\/\/www.hossi-im-netz.de\/wordpress\/wp-json\/wp\/v2\/yst_prominent_words?post=4964"}],"curies":[{"name":"wp","href":"https:\/\/api.w.org\/{rel}","templated":true}]}}