{"id":4977,"date":"2016-10-10T14:46:59","date_gmt":"2016-10-10T12:46:59","guid":{"rendered":"http:\/\/www.hossi-im-netz.de\/wordpress\/?p=4977"},"modified":"2016-10-10T14:46:59","modified_gmt":"2016-10-10T12:46:59","slug":"ueber-die-entstehung-von-truebem-grau","status":"publish","type":"post","link":"https:\/\/www.hossi-im-netz.de\/wordpress\/ueber-die-entstehung-von-truebem-grau\/","title":{"rendered":"\u00dcber die Entstehung von tr\u00fcbem Grau"},"content":{"rendered":"<h2 style=\"text-align: justify;\">\u00dcber die Entstehung von tr\u00fcbem Grau<\/h2>\n<p style=\"text-align: justify;\">\nDer Herbst ist in vollem Gange, die Tage werden k\u00fcrzer, die N\u00e4chte k\u00fchler und l\u00e4nger und besonders in der zweiten Nachth\u00e4lfte und in den fr\u00fchen Morgenstunden steigt zurzeit bei bestimmten Wetterlagen das Nebelrisiko. Wie dieses &#8222;wabernde Grau&#8220; entsteht, soll im heutigen Thema des Tages einmal genauer betrachtet werden.<\/p>\n<p style=\"text-align: justify;\">Grunds\u00e4tzlich unterscheidet man zwischen Dunst und Nebel anhand der sichtbehindernden Wirkung. Liegt die horizontale Sichtweite auf Augenh\u00f6he \u00fcber einem Kilometer spricht man von &#8222;Dunst&#8220;, andernfalls liegt &#8222;Nebel&#8220; vor. Beide entstehen jedoch aufgrund der Tatsache, dass Luft nur einen gewissen Anteil an Wasserdampf aufnehmen kann. Entscheidender Faktor hierbei ist die Temperatur der Luft, denn je niedriger diese ausf\u00e4llt, desto weniger Wasserdampf kann in einem bestimmten Luftvolumen oder, wie in der Meteorologie h\u00e4ufig verwendet, in einem Luftpaket aufgenommen werden. Wird in diesem Luftpaket die maximale Luftfeuchtigkeit erreicht (man spricht hier von S\u00e4ttigung), lagert sich der darin befindliche Wasserdampf durch Kondensation an Aerosolen wie Staub-, Salz- oder Ru\u00dfpartikeln, sogenannten Kondensationskeimen, an, sodass Wasser- bzw. Nebeltr\u00f6pfchen entstehen. Da die Bildung von Nebel jedoch verschiedene Ursachen haben kann, unterscheidet man prinzipiell zwischen verschiedenen Nebelarten.<\/p>\n<p style=\"text-align: justify;\">Bei windschwachen Lagen und nur locker bew\u00f6lktem oder klarem Himmel kommt es durch die n\u00e4chtliche Ausstrahlung und Ausk\u00fchlung zur Bildung des sogenannten &#8222;Strahlungsnebels&#8220;, wie er auch derzeit h\u00e4ufiger anzutreffen ist. Auch vergangene Nacht und in den heutigen Fr\u00fchstunden konnte dieses Ph\u00e4nomen gebietsweise gut beobachtet werden. Besonders gef\u00e4hrdet sind dabei Niederungen und Tallagen, wo sich die kalte und somit schwerere Luft sammeln kann. Wird dagegen feuchtwarme Luft \u00fcber einen kalten Untergrund advehiert (herangef\u00fchrt), entsteht ebenfalls Nebel aufgrund von Abk\u00fchlung im Grenzbereich beider Luftmassen, der auch als &#8222;Advektionsnebel&#8220; bezeichnet wird. Beim &#8222;orografischen Nebel&#8220; erfolgt die Temperaturabnahme der Luftmasse durch den erzwungenen Aufstieg an einem Berg oder einem Gebirge.<\/p>\n<p style=\"text-align: justify;\">Eine weitere Art von Nebel entsteht bei Abk\u00fchlung der Luft und gleichzeitiger Erh\u00f6hung des Wasserdampfgehalts. Beispielsweise im Bereich von Luftmassengrenzen (Fronten) ist die turbulente Durchmischung von kalter und feuchtwarmer Luft mit einer Temperaturabnahme der Luftmassen verbunden. Mit der Verdunstung frontaler Niederschl\u00e4ge wird der bodennahe Feuchtegehalt in der Luft erh\u00f6ht und es bildet sich der sogenannte &#8222;Mischungsnebel&#8220; aus.<\/p>\n<p style=\"text-align: justify;\">Weiterhin entsteht durch die Verdunstung \u00fcber freien Wasseroberfl\u00e4chen der sogenannte &#8222;Dampfnebel&#8220;. Je nach Gew\u00e4sser differenziert man wegen der schwadenf\u00f6rmig rauchenden Wasseroberfl\u00e4che &#8222;Seerauch, Meerrauch oder Flussrauch&#8220;. Eine Kombination verschiedener Entstehungsprozesse ist bei der Bildung von Nebel \u00fcbrigens ebenfalls m\u00f6glich.<\/p>\n<p style=\"text-align: justify;\">Oft zeigt sich auch in h\u00f6heren Luftschichten eine Sonderform des Nebels &#8211; der &#8222;Hochnebel&#8220;. Dabei sinken vor allem bei Hochdrucklagen im fortgeschrittenen Herbst und Winter warme Luftmassen in der H\u00f6he \u00fcber kalten Luftmassen am Boden ab (Inversionslage). Im Grenzbereich der beiden Luftmassen bildet sich eine flache, gleichm\u00e4\u00dfige Wolkenschicht aus. Man spricht dann von Hochnebel, der allerdings nicht auf dem Boden aufliegt. Wer gerne in den Bergen wandert, kennt diesen &#8222;Nebeltyp&#8220;. W\u00e4hrend das Wetter im Tal beim Start der Tour noch recht dunstig ist, taucht man mit zunehmender H\u00f6he in den Hochnebel ein. Mit etwas Gl\u00fcck liegt die Gipfelregion \u00fcber den Wolken und man bekommt die Sonne zu Gesicht und ein Nebelmeer zu F\u00fc\u00dfen.<\/p>\n<p style=\"text-align: justify;\">Zugegeben, der Gedanke an Nebel ist nicht gerade Furcht einfl\u00f6\u00dfend. Allerdings zeigt die Statistik, dass es sich zumindest in Bezug auf den Stra\u00dfenverkehr bei Nebel um eine deutlich untersch\u00e4tzte Wettergefahr handelt. Das Statistische Bundesamt z\u00e4hlte im Jahr 2015 insgesamt 456 Unf\u00e4lle mit Personenschaden durch Nebel, dabei gab es \u00fcber 700 Verungl\u00fcckte, 11 davon mit Todesfolge. Zum Vergleich: Zwischen 1998 und 2013 gab es j\u00e4hrlich durchschnittlich &#8222;nur&#8220; bis zu acht Tote als Folge von schweren Gewittern.<\/p>\n<p style=\"text-align: justify;\">Auch in der kommenden Nacht zum Dienstag muss besonders in der S\u00fcdwesth\u00e4lfte bei Auflockerungen in der Wolkendecke mit Strahlungsnebel gerechnet werden. Dann hei\u00dft es f\u00fcr die Autofahrer im morgendlichen Berufsverkehr: &#8222;Runter vom Gas!&#8220; Denn innerhalb von nur wenigen Metern kann die Sichtweite bei pl\u00f6tzlich auftauchendem, dichtem Nebel nahezu auf null absinken. Wer dann mit Geschwindigkeiten von 100 km\/h unterwegs ist, kommt einem Piloten, der sein Flugzeug im Blindflug fliegt, sehr nahe. Der wesentliche Unterschied besteht nur darin, dass die Flugzeuge technisch f\u00fcr solche Gegebenheiten ausger\u00fcstet sind, Pkw&#8217;s hingegen kaum.<\/p>\n<p style=\"text-align: justify;\">MSc.-Met. Sebastian Schappert<\/p>\n<p style=\"text-align: justify;\">Deutscher Wetterdienst Vorhersage- und Beratungszentrale Offenbach, den 10.10.2016<\/p>\n<p style=\"text-align: justify;\">Copyright (c) Deutscher Wetterdienst<\/p>\n","protected":false},"excerpt":{"rendered":"<p>\u00dcber die Entstehung von tr\u00fcbem Grau Der Herbst ist in vollem Gange, die Tage werden k\u00fcrzer, die N\u00e4chte k\u00fchler und l\u00e4nger und besonders in der zweiten Nachth\u00e4lfte und in den fr\u00fchen Morgenstunden steigt zurzeit bei bestimmten Wetterlagen das Nebelrisiko. Wie <span class=\"excerpt-dots\">&hellip;<\/span> <a class=\"more-link\" href=\"https:\/\/www.hossi-im-netz.de\/wordpress\/ueber-die-entstehung-von-truebem-grau\/\"><span class=\"more-msg\">Weiterlesen &rarr;<\/span><\/a><\/p>\n","protected":false},"author":1,"featured_media":4978,"comment_status":"open","ping_status":"closed","sticky":false,"template":"","format":"standard","meta":{"_exactmetrics_skip_tracking":false,"_exactmetrics_sitenote_active":false,"_exactmetrics_sitenote_note":"","_exactmetrics_sitenote_category":0,"jetpack_post_was_ever_published":false,"_jetpack_newsletter_access":"","_jetpack_dont_email_post_to_subs":false,"_jetpack_newsletter_tier_id":0,"_jetpack_memberships_contains_paywalled_content":false,"_jetpack_memberships_contains_paid_content":false,"footnotes":"","jetpack_publicize_message":"","jetpack_publicize_feature_enabled":true,"jetpack_social_post_already_shared":true,"jetpack_social_options":{"image_generator_settings":{"template":"highway","default_image_id":0,"font":"","enabled":false},"version":2}},"categories":[37],"tags":[887,885,320,218,888,278,329,886,884,300,883,889,890,297],"yst_prominent_words":[],"class_list":["post-4977","post","type-post","status-publish","format-standard","has-post-thumbnail","hentry","category-wetterblog","tag-depression","tag-diesig","tag-grau","tag-herbst","tag-lichtmangel","tag-nebel","tag-november","tag-novembergrau","tag-novemberwetter","tag-oktober","tag-oktober-2016","tag-trueb","tag-truebe","tag-winter"],"jetpack_publicize_connections":[],"jetpack_featured_media_url":"https:\/\/www.hossi-im-netz.de\/wordpress\/wp-content\/uploads\/2016\/10\/IMG_0070.jpg","jetpack_sharing_enabled":true,"jetpack_shortlink":"https:\/\/wp.me\/p5DnIb-1ih","jetpack-related-posts":[],"jetpack_likes_enabled":true,"_links":{"self":[{"href":"https:\/\/www.hossi-im-netz.de\/wordpress\/wp-json\/wp\/v2\/posts\/4977","targetHints":{"allow":["GET"]}}],"collection":[{"href":"https:\/\/www.hossi-im-netz.de\/wordpress\/wp-json\/wp\/v2\/posts"}],"about":[{"href":"https:\/\/www.hossi-im-netz.de\/wordpress\/wp-json\/wp\/v2\/types\/post"}],"author":[{"embeddable":true,"href":"https:\/\/www.hossi-im-netz.de\/wordpress\/wp-json\/wp\/v2\/users\/1"}],"replies":[{"embeddable":true,"href":"https:\/\/www.hossi-im-netz.de\/wordpress\/wp-json\/wp\/v2\/comments?post=4977"}],"version-history":[{"count":1,"href":"https:\/\/www.hossi-im-netz.de\/wordpress\/wp-json\/wp\/v2\/posts\/4977\/revisions"}],"predecessor-version":[{"id":4979,"href":"https:\/\/www.hossi-im-netz.de\/wordpress\/wp-json\/wp\/v2\/posts\/4977\/revisions\/4979"}],"wp:featuredmedia":[{"embeddable":true,"href":"https:\/\/www.hossi-im-netz.de\/wordpress\/wp-json\/wp\/v2\/media\/4978"}],"wp:attachment":[{"href":"https:\/\/www.hossi-im-netz.de\/wordpress\/wp-json\/wp\/v2\/media?parent=4977"}],"wp:term":[{"taxonomy":"category","embeddable":true,"href":"https:\/\/www.hossi-im-netz.de\/wordpress\/wp-json\/wp\/v2\/categories?post=4977"},{"taxonomy":"post_tag","embeddable":true,"href":"https:\/\/www.hossi-im-netz.de\/wordpress\/wp-json\/wp\/v2\/tags?post=4977"},{"taxonomy":"yst_prominent_words","embeddable":true,"href":"https:\/\/www.hossi-im-netz.de\/wordpress\/wp-json\/wp\/v2\/yst_prominent_words?post=4977"}],"curies":[{"name":"wp","href":"https:\/\/api.w.org\/{rel}","templated":true}]}}