{"id":499,"date":"2015-05-30T11:05:12","date_gmt":"2015-05-30T11:05:12","guid":{"rendered":"http:\/\/www.hossi-im-netz.de\/wordpress\/?p=499"},"modified":"2015-05-30T11:09:06","modified_gmt":"2015-05-30T11:09:06","slug":"der-meteorologische-sommeranfang","status":"publish","type":"post","link":"https:\/\/www.hossi-im-netz.de\/wordpress\/der-meteorologische-sommeranfang\/","title":{"rendered":"Der Meteorologische Sommeranfang\u00a0"},"content":{"rendered":"<p>Der meteorologische Sommeranfang<br \/>\nAm kommenden Montag (01. Juni) beginnt der meteorologische Sommer. Die Abweichung zum kalendarischen Sommeranfang (21. Juni) hatte f\u00fcr die Meteorologen einfache Gr\u00fcnde: Die Daten f\u00fcr die klimatologischen Auswertungen liegen n\u00e4mlich nur monatlich vor, wie zum Beispiel die Monatsmitteltemperatur. Daher beginnt die jeweilige &#8222;meteorologische&#8220; Jahreszeit zum Monatsbeginn der astronomischen. Somit geht der meteorologische Sommer vom 01. Juni bis zum 31. August, also genau drei Monate.<br \/>\nDoch wird es zum Sommeranfang auch sommerlich? Zum Sommeranfang ist das Wetter in Deutschland mal wieder &#8222;ungerecht&#8220; verteilt. Denn die Kaltfront von Tief J\u00dcRGEN, derzeit \u00fcber dem Nordatlantik gelegen, greift bereits am Sonntagabend auf den Nordwesten Deutschlands \u00fcber. Diese Luftmassengrenze zwischen k\u00fchler Meeresluft im Nordwesten und warmer Luft subtropischen Ursprungs s\u00fcd\u00f6stlich davon kommt bis Montagmittag bis zu einer Linie Mosel &#8211; Berlin s\u00fcdostw\u00e4rts voran. Durch die flache Luftdruckverteilung, die sich \u00fcber Deutschland einstellt, verlagert sich diese Kaltfront selbst in den darauffolgenden Tagen kaum.<br \/>\nDaher ist im Bereich der Luftmassengrenze sowohl am Montag als auch Dienstag mit Regen aus dichten Wolken zu rechnen. S\u00fcdlich der Grenze ist es wechselnd bew\u00f6lkt und einzelne Schauer oder Gewitter treten auf, die vor allem am Alpenrand kr\u00e4ftig ausfallen k\u00f6nnen. Hinter der Kaltfront gestaltet sich das Wetter aber freundlich mit teils l\u00e4ngeren, sonnigen Abschnitten. Trotz des wechselhaften Wettercharakters im S\u00fcdosten fallen dort die Temperaturen deutlich h\u00f6her als im Nordwesten aus. Die 20-Grad-Marke verl\u00e4uft dann entlang der Luftmassengrenze, also in etwa in einer Linie Berlin &#8211; Moseltal. Im Nordwesten ist mit Tagesh\u00f6chsttemperaturen zwischen 16 und 19 Grad, an der See um 14 Grad zu rechnen. In der warmen Luft steigen die Temperaturen s\u00fcdlich der Donau auf Werte teilweise \u00fcber 25 Grad, sodass sich zumindest dort per Definition eines Sommertages (min. 25 Grad) der Sommer bemerkbar macht.<br \/>\nDoch diese Zweiteilung scheint aus heutiger Sicht nicht lange anzuhalten. Denn ab Mittwoch setzt sich von S\u00fcdwesten zunehmend Hochdruckeinfluss durch und ein weiterer Schwall warmer Luft wird in weite Teile Deutschlands transportiert. Somit erreicht die 20-Grad-Marke zum Ende der Woche die K\u00fcsten, ein Sommertag wird dann bereits s\u00fcdlich einer Linie M\u00fcnsterland &#8211; Altmark m\u00f6glich und am Oberrhein k\u00f6nnten es dann die magischen 30 Grad werden. Neben den deutlich h\u00f6heren Temperaturen wird es verbreitet sonnig und trocken.<br \/>\nDas Wetter h\u00e4lt sich also nicht ganz an den meteorologischen Sommeranfang, aber mit ein paar Tagen Versatz h\u00e4lt der Sommer in fast ganz Deutschland dann doch noch Einzug.<\/p>\n<p>&nbsp;<\/p>\n<div style=\"width: 235px\" class=\"wp-caption alignnone\"><a href=\"https:\/\/www.hossi-im-netz.de\/wordpress\/wp-content\/uploads\/2015\/05\/IMG_7149.jpg\"><img loading=\"lazy\" decoding=\"async\" class=\"size-thumbnail\" title=\"sommeranfang\" src=\"https:\/\/www.hossi-im-netz.de\/wordpress\/wp-content\/uploads\/2015\/05\/IMG_7149.jpg\" alt=\"sommeranfang\" width=\"225\" height=\"150\" \/><\/a><p class=\"wp-caption-text\">sommeranfang<\/p><\/div>\n<p>M.Sc.-Met. Anna Wieczorek Deutscher Wetterdienst Vorhersage- und Beratungszentrale Offenbach, den 30.05.2015 Copyright (c) <a href=\"http:\/\/www.dwd.de\">Deutscher Wetterdienst<\/a><\/p>\n","protected":false},"excerpt":{"rendered":"<p>Der meteorologische Sommeranfang Am kommenden Montag (01. Juni) beginnt der meteorologische Sommer. Die Abweichung zum kalendarischen Sommeranfang (21. Juni) hatte f\u00fcr die Meteorologen einfache Gr\u00fcnde: Die Daten f\u00fcr die klimatologischen Auswertungen liegen n\u00e4mlich nur monatlich vor, wie zum Beispiel die <span class=\"excerpt-dots\">&hellip;<\/span> <a class=\"more-link\" href=\"https:\/\/www.hossi-im-netz.de\/wordpress\/der-meteorologische-sommeranfang\/\"><span class=\"more-msg\">Weiterlesen &rarr;<\/span><\/a><\/p>\n","protected":false},"author":1,"featured_media":0,"comment_status":"open","ping_status":"closed","sticky":false,"template":"","format":"standard","meta":{"_exactmetrics_skip_tracking":false,"_exactmetrics_sitenote_active":false,"_exactmetrics_sitenote_note":"","_exactmetrics_sitenote_category":0,"jetpack_post_was_ever_published":false,"_jetpack_newsletter_access":"","_jetpack_dont_email_post_to_subs":false,"_jetpack_newsletter_tier_id":0,"_jetpack_memberships_contains_paywalled_content":false,"_jetpack_memberships_contains_paid_content":false,"footnotes":"","jetpack_publicize_message":"","jetpack_publicize_feature_enabled":true,"jetpack_social_post_already_shared":true,"jetpack_social_options":{"image_generator_settings":{"template":"highway","default_image_id":0,"font":"","enabled":false},"version":2}},"categories":[37],"tags":[39,60,55,57,4],"yst_prominent_words":[6910,5507,3651,1216,1411,5566,4769,3078,7034,5510,5067,2834,7031,2843,4667,3007,7033,1451,7032,1220],"class_list":["post-499","post","type-post","status-publish","format-standard","hentry","category-wetterblog","tag-brachwitz","tag-meteorologisch","tag-sommer","tag-sommeranfang","tag-wetter"],"jetpack_publicize_connections":[],"jetpack_featured_media_url":"","jetpack_sharing_enabled":true,"jetpack_shortlink":"https:\/\/wp.me\/p5DnIb-83","jetpack-related-posts":[],"jetpack_likes_enabled":true,"_links":{"self":[{"href":"https:\/\/www.hossi-im-netz.de\/wordpress\/wp-json\/wp\/v2\/posts\/499","targetHints":{"allow":["GET"]}}],"collection":[{"href":"https:\/\/www.hossi-im-netz.de\/wordpress\/wp-json\/wp\/v2\/posts"}],"about":[{"href":"https:\/\/www.hossi-im-netz.de\/wordpress\/wp-json\/wp\/v2\/types\/post"}],"author":[{"embeddable":true,"href":"https:\/\/www.hossi-im-netz.de\/wordpress\/wp-json\/wp\/v2\/users\/1"}],"replies":[{"embeddable":true,"href":"https:\/\/www.hossi-im-netz.de\/wordpress\/wp-json\/wp\/v2\/comments?post=499"}],"version-history":[{"count":2,"href":"https:\/\/www.hossi-im-netz.de\/wordpress\/wp-json\/wp\/v2\/posts\/499\/revisions"}],"predecessor-version":[{"id":501,"href":"https:\/\/www.hossi-im-netz.de\/wordpress\/wp-json\/wp\/v2\/posts\/499\/revisions\/501"}],"wp:attachment":[{"href":"https:\/\/www.hossi-im-netz.de\/wordpress\/wp-json\/wp\/v2\/media?parent=499"}],"wp:term":[{"taxonomy":"category","embeddable":true,"href":"https:\/\/www.hossi-im-netz.de\/wordpress\/wp-json\/wp\/v2\/categories?post=499"},{"taxonomy":"post_tag","embeddable":true,"href":"https:\/\/www.hossi-im-netz.de\/wordpress\/wp-json\/wp\/v2\/tags?post=499"},{"taxonomy":"yst_prominent_words","embeddable":true,"href":"https:\/\/www.hossi-im-netz.de\/wordpress\/wp-json\/wp\/v2\/yst_prominent_words?post=499"}],"curies":[{"name":"wp","href":"https:\/\/api.w.org\/{rel}","templated":true}]}}