{"id":5001,"date":"2016-10-11T13:38:27","date_gmt":"2016-10-11T11:38:27","guid":{"rendered":"http:\/\/www.hossi-im-netz.de\/wordpress\/?p=5001"},"modified":"2016-10-11T13:38:27","modified_gmt":"2016-10-11T11:38:27","slug":"herbst-auf-mediterrane-art","status":"publish","type":"post","link":"https:\/\/www.hossi-im-netz.de\/wordpress\/herbst-auf-mediterrane-art\/","title":{"rendered":"Herbst auf mediterrane Art"},"content":{"rendered":"<h2 style=\"text-align: justify;\">Herbst auf mediterrane Art<\/h2>\n<p style=\"text-align: justify;\">\nIn den Herbstmonaten nimmt die Tiefdruckt\u00e4tigkeit in der Mittelmeerregion \u00fcblicherweise zu. Oft kommt es dann regional zu extremen Starkniederschl\u00e4gen. Eine solche Entwicklung k\u00f6nnte es in dieser Woche vor allem \u00fcber S\u00fcdfrankreich und Norditalien geben.<\/p>\n<p style=\"text-align: justify;\">Seit mittlerweile einer Woche erstreckt sich ein kr\u00e4ftiges und nahezu ortsfestes Hochdruckgebiet von Westeuropa \u00fcber Skandinavien hinweg bis in den Nordosten Europas. Aufgrund der Ausdehnung und Best\u00e4ndigkeit dieses Hochs kommen die vom Atlantik heranziehenden Tiefdruckgebiete nicht dagegen an. Um ihre Zugbahn nach Osten weiter fortsetzen zu k\u00f6nnen, m\u00fcssen sie deshalb entweder in einem weiten Bogen n\u00f6rdlich an dem Hoch vorbei \u00fcber das Nordpolarmeer ziehen oder sie schlagen eine s\u00fcdliche Zugbahn \u00fcber die Iberische Halbinsel Richtung Mittelmeer ein, um dann auf diesem &#8222;Umweg&#8220; \u00fcber S\u00fcdosteuropa wieder Richtung Norden zu kommen.<\/p>\n<p style=\"text-align: justify;\">Es ist nicht ungew\u00f6hnlich, dass die Tiefdruckt\u00e4tigkeit in den Herbstmonaten im Mittelmeerraum zunimmt. W\u00e4re das nicht der Fall, bliebe es in den Mittelmeerl\u00e4ndern extrem trocken. Oft sind diese Entwicklungen aber mit teils extremen Starkniederschl\u00e4gen verbunden, insbesondere in den k\u00fcstennahen Gebieten Spaniens, S\u00fcdfrankreichs, in Norditalien und den angrenzenden Alpenregionen sowie rund um die Adria. Dabei sind Tagessummen zwischen 200 und 300 Liter pro Quadratmeter keine Seltenheit. Die Auswirkungen der teils extremen Niederschl\u00e4ge sind dann oft \u00dcberflutungen und Erdrutsche, die immer wieder zu verheerenden Sch\u00e4den, Verletzten und mitunter Toten f\u00fchren.<\/p>\n<p style=\"text-align: justify;\">Die genaue Entstehung und Ursache der in Verbindung mit Mittelmeertiefs auftretenden Starkniederschlagsereignisse ist noch nicht vollst\u00e4ndig erforscht. Tatsache ist aber, dass die Tiefdruckgebiete auf ihrer Zugbahn \u00fcber das zu dieser Jahreszeit immer noch sehr warme Mittelmeer reichlich Feuchtigkeit aufnehmen, die dann in Form von enormen Regenmengen wieder zu Boden f\u00e4llt. Kommen dann noch eine langsame Verlagerung der Tiefs und Staueffekte an Gebirgen, wie beispielsweise den Alpen hinzu, so sind die Auswirkungen entsprechend st\u00e4rker.<\/p>\n<p style=\"text-align: justify;\">Aktuell erstreckt sich ein Tiefdruckgebiet von Mittel- und S\u00fcditalien bis nach Griechenland, sodass es vor allem rund um die Adria zu Niederschl\u00e4gen kommt. H\u00f6here Regenmengen sind zwar bislang in Verbindung mit diesem Tief nur lokal aufgetreten, daf\u00fcr gab es in den letzten Tagen mehrere Tornadobeobachtungen. Das Tief wird sich aber in den n\u00e4chsten Tagen unter Intensivierung weiter nordostw\u00e4rts verlagern und dann voraussichtlich vor allem \u00fcber Rum\u00e4nien, Moldawien und der s\u00fcdlichen Ukraine f\u00fcr anhaltend kr\u00e4ftigen Regen sorgen.<\/p>\n<p style=\"text-align: justify;\">Interessant k\u00f6nnte aber noch eine weitere Tiefdruckentwicklung \u00fcber dem westlichen Mittelmeer in den n\u00e4chsten Tagen werden. Auf Basis der aktuellen Vorhersagen schw\u00e4cht sich der Hochdruckeinfluss zumindest \u00fcber Westeuropa ab. Stattdessen verlagert sich bis Freitag ein Tief vom Ostatlantik \u00fcber die Iberische Halbinsel hinweg Richtung S\u00fcdfrankreich, wobei sich ein weiteres kleinr\u00e4umiges Randtief \u00fcber dem L\u00f6wengolf entwickelt und zum Golf von Genua zieht. Dabei k\u00f6nnen am Mittwoch in Spanien \u00f6rtlich Regenmengen zwischen 50 und 100 Liter pro Quadratmeter fallen. Noch h\u00f6here Niederschlagssummen werden am Donnerstag und Freitag insbesondere \u00fcber S\u00fcdfrankreich, Nord- und Mittelitalien erwartet. Innerhalb von 48 Stunden sind regional bis zu 150 Liter pro Quadratmeter m\u00f6glich. Punktuell k\u00f6nnen nach jetzigem Stand in S\u00fcdfrankreich und Norditalien sogar Regenmengen zwischen 100 und 200 Liter pro Quadratmeter innerhalb von nur einem Tag fallen, sodass aufsummiert bis zu 300 Liter pro Quadratmeter nicht ausgeschlossen sind.<\/p>\n<p style=\"text-align: justify;\">Wer also die Herbstferien am Mittelmeer verbringen m\u00f6chte, der sollte in dieser Woche eher Richtung \u00f6stliches Mittelmeer reisen, wo sich das Wetter weit weniger turbulent zeigt. Zwar ist auch an der t\u00fcrkischen Mittelmeerk\u00fcste vereinzelt Regen m\u00f6glich, dort werden aber bei weitem nicht so hohe Regenmengen erwartet. Gr\u00f6\u00dftenteils bleibt es sogar trocken.<\/p>\n<p style=\"text-align: justify;\">Dipl.-Met. Johanna Anger<\/p>\n<p style=\"text-align: justify;\">Deutscher Wetterdienst Vorhersage- und Beratungszentrale Offenbach, den 11.10.2016<\/p>\n<p style=\"text-align: justify;\">Copyright (c) Deutscher Wetterdienst<\/p>\n","protected":false},"excerpt":{"rendered":"<p>Herbst auf mediterrane Art In den Herbstmonaten nimmt die Tiefdruckt\u00e4tigkeit in der Mittelmeerregion \u00fcblicherweise zu. Oft kommt es dann regional zu extremen Starkniederschl\u00e4gen. Eine solche Entwicklung k\u00f6nnte es in dieser Woche vor allem \u00fcber S\u00fcdfrankreich und Norditalien geben. Seit mittlerweile <span class=\"excerpt-dots\">&hellip;<\/span> <a class=\"more-link\" href=\"https:\/\/www.hossi-im-netz.de\/wordpress\/herbst-auf-mediterrane-art\/\"><span class=\"more-msg\">Weiterlesen &rarr;<\/span><\/a><\/p>\n","protected":false},"author":1,"featured_media":5002,"comment_status":"open","ping_status":"closed","sticky":false,"template":"","format":"standard","meta":{"_exactmetrics_skip_tracking":false,"_exactmetrics_sitenote_active":false,"_exactmetrics_sitenote_note":"","_exactmetrics_sitenote_category":0,"jetpack_post_was_ever_published":false,"_jetpack_newsletter_access":"","_jetpack_dont_email_post_to_subs":false,"_jetpack_newsletter_tier_id":0,"_jetpack_memberships_contains_paywalled_content":false,"_jetpack_memberships_contains_paid_content":false,"footnotes":"","jetpack_publicize_message":"","jetpack_publicize_feature_enabled":true,"jetpack_social_post_already_shared":true,"jetpack_social_options":{"image_generator_settings":{"template":"highway","default_image_id":0,"font":"","enabled":false},"version":2}},"categories":[37],"tags":[218,785,896,492],"yst_prominent_words":[],"class_list":["post-5001","post","type-post","status-publish","format-standard","has-post-thumbnail","hentry","category-wetterblog","tag-herbst","tag-hochdruckgebiet","tag-mediterran","tag-tiefdruckgebiet"],"jetpack_publicize_connections":[],"jetpack_featured_media_url":"https:\/\/www.hossi-im-netz.de\/wordpress\/wp-content\/uploads\/2016\/10\/IMG_0077.jpg","jetpack_sharing_enabled":true,"jetpack_shortlink":"https:\/\/wp.me\/p5DnIb-1iF","jetpack-related-posts":[],"jetpack_likes_enabled":true,"_links":{"self":[{"href":"https:\/\/www.hossi-im-netz.de\/wordpress\/wp-json\/wp\/v2\/posts\/5001","targetHints":{"allow":["GET"]}}],"collection":[{"href":"https:\/\/www.hossi-im-netz.de\/wordpress\/wp-json\/wp\/v2\/posts"}],"about":[{"href":"https:\/\/www.hossi-im-netz.de\/wordpress\/wp-json\/wp\/v2\/types\/post"}],"author":[{"embeddable":true,"href":"https:\/\/www.hossi-im-netz.de\/wordpress\/wp-json\/wp\/v2\/users\/1"}],"replies":[{"embeddable":true,"href":"https:\/\/www.hossi-im-netz.de\/wordpress\/wp-json\/wp\/v2\/comments?post=5001"}],"version-history":[{"count":1,"href":"https:\/\/www.hossi-im-netz.de\/wordpress\/wp-json\/wp\/v2\/posts\/5001\/revisions"}],"predecessor-version":[{"id":5003,"href":"https:\/\/www.hossi-im-netz.de\/wordpress\/wp-json\/wp\/v2\/posts\/5001\/revisions\/5003"}],"wp:featuredmedia":[{"embeddable":true,"href":"https:\/\/www.hossi-im-netz.de\/wordpress\/wp-json\/wp\/v2\/media\/5002"}],"wp:attachment":[{"href":"https:\/\/www.hossi-im-netz.de\/wordpress\/wp-json\/wp\/v2\/media?parent=5001"}],"wp:term":[{"taxonomy":"category","embeddable":true,"href":"https:\/\/www.hossi-im-netz.de\/wordpress\/wp-json\/wp\/v2\/categories?post=5001"},{"taxonomy":"post_tag","embeddable":true,"href":"https:\/\/www.hossi-im-netz.de\/wordpress\/wp-json\/wp\/v2\/tags?post=5001"},{"taxonomy":"yst_prominent_words","embeddable":true,"href":"https:\/\/www.hossi-im-netz.de\/wordpress\/wp-json\/wp\/v2\/yst_prominent_words?post=5001"}],"curies":[{"name":"wp","href":"https:\/\/api.w.org\/{rel}","templated":true}]}}