{"id":5097,"date":"2016-10-23T08:58:49","date_gmt":"2016-10-23T06:58:49","guid":{"rendered":"http:\/\/www.hossi-im-netz.de\/wordpress\/?p=5097"},"modified":"2016-10-23T08:58:49","modified_gmt":"2016-10-23T06:58:49","slug":"wettervorhersage-brachwitz-wettin-loebejuen-saalekreis-halle-396","status":"publish","type":"post","link":"https:\/\/www.hossi-im-netz.de\/wordpress\/wettervorhersage-brachwitz-wettin-loebejuen-saalekreis-halle-396\/","title":{"rendered":"Wettervorhersage Brachwitz, Wettin-L\u00f6bej\u00fcn, Saalekreis, Halle"},"content":{"rendered":"<p style=\"text-align: justify;\">Wettervorhersage Brachwitz, Wettin-L\u00f6bej\u00fcn, Saalekreis, Halle<\/p>\n<div id=\"attachment_5098\" style=\"width: 838px\" class=\"wp-caption alignnone\"><a href=\"https:\/\/www.hossi-im-netz.de\/wordpress\/vorhersage\/\"><img loading=\"lazy\" decoding=\"async\" aria-describedby=\"caption-attachment-5098\" data-attachment-id=\"5098\" data-permalink=\"https:\/\/www.hossi-im-netz.de\/wordpress\/wettervorhersage-brachwitz-wettin-loebejuen-saalekreis-halle-396\/img_0326\/\" data-orig-file=\"https:\/\/www.hossi-im-netz.de\/wordpress\/wp-content\/uploads\/2016\/10\/IMG_0326.png\" data-orig-size=\"828,272\" data-comments-opened=\"1\" data-image-meta=\"{&quot;aperture&quot;:&quot;0&quot;,&quot;credit&quot;:&quot;&quot;,&quot;camera&quot;:&quot;&quot;,&quot;caption&quot;:&quot;&quot;,&quot;created_timestamp&quot;:&quot;0&quot;,&quot;copyright&quot;:&quot;&quot;,&quot;focal_length&quot;:&quot;0&quot;,&quot;iso&quot;:&quot;0&quot;,&quot;shutter_speed&quot;:&quot;0&quot;,&quot;title&quot;:&quot;&quot;,&quot;orientation&quot;:&quot;0&quot;}\" data-image-title=\"Wettervorhersage 23.10.2016\" data-image-description=\"\" data-image-caption=\"\" data-medium-file=\"https:\/\/www.hossi-im-netz.de\/wordpress\/wp-content\/uploads\/2016\/10\/IMG_0326-300x99.png\" data-large-file=\"https:\/\/www.hossi-im-netz.de\/wordpress\/wp-content\/uploads\/2016\/10\/IMG_0326.png\" class=\"wp-image-5098 size-full\" src=\"https:\/\/www.hossi-im-netz.de\/wordpress\/wp-content\/uploads\/2016\/10\/IMG_0326.png\" alt=\"Wettervorhersage 23.10.2016\" width=\"828\" height=\"272\" srcset=\"https:\/\/www.hossi-im-netz.de\/wordpress\/wp-content\/uploads\/2016\/10\/IMG_0326.png 828w, https:\/\/www.hossi-im-netz.de\/wordpress\/wp-content\/uploads\/2016\/10\/IMG_0326-300x99.png 300w, https:\/\/www.hossi-im-netz.de\/wordpress\/wp-content\/uploads\/2016\/10\/IMG_0326-768x252.png 768w\" sizes=\"auto, (max-width: 828px) 100vw, 828px\" \/><\/a><p id=\"caption-attachment-5098\" class=\"wp-caption-text\">www.yr.no (Klick auf Bild)<\/p><\/div>\n<p style=\"text-align: justify;\">\n<p style=\"text-align: justify;\">Nach Nebelaufl\u00f6sung wechselnd bew\u00f6lkt, trocken. Nachts Nebel m\u00f6glich.<\/p>\n<p style=\"text-align: justify;\">Wetter- und Warnlage f\u00fcr die n\u00e4chsten 24 Stunden: Das bisher wetterbestimmende Tief \u00fcber Norddeutschland verlagert sich allm\u00e4hlich nordw\u00e4rts und f\u00fcllt sich dabei weiter auf. Zun\u00e4chst bestimmt allerdings noch relativ k\u00fchle und wolkenreiche Meeresluft das Wetter in Sachsen-Anhalt, bevor am Montag wieder etwas mildere Luft herangef\u00fchrt wird. Dann greift bereits der n\u00e4chste Tiefausl\u00e4ufer auf die Region \u00fcber.<\/p>\n<p style=\"text-align: justify;\">Heute werden nach Nebelaufl\u00f6sung keine warnrelevanten Wetterereignisse erwartet. In der Nacht zum Montag muss bei l\u00e4ngeren Auflockerungen \u00f6rtlich erneut mit dichtem Nebel und Sichtweiten teils unter 150 m gerechnet werden.<\/p>\n<p style=\"text-align: justify;\">Detaillierter Wetterablauf: Heute Vormittag und Mittag ist es nach Aufl\u00f6sung \u00f6rtlicher Nebelfelder \u00fcberwiegend wolkig, teils auch stark bew\u00f6lkt und es bleibt niederschlagsfrei. Gelegentlich zeigt sich die Sonne. Ab den Nachmittagsstunden k\u00f6nnen sich dann vermehrt auch gr\u00f6\u00dfere Wolkenl\u00fccken zeigen und die Sonne zum Vorschein kommen lassen. Die Tagesh\u00f6chsttemperatur liegt zwischen 9 und 11, im Harz zwischen 3 und 9 Grad. Der Wind weht schwach aus S\u00fcdost. In der Nacht zum Montag ist es meist wolkig, zeitweise auch stark bew\u00f6lkt und trocken. Bei l\u00e4ngeren Auflockerungen kann sich \u00f6rtlich Nebel bilden. Bei schwachem Ostwind k\u00fchlt die Luft auf 4 bis 2, im Harz bis auf 0 Grad ab.<\/p>\n<p style=\"text-align: justify;\">Am Montag ist es stark bew\u00f6lkt und zun\u00e4chst trocken. Am Nachmittag kommt von S\u00fcdwesten her Regen auf. Bei schwachem \u00f6stlichem Wind werden H\u00f6chstwerte zwischen 9 und 12, im Harz zwischen 6 und 10 Grad erwartet. In der Nacht zum Dienstag f\u00e4llt aus bedecktem Himmel zun\u00e4chst gebietsweise Regen. In der zweiten Nachth\u00e4lfte zieht er langsam nach Osten ab. Bei nur schwachem Wind aus unterschiedlichen Richtungen gehen die Temperaturen auf Werte zwischen 8 und 6, im Harz bis 3 Grad zur\u00fcck. Auf dem Brocken kommt es zu Sturmb\u00f6en bis 85 km\/h (Bft 9).<\/p>\n<p style=\"text-align: justify;\">Am Dienstag bleibt es bei starker Bew\u00f6lkung meist niederschlagsfrei. Es weht weiterhin schwacher Wind aus unterschiedlichen Richtungen. Die Temperaturen kommen \u00fcber 9 bis 12, im Harz \u00fcber 6 bis 9 Grad nicht hinaus. In der Nacht zum Mittwoch f\u00e4llt aus starker Bew\u00f6lkung eventuell etwas Regen. Allerdings lockern die Wolken bei zunehmendem und auf West drehendem Wind allm\u00e4hlich auf und Regen wird immer unwahrscheinlicher. Gegen Morgen k\u00f6nnen sich Nebelfelder bilden. Die Temperaturen gehen dabei auf 6 bis 4, im Harz bis 2 Grad zur\u00fcck.<\/p>\n<p style=\"text-align: justify;\">Am Mittwoch beginnt der Tag mit starker Bew\u00f6lkung, einigen Auflockerungen und \u00f6rtlichen Nebelfeldern. Der Nebel l\u00f6st sich bis Mittag auf und die Auflockerungen nehmen am Nachmittag etwas zu. So kommt es zu einem Wechsel von Wolken und sonnigen Abschnitten und es bleibt voraussichtlich trocken. Der Wind weht schwach bis m\u00e4\u00dfig aus Nord bis Nordwest. Die Temperatur steigt auf 9 bis 12 Grad. In der Nacht zum, Donnerstag gibt es neben einigen Wolkenfeldern auch Auflockerungen. Niederschlag wird nicht erwartet. In der zweiten Nachth\u00e4lfte bildet sich \u00f6rtlich Nebel. Der Wind weht schwach aus S\u00fcdwest. Die Temperaturen gehen auf 6 bis 3 Grad zur\u00fcck.<\/p>\n<p style=\"text-align: justify;\">Deutscher Wetterdienst, RWB Leipzig, Florian Engelmann<\/p>\n","protected":false},"excerpt":{"rendered":"<p>Wettervorhersage Brachwitz, Wettin-L\u00f6bej\u00fcn, Saalekreis, Halle Nach Nebelaufl\u00f6sung wechselnd bew\u00f6lkt, trocken. Nachts Nebel m\u00f6glich. Wetter- und Warnlage f\u00fcr die n\u00e4chsten 24 Stunden: Das bisher wetterbestimmende Tief \u00fcber Norddeutschland verlagert sich allm\u00e4hlich nordw\u00e4rts und f\u00fcllt sich dabei weiter auf. Zun\u00e4chst bestimmt allerdings <span class=\"excerpt-dots\">&hellip;<\/span> <a class=\"more-link\" href=\"https:\/\/www.hossi-im-netz.de\/wordpress\/wettervorhersage-brachwitz-wettin-loebejuen-saalekreis-halle-396\/\"><span class=\"more-msg\">Weiterlesen &rarr;<\/span><\/a><\/p>\n","protected":false},"author":1,"featured_media":0,"comment_status":"open","ping_status":"closed","sticky":false,"template":"","format":"standard","meta":{"_exactmetrics_skip_tracking":false,"_exactmetrics_sitenote_active":false,"_exactmetrics_sitenote_note":"","_exactmetrics_sitenote_category":0,"jetpack_post_was_ever_published":false,"_jetpack_newsletter_access":"","_jetpack_dont_email_post_to_subs":false,"_jetpack_newsletter_tier_id":0,"_jetpack_memberships_contains_paywalled_content":false,"_jetpack_memberships_contains_paid_content":false,"footnotes":"","jetpack_publicize_message":"","jetpack_publicize_feature_enabled":true,"jetpack_social_post_already_shared":true,"jetpack_social_options":{"image_generator_settings":{"template":"highway","default_image_id":0,"font":"","enabled":false},"version":2}},"categories":[37],"tags":[39,5,95,38,96],"yst_prominent_words":[],"class_list":["post-5097","post","type-post","status-publish","format-standard","hentry","category-wetterblog","tag-brachwitz","tag-halle","tag-saalekreis","tag-wettervorhersage","tag-wettin-loebejuen"],"jetpack_publicize_connections":[],"jetpack_featured_media_url":"","jetpack_sharing_enabled":true,"jetpack_shortlink":"https:\/\/wp.me\/p5DnIb-1kd","jetpack-related-posts":[],"jetpack_likes_enabled":true,"_links":{"self":[{"href":"https:\/\/www.hossi-im-netz.de\/wordpress\/wp-json\/wp\/v2\/posts\/5097","targetHints":{"allow":["GET"]}}],"collection":[{"href":"https:\/\/www.hossi-im-netz.de\/wordpress\/wp-json\/wp\/v2\/posts"}],"about":[{"href":"https:\/\/www.hossi-im-netz.de\/wordpress\/wp-json\/wp\/v2\/types\/post"}],"author":[{"embeddable":true,"href":"https:\/\/www.hossi-im-netz.de\/wordpress\/wp-json\/wp\/v2\/users\/1"}],"replies":[{"embeddable":true,"href":"https:\/\/www.hossi-im-netz.de\/wordpress\/wp-json\/wp\/v2\/comments?post=5097"}],"version-history":[{"count":1,"href":"https:\/\/www.hossi-im-netz.de\/wordpress\/wp-json\/wp\/v2\/posts\/5097\/revisions"}],"predecessor-version":[{"id":5099,"href":"https:\/\/www.hossi-im-netz.de\/wordpress\/wp-json\/wp\/v2\/posts\/5097\/revisions\/5099"}],"wp:attachment":[{"href":"https:\/\/www.hossi-im-netz.de\/wordpress\/wp-json\/wp\/v2\/media?parent=5097"}],"wp:term":[{"taxonomy":"category","embeddable":true,"href":"https:\/\/www.hossi-im-netz.de\/wordpress\/wp-json\/wp\/v2\/categories?post=5097"},{"taxonomy":"post_tag","embeddable":true,"href":"https:\/\/www.hossi-im-netz.de\/wordpress\/wp-json\/wp\/v2\/tags?post=5097"},{"taxonomy":"yst_prominent_words","embeddable":true,"href":"https:\/\/www.hossi-im-netz.de\/wordpress\/wp-json\/wp\/v2\/yst_prominent_words?post=5097"}],"curies":[{"name":"wp","href":"https:\/\/api.w.org\/{rel}","templated":true}]}}