{"id":5100,"date":"2016-10-23T13:17:04","date_gmt":"2016-10-23T11:17:04","guid":{"rendered":"http:\/\/www.hossi-im-netz.de\/wordpress\/?p=5100"},"modified":"2016-10-23T13:17:04","modified_gmt":"2016-10-23T11:17:04","slug":"der-erste-schnee","status":"publish","type":"post","link":"https:\/\/www.hossi-im-netz.de\/wordpress\/der-erste-schnee\/","title":{"rendered":"Der erste Schnee"},"content":{"rendered":"<h2 style=\"text-align: justify;\">Der erste Schnee<\/h2>\n<p style=\"text-align: justify;\">\nAuf einigen Berggipfeln ist der erste Schnee gefallen. Wie ungew\u00f6hnlich ist dieser &#8222;Herbstschnee&#8220; und wann muss auch im Tiefland mit den ersten Flocken der beginnenden Wintersaison gerechnet werden?<\/p>\n<p style=\"text-align: justify;\">Alle Jahre wieder erweist sich der erste Schneefall der beginnenden Wintersaison als \u00fcberaus medienwirksam. Es ist schon fast zu einem Ritual geworden, die einzelnen Schneeflocken bei ihrem Tanz vom Himmel bis zum Erdboden quasi in Echtzeit zu begleiten. Wenn der Schnee die Landschaft um Brocken, Fichtelberg und Co. in ein wei\u00dfes Kleid taucht, f\u00fchrt das nicht selten eine Schlagzeile an prominenter Stelle nach sich. Doch wie besonders ist dieser &#8222;Herbstschnee&#8220; auf den Bergen wirklich? Wann m\u00fcssen wir im vielj\u00e4hrigen Mittel auch in den tieferen Lagen mit dem ersten Schnee rechnen?<\/p>\n<p style=\"text-align: justify;\">In erster N\u00e4herung gilt, je h\u00f6her und je \u00f6stlicher man wohnt, desto fr\u00fcher sollte man die Schneeschippe parat haben. Die Karte auf www.dwd.de\/tagesthema zeigt, wo auf Grundlage des Beobachtungszeitraumes 1971-2000 wann im Mittel die erste Schneedecke mit mindestens 1 cm M\u00e4chtigkeit auftritt. W\u00e4hrend in den Hochlagen der Alpen (z. B. auf der Zugspitze) schon im Sp\u00e4tsommer der erste Schnee vom Himmel rieseln kann, wird es in den \u00fcbrigen h\u00f6chsten Kammlagen der Gebirge (z. B. Schwarzwald, Bayerischer Wald, Erzgebirge, Th\u00fcringer Wald, Harz, Rothaargebirge usw.) im Mittel zwischen Ende Oktober und Anfang November zum ersten Mal wei\u00df. In den mittleren Lagen im Mittelgebirgsraum und allgemein im Osten Deutschlands dauert es in der Regel bis Ende November\/Anfang Dezember. In den west- und s\u00fcdwestdeutschen Flussniederungen sowie Richtung Nordwesten und direkt an der K\u00fcste wird es mit Schnee bis zum Jahreswechsel schon richtig schwierig. Vor allem zwischen Niederrhein und Nordseek\u00fcste f\u00e4llt der erste Schnee im Mittel erst zwischen Ende Dezember und Ende Januar.<\/p>\n<p style=\"text-align: justify;\">Es liegt allerdings in der Natur der Sache, dass das sehr variable und sich selten an Mittelwerte &#8222;klammernde&#8220; Wettergeschehen auch immer wieder \u00dcberraschungen f\u00fcr uns parat hat. So ereignete sich beispielsweise im Jahre 2012 einer der fr\u00fchesten Wintereinbr\u00fcche \u00fcberhaupt seit Beginn regelm\u00e4\u00dfiger Wetteraufzeichnungen. Am 27. Oktober 2012 kam es besonders im S\u00fcdosten Deutschlands zu Schneefall bis in die Niederungen. Eine geschlossene Schneedecke &#8211; teils bis 20 cm M\u00e4chtigkeit &#8211; gab es z. B. in den Gro\u00dfst\u00e4dten Dresden, Leipzig, Gera, Erfurt und Stuttgart. Der kr\u00e4ftige Wintereinbruch im Oktober 2012 l\u00e4sst sich aber getrost als au\u00dferordentliches Ereignis bezeichnen, das in diesem Ausma\u00df statistisch gesehen nur alle paar Jahrzehnte auftritt.<\/p>\n<p style=\"text-align: justify;\">In Anbetracht der klimatologischen Mittelwerte d\u00fcrfte uns Schnee auf den h\u00f6heren Bergen Mitte bis Ende Oktober also eigentlich nicht gro\u00dfartig \u00fcberraschen, tritt dieser doch in aller Regelm\u00e4\u00dfigkeit bereits zu dieser Jahreszeit auf. Vielleicht mag der vergangene, zugegebenerma\u00dfen nicht gerade schneereiche Winter schon fast in Vergessenheit geraten sein, eine \u00fcberzuckerte Landschaft daher einigerma\u00dfen ungewohnt sein. Auf der anderen Seite, seien wir doch mal ehrlich: Eine in ein jungfr\u00e4uliches Wei\u00df getauchte Landschaft kann nach dem vielen Gr\u00fcn der letzten Monate schon ein erfrischender Anblick sein.<\/p>\n<p style=\"text-align: justify;\">Dipl.-Met. Adrian Leyser<\/p>\n<p style=\"text-align: justify;\">Deutscher Wetterdienst Vorhersage- und Beratungszentrale Offenbach, den 23.10.2016<\/p>\n<p style=\"text-align: justify;\">Copyright (c) Deutscher Wetterdienst<\/p>\n<p style=\"text-align: justify;\">\n<p style=\"text-align: justify;\">\n<p style=\"text-align: justify;\"><a href=\"https:\/\/www.hossi-im-netz.de\/wordpress\/wp-content\/uploads\/2016\/10\/IMG_0343.jpg\"><img loading=\"lazy\" decoding=\"async\" data-attachment-id=\"5101\" data-permalink=\"https:\/\/www.hossi-im-netz.de\/wordpress\/der-erste-schnee\/img_0343\/\" data-orig-file=\"https:\/\/www.hossi-im-netz.de\/wordpress\/wp-content\/uploads\/2016\/10\/IMG_0343.jpg\" data-orig-size=\"1200,1696\" data-comments-opened=\"1\" data-image-meta=\"{&quot;aperture&quot;:&quot;0&quot;,&quot;credit&quot;:&quot;&quot;,&quot;camera&quot;:&quot;&quot;,&quot;caption&quot;:&quot;&quot;,&quot;created_timestamp&quot;:&quot;0&quot;,&quot;copyright&quot;:&quot;&quot;,&quot;focal_length&quot;:&quot;0&quot;,&quot;iso&quot;:&quot;0&quot;,&quot;shutter_speed&quot;:&quot;0&quot;,&quot;title&quot;:&quot;&quot;,&quot;orientation&quot;:&quot;0&quot;}\" data-image-title=\"Der erste Schnee\" data-image-description=\"\" data-image-caption=\"\" data-medium-file=\"https:\/\/www.hossi-im-netz.de\/wordpress\/wp-content\/uploads\/2016\/10\/IMG_0343-212x300.jpg\" data-large-file=\"https:\/\/www.hossi-im-netz.de\/wordpress\/wp-content\/uploads\/2016\/10\/IMG_0343-725x1024.jpg\" class=\"alignnone size-full wp-image-5101\" src=\"https:\/\/www.hossi-im-netz.de\/wordpress\/wp-content\/uploads\/2016\/10\/IMG_0343.jpg\" alt=\"Der erste Schnee\" width=\"1200\" height=\"1696\" srcset=\"https:\/\/www.hossi-im-netz.de\/wordpress\/wp-content\/uploads\/2016\/10\/IMG_0343.jpg 1200w, https:\/\/www.hossi-im-netz.de\/wordpress\/wp-content\/uploads\/2016\/10\/IMG_0343-212x300.jpg 212w, https:\/\/www.hossi-im-netz.de\/wordpress\/wp-content\/uploads\/2016\/10\/IMG_0343-768x1085.jpg 768w, https:\/\/www.hossi-im-netz.de\/wordpress\/wp-content\/uploads\/2016\/10\/IMG_0343-725x1024.jpg 725w\" sizes=\"auto, (max-width: 1200px) 100vw, 1200px\" \/><\/a><\/p>\n","protected":false},"excerpt":{"rendered":"<p>Der erste Schnee Auf einigen Berggipfeln ist der erste Schnee gefallen. Wie ungew\u00f6hnlich ist dieser &#8222;Herbstschnee&#8220; und wann muss auch im Tiefland mit den ersten Flocken der beginnenden Wintersaison gerechnet werden? Alle Jahre wieder erweist sich der erste Schneefall der <span class=\"excerpt-dots\">&hellip;<\/span> <a class=\"more-link\" href=\"https:\/\/www.hossi-im-netz.de\/wordpress\/der-erste-schnee\/\"><span class=\"more-msg\">Weiterlesen &rarr;<\/span><\/a><\/p>\n","protected":false},"author":1,"featured_media":5101,"comment_status":"open","ping_status":"closed","sticky":false,"template":"","format":"standard","meta":{"_exactmetrics_skip_tracking":false,"_exactmetrics_sitenote_active":false,"_exactmetrics_sitenote_note":"","_exactmetrics_sitenote_category":0,"jetpack_post_was_ever_published":false,"_jetpack_newsletter_access":"","_jetpack_dont_email_post_to_subs":false,"_jetpack_newsletter_tier_id":0,"_jetpack_memberships_contains_paywalled_content":false,"_jetpack_memberships_contains_paid_content":false,"footnotes":"","jetpack_publicize_message":"","jetpack_publicize_feature_enabled":true,"jetpack_social_post_already_shared":true,"jetpack_social_options":{"image_generator_settings":{"template":"highway","default_image_id":0,"font":"","enabled":false},"version":2}},"categories":[37],"tags":[308,218,933,92,297,399],"yst_prominent_words":[],"class_list":["post-5100","post","type-post","status-publish","format-standard","has-post-thumbnail","hentry","category-wetterblog","tag-glaette","tag-herbst","tag-herbstschnee","tag-schnee","tag-winter","tag-wintereinbruch"],"jetpack_publicize_connections":[],"jetpack_featured_media_url":"https:\/\/www.hossi-im-netz.de\/wordpress\/wp-content\/uploads\/2016\/10\/IMG_0343.jpg","jetpack_sharing_enabled":true,"jetpack_shortlink":"https:\/\/wp.me\/p5DnIb-1kg","jetpack-related-posts":[],"jetpack_likes_enabled":true,"_links":{"self":[{"href":"https:\/\/www.hossi-im-netz.de\/wordpress\/wp-json\/wp\/v2\/posts\/5100","targetHints":{"allow":["GET"]}}],"collection":[{"href":"https:\/\/www.hossi-im-netz.de\/wordpress\/wp-json\/wp\/v2\/posts"}],"about":[{"href":"https:\/\/www.hossi-im-netz.de\/wordpress\/wp-json\/wp\/v2\/types\/post"}],"author":[{"embeddable":true,"href":"https:\/\/www.hossi-im-netz.de\/wordpress\/wp-json\/wp\/v2\/users\/1"}],"replies":[{"embeddable":true,"href":"https:\/\/www.hossi-im-netz.de\/wordpress\/wp-json\/wp\/v2\/comments?post=5100"}],"version-history":[{"count":1,"href":"https:\/\/www.hossi-im-netz.de\/wordpress\/wp-json\/wp\/v2\/posts\/5100\/revisions"}],"predecessor-version":[{"id":5102,"href":"https:\/\/www.hossi-im-netz.de\/wordpress\/wp-json\/wp\/v2\/posts\/5100\/revisions\/5102"}],"wp:featuredmedia":[{"embeddable":true,"href":"https:\/\/www.hossi-im-netz.de\/wordpress\/wp-json\/wp\/v2\/media\/5101"}],"wp:attachment":[{"href":"https:\/\/www.hossi-im-netz.de\/wordpress\/wp-json\/wp\/v2\/media?parent=5100"}],"wp:term":[{"taxonomy":"category","embeddable":true,"href":"https:\/\/www.hossi-im-netz.de\/wordpress\/wp-json\/wp\/v2\/categories?post=5100"},{"taxonomy":"post_tag","embeddable":true,"href":"https:\/\/www.hossi-im-netz.de\/wordpress\/wp-json\/wp\/v2\/tags?post=5100"},{"taxonomy":"yst_prominent_words","embeddable":true,"href":"https:\/\/www.hossi-im-netz.de\/wordpress\/wp-json\/wp\/v2\/yst_prominent_words?post=5100"}],"curies":[{"name":"wp","href":"https:\/\/api.w.org\/{rel}","templated":true}]}}