{"id":5220,"date":"2016-11-04T14:39:38","date_gmt":"2016-11-04T12:39:38","guid":{"rendered":"http:\/\/www.hossi-im-netz.de\/wordpress\/?p=5220"},"modified":"2016-11-04T14:39:38","modified_gmt":"2016-11-04T12:39:38","slug":"die-arktische-oszillation-verpartnert-mit-dem-polarwirbel","status":"publish","type":"post","link":"https:\/\/www.hossi-im-netz.de\/wordpress\/die-arktische-oszillation-verpartnert-mit-dem-polarwirbel\/","title":{"rendered":"Die Arktische Oszillation \u201everpartnert\u201c mit dem Polarwirbel"},"content":{"rendered":"<h2 style=\"text-align: justify;\">Die Arktische Oszillation \u201everpartnert\u201c mit dem Polarwirbel<\/h2>\n<p style=\"text-align: justify;\">\nDerzeit unternimmt der Winter einen ersten zaghaften Versuch sich in Mitteleuropa einzunisten. In den folgenden Abschnitten soll den Gr\u00fcnden f\u00fcr die anstehenden winterlichen Verh\u00e4ltnisse nachgegangen und der meteorologisch-naturwissenschaftliche Background vermittelt werden.<\/p>\n<p style=\"text-align: justify;\">Die sogenannte &#8222;Arktische Oszillation (AO)&#8220; beschreibt die Ver\u00e4nderungen der Luftdruckgegens\u00e4tze in Bodenn\u00e4he zwischen den arktischen und mittleren Breiten auf der Nordhalbkugel.<br \/>\nDabei wird die AO durch drei Aktionszentren charakterisiert, die im Bereich der Biskaya, bei Island sowie \u00fcber den Aleuten (westlich von Alaska) zu finden sind. Je nachdem ob an den Aktionszentren hoher oder tiefer Luftdruck vorherrscht, kann die arktische Oszillation, analog zur Nordatlantischen Oszillation, in eine positive und eine negative Phase eingeteilt werden. Als Ma\u00df f\u00fcr diese Oszillation dient dabei der dimensionslose AO-Index. Mit dessen Hilfe kann die St\u00e4rke des Grundmusters der AO bestimmt werden, wobei einer positiver Index f\u00fcr eine positive AO-Phase und ein negativer Index f\u00fcr eine negative Phase steht.<\/p>\n<p style=\"text-align: justify;\">Der Partner zur Arktischen Oszillation ist der Polarwirbel. Bei dem sogenannten &#8222;Polarwirbel&#8220; handelt es sich um ein gro\u00dfr\u00e4umiges und hochreichendes Tiefdruckgebiet bis in die Stratosph\u00e4re hinein, das sich sowohl \u00fcber der Nord- als auch \u00fcber der S\u00fcdpolargegend insbesondere in den Wintermonaten ausbildet. Verantwortlich f\u00fcr die Entstehung bzw. Verst\u00e4rkung der Polarwirbel sind markante Kaltluftzonen, die aufgrund der negativen Strahlungsbilanz in den Polargebieten entstehen. In den sehr langen Polarn\u00e4chten kann die Luft stark ausk\u00fchlen. In Bodenn\u00e4he bildet sich nachfolgend oft ein flaches K\u00e4ltehoch, das schlie\u00dflich von dem hochreichenden Tief \u00fcberlagert wird. Da im Tief die Luft zusammenstr\u00f6mt kann sich mit Hilfe der Corioliskraft (Rechtsablenkung der bewegten Luftteilchen auf der Nordhalbkugel aufgrund der Erdrotation) schlie\u00dflich eine ostw\u00e4rtige zirkumpolare Str\u00f6mung entwickeln. durch die ungleichm\u00e4\u00dfige Verteilung von w\u00e4rmeren Wasserfl\u00e4chen und k\u00e4lteren Landmassen besitzt der n\u00f6rdliche Polarwirbel oft zwei Zentren &#8211; eines \u00fcber Nordostsibirien und eines \u00fcber Nordostkanada.<\/p>\n<p style=\"text-align: justify;\">Allgemein besteht eine starke Kopplung zwischen der Arktischen Oszillation in der unteren Troposph\u00e4re und der St\u00e4rke des Polarwirbels in der Stratosph\u00e4re bzw. h\u00f6heren Troposph\u00e4re. Somit bietet die AO auch eine gute M\u00f6glichkeit den Einfluss der Stratosph\u00e4re auf signifikante Wettererscheinungen der unteren Troposph\u00e4re zu untersuchen.<\/p>\n<p style=\"text-align: justify;\">Eine positive AO-Phase ist durch eine Verst\u00e4rkung des Polarwirbels vom Boden bis zur unteren Stratosph\u00e4re gekennzeichnet, die ein Anstauen von kalter Luft in der Arktis bewirkt. W\u00e4hrend wiederholt kr\u00e4ftige nordatlantische Sturmtiefs Regen und milde Temperaturen \u00fcber Mittel- und Nordeuropa hinweg bis nach Sibirien transportieren, \u00fcberwiegt in der mediterranen Region Trockenheit vor.<\/p>\n<p style=\"text-align: justify;\">Die negative AO-Phase ist dagegen durch kalte kontinentale Luft \u00fcber den mittleren Westen der USA bis in den Nordosten Kanadas, sowie durch St\u00fcrme und Regen in den mediterranen Regionen des westlichen Europas charakterisiert. Verantwortlich f\u00fcr diese Wettererscheinungen sind oftmals sogenannte &#8222;blockierende Wetterlagen&#8220; mit kr\u00e4ftigen Hochdruckgebieten in den mittleren Breiten. Dadurch kommt es zu meridionalen, also von Nord nach S\u00fcd bzw. S\u00fcd nach Nord gerichteten Str\u00f6mungen. W\u00e4hrend auf der Westflanke der Hochdruckgebiete warme Subtropikluft bis weit nach Norden Richtung Pol transportiert wird, kann auf der Ostflanke kalte Polarluft weit nach S\u00fcden gelangen.<\/p>\n<p style=\"text-align: justify;\">Zum Monatswechsel Oktober\/November waren die arktische Zirkulation sowie auch der Polarwirbel relativ schwach ausgepr\u00e4gt. Dies belegt beispielsweise auch der sogenannte &#8222;AO-Index&#8220;. Seit dem 11. Oktober befindet sich der AO-Index im negativen Bereich und soll zum Novemberbeginn ein Episodenminimum erreichen (vgl. Abbildung 1).<\/p>\n<p style=\"text-align: justify;\">Entsprechend der negativen AO-Phase bildete sich zu Beginn des Novembers \u00fcber dem Atlantik ein ausgepr\u00e4gtes Hochdruckgebiet aus, das sich vom Nordmeer bis zu den Azoren erstreckt und damit die f\u00fcr die die mittleren Breiten typischen Westwinde unterbindet. Gleichzeitig verst\u00e4rkt sich \u00fcber Mitteleuropa tiefer Luftdruck. Dabei stellte sich \u00fcber Europa ein meridionales Str\u00f6mungsmuster ein, wodurch polare Luftmassen von Skandinavien s\u00fcdw\u00e4rts gef\u00fchrt werden (vgl. Abbildung 2). Der derzeitige K\u00e4ltepool \u00fcber Zentral- und Ostasien wird jedoch nicht angezapft, sodass ein massiver Wintereinbruch mit Dauerfrost und Schnee bis ins Tiefland noch nicht zu erwarten ist.<\/p>\n<p style=\"text-align: justify;\">Die enge Kopplung zwischen der Arktischen Oszillation in der unteren Troposph\u00e4re und der St\u00e4rke des Polarwirbels l\u00e4sst sich auch gut an dem vertikalen Schnitt der Anomalien der Geopotentiellen H\u00f6he zeigen (vgl. Abbildung 1). Die negative AO-Phase seit Mitte Oktober geht gleichzeitig mit einem schwachen Polarwirbel in der Troposph\u00e4re einher, der dort sogar Strukturen eines &#8222;Splitting&#8220; aufweist (vgl. Abbildung 2). In der Stratosph\u00e4re konnte zum Monatswechsel beim Polarwirbel zwar ebenfalls eine Art Dipolstruktur beobachtet werden (vgl. Abbildung 3 + 4), allerdings ist dort keine signifikante Abschw\u00e4chung des Wirbels zu erkennen. F\u00fcr eine pl\u00f6tzlich starke Erw\u00e4rmung der Stratosph\u00e4re, also einem sogenannten &#8222;Sudden Stratospheric Warming&#8220;, das den Polarwirbel von der Stratosph\u00e4re her ebenfalls nachhaltig st\u00f6ren bzw. sogar splitten k\u00f6nnte, gibt es aktuell keine Hinweise. Dies belegen auch die derzeitigen Temperaturverteilungen in der Stratosph\u00e4re \u00fcber der Nordhemisph\u00e4re (vgl. Abbildung 3 + 4).<\/p>\n<p style=\"text-align: justify;\">Dipl.-Met. Lars Kirchh\u00fcbel<br \/>\nDeutscher Wetterdienst<br \/>\nVorhersage- und Beratungszentrale Offenbach, den 04.11.2016<\/p>\n<p style=\"text-align: justify;\">Copyright (c) Deutscher Wetterdienst<\/p>\n<p style=\"text-align: justify;\">\n<p style=\"text-align: justify;\"><a href=\"https:\/\/www.hossi-im-netz.de\/wordpress\/wp-content\/uploads\/2016\/11\/IMG_0599.png\"><img loading=\"lazy\" decoding=\"async\" data-attachment-id=\"5221\" data-permalink=\"https:\/\/www.hossi-im-netz.de\/wordpress\/die-arktische-oszillation-verpartnert-mit-dem-polarwirbel\/img_0599\/\" data-orig-file=\"https:\/\/www.hossi-im-netz.de\/wordpress\/wp-content\/uploads\/2016\/11\/IMG_0599.png\" data-orig-size=\"1030,958\" data-comments-opened=\"1\" data-image-meta=\"{&quot;aperture&quot;:&quot;0&quot;,&quot;credit&quot;:&quot;&quot;,&quot;camera&quot;:&quot;&quot;,&quot;caption&quot;:&quot;&quot;,&quot;created_timestamp&quot;:&quot;0&quot;,&quot;copyright&quot;:&quot;&quot;,&quot;focal_length&quot;:&quot;0&quot;,&quot;iso&quot;:&quot;0&quot;,&quot;shutter_speed&quot;:&quot;0&quot;,&quot;title&quot;:&quot;&quot;,&quot;orientation&quot;:&quot;0&quot;}\" data-image-title=\"Die Arktische Oszillation \u201everpartnert\u201c mit dem Polarwirbel\" data-image-description=\"\" data-image-caption=\"\" data-medium-file=\"https:\/\/www.hossi-im-netz.de\/wordpress\/wp-content\/uploads\/2016\/11\/IMG_0599-300x279.png\" data-large-file=\"https:\/\/www.hossi-im-netz.de\/wordpress\/wp-content\/uploads\/2016\/11\/IMG_0599-1024x952.png\" class=\"alignnone wp-image-5221 size-full\" src=\"https:\/\/www.hossi-im-netz.de\/wordpress\/wp-content\/uploads\/2016\/11\/IMG_0599.png\" alt=\"Die Arktische Oszillation \u201everpartnert\u201c mit dem Polarwirbel\" width=\"1030\" height=\"958\" srcset=\"https:\/\/www.hossi-im-netz.de\/wordpress\/wp-content\/uploads\/2016\/11\/IMG_0599.png 1030w, https:\/\/www.hossi-im-netz.de\/wordpress\/wp-content\/uploads\/2016\/11\/IMG_0599-300x279.png 300w, https:\/\/www.hossi-im-netz.de\/wordpress\/wp-content\/uploads\/2016\/11\/IMG_0599-768x714.png 768w, https:\/\/www.hossi-im-netz.de\/wordpress\/wp-content\/uploads\/2016\/11\/IMG_0599-1024x952.png 1024w\" sizes=\"auto, (max-width: 1030px) 100vw, 1030px\" \/><\/a><\/p>\n","protected":false},"excerpt":{"rendered":"<p>Die Arktische Oszillation \u201everpartnert\u201c mit dem Polarwirbel Derzeit unternimmt der Winter einen ersten zaghaften Versuch sich in Mitteleuropa einzunisten. In den folgenden Abschnitten soll den Gr\u00fcnden f\u00fcr die anstehenden winterlichen Verh\u00e4ltnisse nachgegangen und der meteorologisch-naturwissenschaftliche Background vermittelt werden. Die sogenannte <span class=\"excerpt-dots\">&hellip;<\/span> <a class=\"more-link\" href=\"https:\/\/www.hossi-im-netz.de\/wordpress\/die-arktische-oszillation-verpartnert-mit-dem-polarwirbel\/\"><span class=\"more-msg\">Weiterlesen &rarr;<\/span><\/a><\/p>\n","protected":false},"author":1,"featured_media":5221,"comment_status":"open","ping_status":"closed","sticky":false,"template":"","format":"standard","meta":{"_exactmetrics_skip_tracking":false,"_exactmetrics_sitenote_active":false,"_exactmetrics_sitenote_note":"","_exactmetrics_sitenote_category":0,"jetpack_post_was_ever_published":false,"_jetpack_newsletter_access":"","_jetpack_dont_email_post_to_subs":false,"_jetpack_newsletter_tier_id":0,"_jetpack_memberships_contains_paywalled_content":false,"_jetpack_memberships_contains_paid_content":false,"footnotes":"","jetpack_publicize_message":"","jetpack_publicize_feature_enabled":true,"jetpack_social_post_already_shared":true,"jetpack_social_options":{"image_generator_settings":{"template":"highway","default_image_id":0,"font":"","enabled":false},"version":2}},"categories":[37],"tags":[152,956,955,258,297],"yst_prominent_words":[],"class_list":["post-5220","post","type-post","status-publish","format-standard","has-post-thumbnail","hentry","category-wetterblog","tag-arktis","tag-oszillation","tag-polar","tag-polarwirbel","tag-winter"],"jetpack_publicize_connections":[],"jetpack_featured_media_url":"https:\/\/www.hossi-im-netz.de\/wordpress\/wp-content\/uploads\/2016\/11\/IMG_0599.png","jetpack_sharing_enabled":true,"jetpack_shortlink":"https:\/\/wp.me\/p5DnIb-1mc","jetpack-related-posts":[],"jetpack_likes_enabled":true,"_links":{"self":[{"href":"https:\/\/www.hossi-im-netz.de\/wordpress\/wp-json\/wp\/v2\/posts\/5220","targetHints":{"allow":["GET"]}}],"collection":[{"href":"https:\/\/www.hossi-im-netz.de\/wordpress\/wp-json\/wp\/v2\/posts"}],"about":[{"href":"https:\/\/www.hossi-im-netz.de\/wordpress\/wp-json\/wp\/v2\/types\/post"}],"author":[{"embeddable":true,"href":"https:\/\/www.hossi-im-netz.de\/wordpress\/wp-json\/wp\/v2\/users\/1"}],"replies":[{"embeddable":true,"href":"https:\/\/www.hossi-im-netz.de\/wordpress\/wp-json\/wp\/v2\/comments?post=5220"}],"version-history":[{"count":1,"href":"https:\/\/www.hossi-im-netz.de\/wordpress\/wp-json\/wp\/v2\/posts\/5220\/revisions"}],"predecessor-version":[{"id":5222,"href":"https:\/\/www.hossi-im-netz.de\/wordpress\/wp-json\/wp\/v2\/posts\/5220\/revisions\/5222"}],"wp:featuredmedia":[{"embeddable":true,"href":"https:\/\/www.hossi-im-netz.de\/wordpress\/wp-json\/wp\/v2\/media\/5221"}],"wp:attachment":[{"href":"https:\/\/www.hossi-im-netz.de\/wordpress\/wp-json\/wp\/v2\/media?parent=5220"}],"wp:term":[{"taxonomy":"category","embeddable":true,"href":"https:\/\/www.hossi-im-netz.de\/wordpress\/wp-json\/wp\/v2\/categories?post=5220"},{"taxonomy":"post_tag","embeddable":true,"href":"https:\/\/www.hossi-im-netz.de\/wordpress\/wp-json\/wp\/v2\/tags?post=5220"},{"taxonomy":"yst_prominent_words","embeddable":true,"href":"https:\/\/www.hossi-im-netz.de\/wordpress\/wp-json\/wp\/v2\/yst_prominent_words?post=5220"}],"curies":[{"name":"wp","href":"https:\/\/api.w.org\/{rel}","templated":true}]}}