{"id":574,"date":"2015-06-10T10:59:47","date_gmt":"2015-06-10T10:59:47","guid":{"rendered":"http:\/\/www.hossi-im-netz.de\/wordpress\/?p=574"},"modified":"2015-06-10T10:59:47","modified_gmt":"2015-06-10T10:59:47","slug":"antizyklonale-nordostlage","status":"publish","type":"post","link":"https:\/\/www.hossi-im-netz.de\/wordpress\/antizyklonale-nordostlage\/","title":{"rendered":"Antizyklonale Nordostlage"},"content":{"rendered":"<h2>Antizyklonale Nordostlage<\/h2>\n<p>Der Jahresverlauf der Witterung in Mitteleuropa besteht aus einer Folge typischer Wettersituationen, den &#8222;Gro\u00dfwetterlagen&#8220;. Diese ergeben sich aus weitr\u00e4umigen Luftdruckverteilungen und den daraus resultierenden Str\u00f6mungsmustern in Bodenn\u00e4he, sowie auch in den dar\u00fcber liegenden Luftschichten.<\/p>\n<p>Das Wetter selbst wird au\u00dferdem durch die Eigenschaften der in die Zirkulation einbezogenen Luftmassen dominiert. Es kann w\u00e4hrend der Andauer einer Gro\u00dfwetterlage an einzelnen Orten innerhalb des betrachteten Gebietes durchaus wechseln, der allgemeine Witterungscharakter bleibt jedoch erhalten.<\/p>\n<p>Derzeit herrscht eine &#8222;Antizyklonale Nordostlage&#8220; (wiss. Abk\u00fcrzung NEa), wobei &#8222;antizyklonal&#8220; f\u00fcr &#8222;hochdruckbeeinflusst&#8220; steht. Insgesamt \u00fcberwiegt die meridionale, also in Nord-S\u00fcd-Richtung verlaufende Komponente der atmosph\u00e4rischen H\u00f6henstr\u00f6mung gegen\u00fcber dem zonalen, in Ost-West-Richtung orientierten Anteil.<\/p>\n<p>Konkret liegt Mitteleuropa an der S\u00fcdflanke einer Hochdruckzone, die sich vom Nordatlantik \u00fcber die Britischen Inseln bis nach Russland erstreckt. Mit n\u00f6rdlichen bis nord\u00f6stlichen Winden wird m\u00e4\u00dfig warme und relativ trockene Luft herangef\u00fchrt, die im Norden und in der Mitte Deutschlands f\u00fcr Sonnenschein sorgt.<\/p>\n<p>Weiter s\u00fcdlich liegt auf der Vorderseite eines Tiefdruckkomplexes \u00fcber der Biskaya eine feucht-warme und labile Luftmasse. Daher muss im Zusammenhang mit einer Luftmassengrenze am Alpenrand am heutigen Mittwoch sowie am morgigen Donnerstag gebietsweise mit schauerartigen und gewittrigen Niederschl\u00e4gen gerechnet werden.<\/p>\n<p>Antizyklonale Nordostlagen sind typisch f\u00fcr das Klima in Mitteleuropa. Sie treten im Juni am h\u00e4ufigsten auf. Zur visuellen Unterst\u00fctzung des eben Erl\u00e4uterten sei auf die im Internetangebot des Deutschen Wetterdienstes unter der Rubrik &#8222;Spezielle Nutzer\/Hobbymeteorologen&#8220; angebotenen Boden- und H\u00f6henwetterkarten verwiesen.<\/p>\n<p>Dipl.-Met. Thomas Ruppert Deutscher Wetterdienst Vorhersage- und Beratungszentrale Offenbach, den 10.06.2015<\/p>\n<p>Copyright (c) <a href=\"http:\/\/www.dwd.de\" target=\"_blank\">Deutscher Wetterdienst<\/a><\/p>\n","protected":false},"excerpt":{"rendered":"<p>Antizyklonale Nordostlage Der Jahresverlauf der Witterung in Mitteleuropa besteht aus einer Folge typischer Wettersituationen, den &#8222;Gro\u00dfwetterlagen&#8220;. Diese ergeben sich aus weitr\u00e4umigen Luftdruckverteilungen und den daraus resultierenden Str\u00f6mungsmustern in Bodenn\u00e4he, sowie auch in den dar\u00fcber liegenden Luftschichten. Das Wetter selbst wird <span class=\"excerpt-dots\">&hellip;<\/span> <a class=\"more-link\" href=\"https:\/\/www.hossi-im-netz.de\/wordpress\/antizyklonale-nordostlage\/\"><span class=\"more-msg\">Weiterlesen &rarr;<\/span><\/a><\/p>\n","protected":false},"author":1,"featured_media":576,"comment_status":"open","ping_status":"closed","sticky":false,"template":"","format":"standard","meta":{"_exactmetrics_skip_tracking":false,"_exactmetrics_sitenote_active":false,"_exactmetrics_sitenote_note":"","_exactmetrics_sitenote_category":0,"jetpack_post_was_ever_published":false,"_jetpack_newsletter_access":"","_jetpack_dont_email_post_to_subs":false,"_jetpack_newsletter_tier_id":0,"_jetpack_memberships_contains_paywalled_content":false,"_jetpack_memberships_contains_paid_content":false,"footnotes":"","jetpack_publicize_message":"","jetpack_publicize_feature_enabled":true,"jetpack_social_post_already_shared":true,"jetpack_social_options":{"image_generator_settings":{"template":"highway","default_image_id":0,"font":"","enabled":false},"version":2}},"categories":[37],"tags":[98,104,99,101,103,102,100],"yst_prominent_words":[6911,6173,2135,1216,6916,6580,1512,1513],"class_list":["post-574","post","type-post","status-publish","format-standard","has-post-thumbnail","hentry","category-wetterblog","tag-antizyklonale-nordostlage","tag-boden-und-hoehenwetterkarten","tag-grosswetterlage-in-europa","tag-hochdruckbeeinflusst","tag-luftmassengrenze","tag-nord-sued-stroemung","tag-sommer-2015"],"jetpack_publicize_connections":[],"jetpack_featured_media_url":"https:\/\/www.hossi-im-netz.de\/wordpress\/wp-content\/uploads\/2015\/06\/clouds-37009_1280.png","jetpack_sharing_enabled":true,"jetpack_shortlink":"https:\/\/wp.me\/p5DnIb-9g","jetpack-related-posts":[],"jetpack_likes_enabled":true,"_links":{"self":[{"href":"https:\/\/www.hossi-im-netz.de\/wordpress\/wp-json\/wp\/v2\/posts\/574","targetHints":{"allow":["GET"]}}],"collection":[{"href":"https:\/\/www.hossi-im-netz.de\/wordpress\/wp-json\/wp\/v2\/posts"}],"about":[{"href":"https:\/\/www.hossi-im-netz.de\/wordpress\/wp-json\/wp\/v2\/types\/post"}],"author":[{"embeddable":true,"href":"https:\/\/www.hossi-im-netz.de\/wordpress\/wp-json\/wp\/v2\/users\/1"}],"replies":[{"embeddable":true,"href":"https:\/\/www.hossi-im-netz.de\/wordpress\/wp-json\/wp\/v2\/comments?post=574"}],"version-history":[{"count":1,"href":"https:\/\/www.hossi-im-netz.de\/wordpress\/wp-json\/wp\/v2\/posts\/574\/revisions"}],"predecessor-version":[{"id":577,"href":"https:\/\/www.hossi-im-netz.de\/wordpress\/wp-json\/wp\/v2\/posts\/574\/revisions\/577"}],"wp:featuredmedia":[{"embeddable":true,"href":"https:\/\/www.hossi-im-netz.de\/wordpress\/wp-json\/wp\/v2\/media\/576"}],"wp:attachment":[{"href":"https:\/\/www.hossi-im-netz.de\/wordpress\/wp-json\/wp\/v2\/media?parent=574"}],"wp:term":[{"taxonomy":"category","embeddable":true,"href":"https:\/\/www.hossi-im-netz.de\/wordpress\/wp-json\/wp\/v2\/categories?post=574"},{"taxonomy":"post_tag","embeddable":true,"href":"https:\/\/www.hossi-im-netz.de\/wordpress\/wp-json\/wp\/v2\/tags?post=574"},{"taxonomy":"yst_prominent_words","embeddable":true,"href":"https:\/\/www.hossi-im-netz.de\/wordpress\/wp-json\/wp\/v2\/yst_prominent_words?post=574"}],"curies":[{"name":"wp","href":"https:\/\/api.w.org\/{rel}","templated":true}]}}