{"id":5801,"date":"2016-12-09T14:52:55","date_gmt":"2016-12-09T12:52:55","guid":{"rendered":"http:\/\/www.hossi-im-netz.de\/wordpress\/?p=5801"},"modified":"2016-12-09T14:52:55","modified_gmt":"2016-12-09T12:52:55","slug":"wo-steckt-der-winter","status":"publish","type":"post","link":"https:\/\/www.hossi-im-netz.de\/wordpress\/wo-steckt-der-winter\/","title":{"rendered":"Wo steckt der Winter?"},"content":{"rendered":"<h2 style=\"text-align: justify;\">Wo steckt der Winter?<\/h2>\n<p style=\"text-align: justify;\">\nDiese Frage mag &#8222;Sonnenanbetern&#8220;, &#8222;Winterfl\u00fcchtigen&#8220; und &#8222;Weihnachtshassern&#8220; unangenehm erscheinen, aber acht Tage nach Beginn des meteorologischen Winters in Mitteleuropa am 1. Dezember und gut zwei Wochen vor dem Fest dr\u00e4ngt sie sich schon in unser Bewusstsein.<\/p>\n<p style=\"text-align: justify;\">W\u00e4hrend sich Meeresluftmassen, die mit Tiefausl\u00e4ufern nach Mitteleuropa gelangen, im Winter mildernd auf das Temperaturregime auswirken, und uns in Deutschland auch in diesem Jahr bislang vor allzu negativen Temperaturexzessen bewahrten, treten die Extrema auf der Erde stets hochdruckbeeinflusst in wetterberuhigten Arealen auf, wo der lokale Strahlungs- und Energiehaushalt gegen\u00fcber advektiven Einfl\u00fcssen dominiert.<\/p>\n<p style=\"text-align: justify;\">Das trifft im Falle der Tiefsttemperaturen des nordhemisph\u00e4rischen Winters vor allem auf die Regionen hoch im Norden und\/oder tief im Inneren Asiens zu. So verwundert es niemanden, dass derzeit Sibirien die k\u00e4lteste Region der Erde ist. Allerdings f\u00fchrt in diesen Tagen nicht etwa die im Ostsibirischen Bergland gelegene, legend\u00e4re Station Oimjakon &#8211; in Fachkreisen als &#8222;K\u00e4ltepol der bewohnten Welt&#8220; bekannt &#8211; die Froststatistik an. Vielmehr liegen die Minima derzeit weiter westlich, und zwar im Bereich der Mitteljakutischen Niederung bzw. im Einzugsgebiet des sibirischen Flusses Lena.<\/p>\n<p style=\"text-align: justify;\">Spitzenreiter bei den n\u00e4chtlichen Tiefsttemperaturen bis Donnerstagfr\u00fch, 08.12.2016, 00:00 Uhr UTC (10:00 Uhr Ortszeit), ist die Station Kjusjur am Unterlauf der Lena (70\u00b038&#8217;N, 127\u00b031&#8217;E, 30 m H\u00f6he) mit -51,1 \u00b0C. Dar\u00fcber hinaus wurden in der Gegend vielerorts Minima nahe -50 \u00b0C beobachtet. Bis zum heutigen Freitag bildete sich \u00fcber der Laptewsee (Randmeer des Arktischen Ozeans an der Nordk\u00fcste Russlands zwischen Sewernaja Semlja und den Neusibirischen Inseln) ein Tiefdruckgebiet. Die damit verbundene Bew\u00f6lkung, Luftbewegung sowie Durchmischung der unteren Troposph\u00e4re sorgten indessen daf\u00fcr, dass diese bisher tiefsten Werte dieses Winters in der vergangenen Nacht nicht erreicht worden. Dennoch muss man im weiteren Verlaufe der kalten Jahreszeit damit rechnen, dass die Temperatur dort noch bis ca. -55 \u00b0C sinkt.<\/p>\n<p style=\"text-align: justify;\">Neben ihren geografischen Positionen &#8211; quasi am Polarkreis (66,57\u00b0N) oder weiter n\u00f6rdlich und im Winter mit wenig Sonnenschein, sowie weit genug entfernt vom Einfluss der atlantischen Westwinddrift &#8211; liegen diese kalten Stationen h\u00e4ufig in T\u00e4lern oder Hocht\u00e4lern, so dass au\u00dferdem die M\u00f6glichkeit zur Bildung von Kaltluftseen besteht. Meteorologische Hauptursache f\u00fcr derartige Extrema sind Hochdruckgebiete in der arktischen Luftmasse, die eine geringe vertikale M\u00e4chtigkeit besitzen und in der h\u00f6heren Atmosph\u00e4re von tiefem Luftdruck \u00fcberlagert sind. Die zur Ruhe gekommene Polarluft wird durch strahlungsbedingte Ausk\u00fchlung der bodennahen Luftschichten, insbesondere bei klarem Nachthimmel \u00fcber Schneefl\u00e4chen (derzeit Schneeh\u00f6hen von 40 bis 50 cm), immer k\u00e4lter und wirkt schlie\u00dflich klimabildend.<\/p>\n<p style=\"text-align: justify;\">Die Karte unten (http:\/\/www.dwd.de\/DE\/wetter\/thema_des_tages\/2016\/12\/09.html) zeigt etwa den Sektor von 75 \u00b0N bis 55 \u00b0N und von 100 \u00b0E bis 150 \u00b0E, mit den n\u00e4chtlichen Tiefsttemperaturen in ganzen [\u00b0C] sowie den Isobaren des auf Meeresniveau reduzierten Luftdruckes der Modellanalyse des GFS vom 08.12.2016, 00:00 Uhr UTC (10:00 Uhr Ortszeit). Zwischen den 1020-hPa-Isobaren erstreckt sich quasi meridional eine schmale Hochdruckbr\u00fccke.<\/p>\n<p style=\"text-align: justify;\">Dipl.-Met. Thomas Ruppert<\/p>\n<p style=\"text-align: justify;\">Deutscher Wetterdienst Vorhersage- und Beratungszentrale Offenbach, den 09.12.2016<\/p>\n<p style=\"text-align: justify;\">Copyright (c) Deutscher Wetterdienst<\/p>\n<p style=\"text-align: justify;\">\n<p style=\"text-align: justify;\"><a href=\"https:\/\/www.hossi-im-netz.de\/wordpress\/wp-content\/uploads\/2016\/12\/IMG_1191.png\"><img loading=\"lazy\" decoding=\"async\" data-attachment-id=\"5802\" data-permalink=\"https:\/\/www.hossi-im-netz.de\/wordpress\/wo-steckt-der-winter\/img_1191\/\" data-orig-file=\"https:\/\/www.hossi-im-netz.de\/wordpress\/wp-content\/uploads\/2016\/12\/IMG_1191.png\" data-orig-size=\"1097,907\" data-comments-opened=\"1\" data-image-meta=\"{&quot;aperture&quot;:&quot;0&quot;,&quot;credit&quot;:&quot;&quot;,&quot;camera&quot;:&quot;&quot;,&quot;caption&quot;:&quot;&quot;,&quot;created_timestamp&quot;:&quot;0&quot;,&quot;copyright&quot;:&quot;&quot;,&quot;focal_length&quot;:&quot;0&quot;,&quot;iso&quot;:&quot;0&quot;,&quot;shutter_speed&quot;:&quot;0&quot;,&quot;title&quot;:&quot;&quot;,&quot;orientation&quot;:&quot;0&quot;}\" data-image-title=\"Wo steckt der Winter?\" data-image-description=\"\" data-image-caption=\"\" data-medium-file=\"https:\/\/www.hossi-im-netz.de\/wordpress\/wp-content\/uploads\/2016\/12\/IMG_1191-300x248.png\" data-large-file=\"https:\/\/www.hossi-im-netz.de\/wordpress\/wp-content\/uploads\/2016\/12\/IMG_1191-1024x847.png\" class=\"alignnone size-large wp-image-5802\" src=\"https:\/\/www.hossi-im-netz.de\/wordpress\/wp-content\/uploads\/2016\/12\/IMG_1191-1024x847.png\" alt=\"\" width=\"1024\" height=\"847\" srcset=\"https:\/\/www.hossi-im-netz.de\/wordpress\/wp-content\/uploads\/2016\/12\/IMG_1191-1024x847.png 1024w, https:\/\/www.hossi-im-netz.de\/wordpress\/wp-content\/uploads\/2016\/12\/IMG_1191-300x248.png 300w, https:\/\/www.hossi-im-netz.de\/wordpress\/wp-content\/uploads\/2016\/12\/IMG_1191-768x635.png 768w, https:\/\/www.hossi-im-netz.de\/wordpress\/wp-content\/uploads\/2016\/12\/IMG_1191.png 1097w\" sizes=\"auto, (max-width: 1024px) 100vw, 1024px\" \/><\/a><\/p>\n","protected":false},"excerpt":{"rendered":"<p>Wo steckt der Winter? Diese Frage mag &#8222;Sonnenanbetern&#8220;, &#8222;Winterfl\u00fcchtigen&#8220; und &#8222;Weihnachtshassern&#8220; unangenehm erscheinen, aber acht Tage nach Beginn des meteorologischen Winters in Mitteleuropa am 1. Dezember und gut zwei Wochen vor dem Fest dr\u00e4ngt sie sich schon in unser Bewusstsein. <span class=\"excerpt-dots\">&hellip;<\/span> <a class=\"more-link\" href=\"https:\/\/www.hossi-im-netz.de\/wordpress\/wo-steckt-der-winter\/\"><span class=\"more-msg\">Weiterlesen &rarr;<\/span><\/a><\/p>\n","protected":false},"author":1,"featured_media":5802,"comment_status":"open","ping_status":"closed","sticky":false,"template":"","format":"standard","meta":{"_exactmetrics_skip_tracking":false,"_exactmetrics_sitenote_active":false,"_exactmetrics_sitenote_note":"","_exactmetrics_sitenote_category":0,"jetpack_post_was_ever_published":false,"_jetpack_newsletter_access":"","_jetpack_dont_email_post_to_subs":false,"_jetpack_newsletter_tier_id":0,"_jetpack_memberships_contains_paywalled_content":false,"_jetpack_memberships_contains_paid_content":false,"footnotes":"","jetpack_publicize_message":"","jetpack_publicize_feature_enabled":true,"jetpack_social_post_already_shared":true,"jetpack_social_options":{"image_generator_settings":{"template":"highway","default_image_id":0,"font":"","enabled":false},"version":2}},"categories":[37],"tags":[303,392,1021,443,297],"yst_prominent_words":[],"class_list":["post-5801","post","type-post","status-publish","format-standard","has-post-thumbnail","hentry","category-wetterblog","tag-kaelte","tag-kaeltewelle","tag-lena","tag-sibirien","tag-winter"],"jetpack_publicize_connections":[],"jetpack_featured_media_url":"https:\/\/www.hossi-im-netz.de\/wordpress\/wp-content\/uploads\/2016\/12\/IMG_1191.png","jetpack_sharing_enabled":true,"jetpack_shortlink":"https:\/\/wp.me\/p5DnIb-1vz","jetpack-related-posts":[],"jetpack_likes_enabled":true,"_links":{"self":[{"href":"https:\/\/www.hossi-im-netz.de\/wordpress\/wp-json\/wp\/v2\/posts\/5801","targetHints":{"allow":["GET"]}}],"collection":[{"href":"https:\/\/www.hossi-im-netz.de\/wordpress\/wp-json\/wp\/v2\/posts"}],"about":[{"href":"https:\/\/www.hossi-im-netz.de\/wordpress\/wp-json\/wp\/v2\/types\/post"}],"author":[{"embeddable":true,"href":"https:\/\/www.hossi-im-netz.de\/wordpress\/wp-json\/wp\/v2\/users\/1"}],"replies":[{"embeddable":true,"href":"https:\/\/www.hossi-im-netz.de\/wordpress\/wp-json\/wp\/v2\/comments?post=5801"}],"version-history":[{"count":1,"href":"https:\/\/www.hossi-im-netz.de\/wordpress\/wp-json\/wp\/v2\/posts\/5801\/revisions"}],"predecessor-version":[{"id":5803,"href":"https:\/\/www.hossi-im-netz.de\/wordpress\/wp-json\/wp\/v2\/posts\/5801\/revisions\/5803"}],"wp:featuredmedia":[{"embeddable":true,"href":"https:\/\/www.hossi-im-netz.de\/wordpress\/wp-json\/wp\/v2\/media\/5802"}],"wp:attachment":[{"href":"https:\/\/www.hossi-im-netz.de\/wordpress\/wp-json\/wp\/v2\/media?parent=5801"}],"wp:term":[{"taxonomy":"category","embeddable":true,"href":"https:\/\/www.hossi-im-netz.de\/wordpress\/wp-json\/wp\/v2\/categories?post=5801"},{"taxonomy":"post_tag","embeddable":true,"href":"https:\/\/www.hossi-im-netz.de\/wordpress\/wp-json\/wp\/v2\/tags?post=5801"},{"taxonomy":"yst_prominent_words","embeddable":true,"href":"https:\/\/www.hossi-im-netz.de\/wordpress\/wp-json\/wp\/v2\/yst_prominent_words?post=5801"}],"curies":[{"name":"wp","href":"https:\/\/api.w.org\/{rel}","templated":true}]}}