{"id":5868,"date":"2016-12-20T06:31:57","date_gmt":"2016-12-20T04:31:57","guid":{"rendered":"http:\/\/www.hossi-im-netz.de\/wordpress\/?p=5868"},"modified":"2016-12-20T06:31:57","modified_gmt":"2016-12-20T04:31:57","slug":"wettervorhersage-brachwitz-wettin-loebejuen-saalekreis-halle-454","status":"publish","type":"post","link":"https:\/\/www.hossi-im-netz.de\/wordpress\/wettervorhersage-brachwitz-wettin-loebejuen-saalekreis-halle-454\/","title":{"rendered":"Wettervorhersage Brachwitz, Wettin-L\u00f6bej\u00fcn, Saalekreis, Halle"},"content":{"rendered":"<p style=\"text-align: justify;\">Wettervorhersage Brachwitz, Wettin-L\u00f6bej\u00fcn, Saalekreis, Halle<\/p>\n<div id=\"attachment_5869\" style=\"width: 838px\" class=\"wp-caption alignnone\"><a href=\"https:\/\/www.hossi-im-netz.de\/wordpress\/vorhersage\/\"><img loading=\"lazy\" decoding=\"async\" aria-describedby=\"caption-attachment-5869\" data-attachment-id=\"5869\" data-permalink=\"https:\/\/www.hossi-im-netz.de\/wordpress\/wettervorhersage-brachwitz-wettin-loebejuen-saalekreis-halle-454\/img_1526\/\" data-orig-file=\"https:\/\/www.hossi-im-netz.de\/wordpress\/wp-content\/uploads\/2016\/12\/IMG_1526.png\" data-orig-size=\"828,272\" data-comments-opened=\"1\" data-image-meta=\"{&quot;aperture&quot;:&quot;0&quot;,&quot;credit&quot;:&quot;&quot;,&quot;camera&quot;:&quot;&quot;,&quot;caption&quot;:&quot;&quot;,&quot;created_timestamp&quot;:&quot;0&quot;,&quot;copyright&quot;:&quot;&quot;,&quot;focal_length&quot;:&quot;0&quot;,&quot;iso&quot;:&quot;0&quot;,&quot;shutter_speed&quot;:&quot;0&quot;,&quot;title&quot;:&quot;&quot;,&quot;orientation&quot;:&quot;0&quot;}\" data-image-title=\"Wettervorhersage 20.12.2016\" data-image-description=\"\" data-image-caption=\"\" data-medium-file=\"https:\/\/www.hossi-im-netz.de\/wordpress\/wp-content\/uploads\/2016\/12\/IMG_1526-300x99.png\" data-large-file=\"https:\/\/www.hossi-im-netz.de\/wordpress\/wp-content\/uploads\/2016\/12\/IMG_1526.png\" class=\"wp-image-5869 size-full\" src=\"https:\/\/www.hossi-im-netz.de\/wordpress\/wp-content\/uploads\/2016\/12\/IMG_1526.png\" width=\"828\" height=\"272\" srcset=\"https:\/\/www.hossi-im-netz.de\/wordpress\/wp-content\/uploads\/2016\/12\/IMG_1526.png 828w, https:\/\/www.hossi-im-netz.de\/wordpress\/wp-content\/uploads\/2016\/12\/IMG_1526-300x99.png 300w, https:\/\/www.hossi-im-netz.de\/wordpress\/wp-content\/uploads\/2016\/12\/IMG_1526-768x252.png 768w\" sizes=\"auto, (max-width: 828px) 100vw, 828px\" \/><\/a><p id=\"caption-attachment-5869\" class=\"wp-caption-text\">www.yr.no<\/p><\/div>\n<p style=\"text-align: justify;\">\n<p style=\"text-align: justify;\">In der Fr\u00fch und kommende Nacht verbreitet leichter Frost, \u00f6rtlich Nebel und Gl\u00e4tte. Tags\u00fcber freundlich und trocken.<\/p>\n<p style=\"text-align: justify;\">Wetter- und Warnlage f\u00fcr die n\u00e4chsten 24 Stunden: Ein Hochdruckgebiet mit Schwerpunkt \u00fcber Osteuropa gestaltet das Wetter im Land ruhig. Mit einer s\u00fcd\u00f6stlichen Str\u00f6mung gelangt dabei zunehmend trockene Festlandsluft zu uns.<\/p>\n<p style=\"text-align: justify;\">In den Fr\u00fchstunden sowie auch in der kommenden Nacht zum Mittwoch tritt gebietsweise dichter Nebel mit Sichtweiten unter 150 m auf. Er l\u00f6st sich im Vormittagsverlauf meist wieder auf. Zudem herrscht verbreitet leichter Frost zwischen 0 und -5 Grad. \u00d6rtlich muss mit Reifgl\u00e4tte gerechnet werden.<\/p>\n<p style=\"text-align: justify;\">Detaillierter Wetterablauf: Heute Fr\u00fch ist es teils bew\u00f6lkt, teils klar. \u00d6rtlich hat sich Nebel und Reifgl\u00e4tte gebildet. Tags\u00fcber l\u00f6sen sich die Nebelfelder teils nur sehr z\u00f6gerlich auf. Abseits davon scheint aber nahezu ungest\u00f6rt die Sonne. Es bleibt trocken. Die H\u00f6chstwerte liegen zwischen 2 und 4, in den Nebelgebieten bei 0 Grad. Auf dem Brocken werden +8 Grad erreicht. Der Wind weht schwach aus S\u00fcdost. In der Nacht zum Mittwoch wird es aufgelockerter Bew\u00f6lkung niederschlagsfrei sein. \u00d6rtlich bilden sich wieder dichte Nebelfelder. Bei schwachem S\u00fcdostwind werden die Tiefsttemperaturen zwischen -2 und -5 Grad erwartet.<\/p>\n<p style=\"text-align: justify;\">Am Mittwoch scheint nach unterschiedlich rascher Nebelaufl\u00f6sung h\u00e4ufig die Sonne. Nur in der Altmark h\u00e4lt sich gebietsweise hochnebelartige Bew\u00f6lkung, es bleibt aber trocken. Bei schwachem s\u00fcdlichem Wind liegen die H\u00f6chsttemperaturen zwischen 3 und 6 Grad, in den Nebelgebieten um 0 Grad. In der Nacht zum Donnerstag ziehen harmlose, im Nordwesten sp\u00e4ter auch dichtere Wolkenfelder vor\u00fcber. Es bleibt aber noch weitgehend trocken. Die Tiefstwerte der Temperatur liegen zwischen 0 und -4 Grad. Der S\u00fcdwestwind weht schwach.<\/p>\n<p style=\"text-align: justify;\">Am Donnerstag verdichtet sich die Bew\u00f6lkung im Tagesverlauf von Westen her und vom Harz bis zur Altmark setzt Regen ein, im Oberharz anfangs auch mit Schnee. Die Temperaturen steigen bei meist schwachem s\u00fcdlichem Wind auf 3 bis 6 Grad. Auf dem Brocken treten allerdings zunehmend teils schwere Sturmb\u00f6en bis 100 km\/h (Bft 10) auf. In der Nacht zum Freitag ziehen viele Wolken am Himmel entlang und auch im S\u00fcdosten f\u00e4llt gelegentlich etwas Regen. In den Fr\u00fchstunden lockert es hier und da etwas auf. Es wird mit 3 bis 0 Grad nicht mehr ganz so kalt wie in den N\u00e4chten davor. Dabei weht der Wind nur schwach aus unterschiedlichen Richtungen.<\/p>\n<p style=\"text-align: justify;\">Am Freitag ist es zun\u00e4chst stark bew\u00f6lkt, Niederschlag f\u00e4llt aber kaum noch. Im Tagesverlauf zeigen sich zunehmend Auflockerungen. Der Wind weht meist schwach aus s\u00fcdlichen Richtungen. Die Temperatur steigt auf 4 bis 7 Grad, im Harz auf 1 bis 4 Grad. Auf dem Brocken muss weiterhin mit teils schweren Sturmb\u00f6en bis 100 km\/h gerechnet werden. In der Nacht zum Samstag verdichtet sich die Bew\u00f6lkung von Westen her. Gegen Morgen kann im Westen etwas Niederschlag aufkommen, der wahrscheinlich auch auf dem Brocken als Regen f\u00e4llt. Die Tiefsttemperatur liegt bei 4 bis 1 Grad. Der Wind weht schwach bis m\u00e4\u00dfig aus s\u00fcdlichen Richtungen. Im Oberharz bleibt es st\u00fcrmisch.<\/p>\n<p style=\"text-align: justify;\">Deutscher Wetterdienst, RWB Leipzig, Robert Hausen<\/p>\n","protected":false},"excerpt":{"rendered":"<p>Wettervorhersage Brachwitz, Wettin-L\u00f6bej\u00fcn, Saalekreis, Halle In der Fr\u00fch und kommende Nacht verbreitet leichter Frost, \u00f6rtlich Nebel und Gl\u00e4tte. Tags\u00fcber freundlich und trocken. Wetter- und Warnlage f\u00fcr die n\u00e4chsten 24 Stunden: Ein Hochdruckgebiet mit Schwerpunkt \u00fcber Osteuropa gestaltet das Wetter im <span class=\"excerpt-dots\">&hellip;<\/span> <a class=\"more-link\" href=\"https:\/\/www.hossi-im-netz.de\/wordpress\/wettervorhersage-brachwitz-wettin-loebejuen-saalekreis-halle-454\/\"><span class=\"more-msg\">Weiterlesen &rarr;<\/span><\/a><\/p>\n","protected":false},"author":1,"featured_media":0,"comment_status":"open","ping_status":"closed","sticky":false,"template":"","format":"standard","meta":{"_exactmetrics_skip_tracking":false,"_exactmetrics_sitenote_active":false,"_exactmetrics_sitenote_note":"","_exactmetrics_sitenote_category":0,"jetpack_post_was_ever_published":false,"_jetpack_newsletter_access":"","_jetpack_dont_email_post_to_subs":false,"_jetpack_newsletter_tier_id":0,"_jetpack_memberships_contains_paywalled_content":false,"_jetpack_memberships_contains_paid_content":false,"footnotes":"","jetpack_publicize_message":"","jetpack_publicize_feature_enabled":true,"jetpack_social_post_already_shared":true,"jetpack_social_options":{"image_generator_settings":{"template":"highway","default_image_id":0,"font":"","enabled":false},"version":2}},"categories":[37],"tags":[39,5,95,38,96],"yst_prominent_words":[],"class_list":["post-5868","post","type-post","status-publish","format-standard","hentry","category-wetterblog","tag-brachwitz","tag-halle","tag-saalekreis","tag-wettervorhersage","tag-wettin-loebejuen"],"jetpack_publicize_connections":[],"jetpack_featured_media_url":"","jetpack_sharing_enabled":true,"jetpack_shortlink":"https:\/\/wp.me\/p5DnIb-1wE","jetpack-related-posts":[],"jetpack_likes_enabled":true,"_links":{"self":[{"href":"https:\/\/www.hossi-im-netz.de\/wordpress\/wp-json\/wp\/v2\/posts\/5868","targetHints":{"allow":["GET"]}}],"collection":[{"href":"https:\/\/www.hossi-im-netz.de\/wordpress\/wp-json\/wp\/v2\/posts"}],"about":[{"href":"https:\/\/www.hossi-im-netz.de\/wordpress\/wp-json\/wp\/v2\/types\/post"}],"author":[{"embeddable":true,"href":"https:\/\/www.hossi-im-netz.de\/wordpress\/wp-json\/wp\/v2\/users\/1"}],"replies":[{"embeddable":true,"href":"https:\/\/www.hossi-im-netz.de\/wordpress\/wp-json\/wp\/v2\/comments?post=5868"}],"version-history":[{"count":1,"href":"https:\/\/www.hossi-im-netz.de\/wordpress\/wp-json\/wp\/v2\/posts\/5868\/revisions"}],"predecessor-version":[{"id":5870,"href":"https:\/\/www.hossi-im-netz.de\/wordpress\/wp-json\/wp\/v2\/posts\/5868\/revisions\/5870"}],"wp:attachment":[{"href":"https:\/\/www.hossi-im-netz.de\/wordpress\/wp-json\/wp\/v2\/media?parent=5868"}],"wp:term":[{"taxonomy":"category","embeddable":true,"href":"https:\/\/www.hossi-im-netz.de\/wordpress\/wp-json\/wp\/v2\/categories?post=5868"},{"taxonomy":"post_tag","embeddable":true,"href":"https:\/\/www.hossi-im-netz.de\/wordpress\/wp-json\/wp\/v2\/tags?post=5868"},{"taxonomy":"yst_prominent_words","embeddable":true,"href":"https:\/\/www.hossi-im-netz.de\/wordpress\/wp-json\/wp\/v2\/yst_prominent_words?post=5868"}],"curies":[{"name":"wp","href":"https:\/\/api.w.org\/{rel}","templated":true}]}}