{"id":5871,"date":"2016-12-20T14:01:37","date_gmt":"2016-12-20T12:01:37","guid":{"rendered":"http:\/\/www.hossi-im-netz.de\/wordpress\/?p=5871"},"modified":"2016-12-20T14:01:37","modified_gmt":"2016-12-20T12:01:37","slug":"die-abende-werden-schon-wieder-laenger","status":"publish","type":"post","link":"https:\/\/www.hossi-im-netz.de\/wordpress\/die-abende-werden-schon-wieder-laenger\/","title":{"rendered":"Die Abende werden schon wieder l\u00e4nger"},"content":{"rendered":"<h2 style=\"text-align: justify;\">Die Abende werden schon wieder l\u00e4nger<\/h2>\n<p style=\"text-align: justify;\">\nDer Tag der Wintersonnenwende ist zwar der k\u00fcrzeste Tag des Jahres, aber weder der Tag mit dem sp\u00e4testen Sonnenaufgang noch der mit dem fr\u00fchesten Sonnenuntergang.<\/p>\n<p style=\"text-align: justify;\">&#8222;Das kann doch nicht sein&#8220;, so wird mancher zu dieser \u00dcberschrift sagen, denn erst am morgigen Mittwoch, dem 21.12., ist der Beginn des kalendarischen Winters und damit der k\u00fcrzeste Tag des Jahres. Dass mit diesem Tag auch der sp\u00e4teste Sonnenauf- und der fr\u00fcheste Sonnenuntergang verbunden sind, ist ein Denkfehler, der wohl von den meisten Nichtastronomen gemacht wird. Werfen wir mal einen Blick auf die astronomischen Sonnenunterg\u00e4nge, so stellen wir fest, dass die lichten Abende sich von heute auf morgen um eine halbe Minute verl\u00e4ngern und nicht verk\u00fcrzen, wie man f\u00e4lschlicherweise vermuten k\u00f6nnte. Offensichtlich verl\u00e4ngert sich die lichte Tagesdauer abends bereits seit einem Termin schon vor dem k\u00fcrzesten Tag. Wann aber ist der fr\u00fcheste Sonnenuntergang? Ein Blick in die entsprechenden Tabellen zeigt, dass der &#8222;k\u00fcrzeste&#8220; Abend am 12. Dezember war und der Sonnenuntergang sich seitdem jeden Tag einige Sekunden nach hinten verschiebt. Warum werden dann die Tage trotzdem bis zur Wintersonnenwende k\u00fcrzer? Wenn sich der Sonnenuntergang an aufeinanderfolgenden Tagen ein paar Sekunden nach hinten verschiebt, aber der Sonnenaufgang sich im Vergleich zum Vortag noch st\u00e4rker verz\u00f6gert, so verk\u00fcrzt sich der lichte Tag. Und zwar so lange, bis die abendliche Verl\u00e4ngerung die morgendliche Tagesverk\u00fcrzung \u00fcbertrifft. Das ist erstmals am Tag nach der Wintersonnenwende am 21.12. der Fall.<\/p>\n<p style=\"text-align: justify;\">Wann aber ist nun der sp\u00e4teste Sonnenaufgang? Die entsprechenden Tabellen verraten uns, dass der sp\u00e4teste Sonnenaufgang am 31.12. ist, einem Termin, an dem der Sonnenuntergang bereits acht Minuten sp\u00e4ter als zum k\u00fcrzesten Abend am 12. Dezember liegt. Im Volksmund spricht man von der Verl\u00e4ngerung des Abends bis Jahresende um einen Hahnenschrei. Dass man davon praktisch kaum etwas merkt, liegt daran, dass nicht die astronomische Sonnenuntergangszeit, sondern die Helligkeit den gef\u00fchlten Abend bestimmt. Da spielt auch die Bew\u00f6lkung eine Rolle. Je nach deren nahezu t\u00e4glich unterschiedlicher Beschaffenheit ist es etwa 20-30 Minuten fr\u00fcher dunkel als bei wolkenlosem Himmel. Mitte Januar, wenn im Norden der Sonnenuntergang bereits 30, im S\u00fcden 25 Minuten sp\u00e4ter ist als am 12. Dezember, merkt dann jeder, dass die Dunkelheit deutlich sp\u00e4ter einsetzt.<\/p>\n<p style=\"text-align: justify;\">Und wie verl\u00e4uft das um die Sommersonnenwende? \u00c4hnlich, um es kurz zu sagen. Nur ist es hier der Sonnenaufgang, der den extremen Termin zuerst erreicht. Bereits am 16. Juni ist der fr\u00fcheste Sonnenaufgang, die Sommersonnenwende selbst ist am 21.Juni und der sp\u00e4teste Untergang liegt um den 25. Juni.<\/p>\n<p style=\"text-align: justify;\">Dipl.-Met. Christoph Hartmann<\/p>\n<p style=\"text-align: justify;\">Deutscher Wetterdienst Vorhersage- und Beratungszentrale Offenbach, den 20.12.2016<\/p>\n<p style=\"text-align: justify;\">Copyright (c) Deutscher Wetterdienst<\/p>\n","protected":false},"excerpt":{"rendered":"<p>Die Abende werden schon wieder l\u00e4nger Der Tag der Wintersonnenwende ist zwar der k\u00fcrzeste Tag des Jahres, aber weder der Tag mit dem sp\u00e4testen Sonnenaufgang noch der mit dem fr\u00fchesten Sonnenuntergang. &#8222;Das kann doch nicht sein&#8220;, so wird mancher zu <span class=\"excerpt-dots\">&hellip;<\/span> <a class=\"more-link\" href=\"https:\/\/www.hossi-im-netz.de\/wordpress\/die-abende-werden-schon-wieder-laenger\/\"><span class=\"more-msg\">Weiterlesen &rarr;<\/span><\/a><\/p>\n","protected":false},"author":1,"featured_media":5872,"comment_status":"open","ping_status":"closed","sticky":false,"template":"","format":"standard","meta":{"_exactmetrics_skip_tracking":false,"_exactmetrics_sitenote_active":false,"_exactmetrics_sitenote_note":"","_exactmetrics_sitenote_category":0,"jetpack_post_was_ever_published":false,"_jetpack_newsletter_access":"","_jetpack_dont_email_post_to_subs":false,"_jetpack_newsletter_tier_id":0,"_jetpack_memberships_contains_paywalled_content":false,"_jetpack_memberships_contains_paid_content":false,"footnotes":"","jetpack_publicize_message":"","jetpack_publicize_feature_enabled":true,"jetpack_social_post_already_shared":true,"jetpack_social_options":{"image_generator_settings":{"template":"highway","default_image_id":0,"font":"","enabled":false},"version":2}},"categories":[37],"tags":[1041,59,1042,305,410],"yst_prominent_words":[],"class_list":["post-5871","post","type-post","status-publish","format-standard","has-post-thumbnail","hentry","category-wetterblog","tag-sommersonnenwende","tag-sonne","tag-sonnenaufgang","tag-sonnenuntergang","tag-wintersonnenwende"],"jetpack_publicize_connections":[],"jetpack_featured_media_url":"https:\/\/www.hossi-im-netz.de\/wordpress\/wp-content\/uploads\/2016\/12\/IMG_1529.jpg","jetpack_sharing_enabled":true,"jetpack_shortlink":"https:\/\/wp.me\/p5DnIb-1wH","jetpack-related-posts":[],"jetpack_likes_enabled":true,"_links":{"self":[{"href":"https:\/\/www.hossi-im-netz.de\/wordpress\/wp-json\/wp\/v2\/posts\/5871","targetHints":{"allow":["GET"]}}],"collection":[{"href":"https:\/\/www.hossi-im-netz.de\/wordpress\/wp-json\/wp\/v2\/posts"}],"about":[{"href":"https:\/\/www.hossi-im-netz.de\/wordpress\/wp-json\/wp\/v2\/types\/post"}],"author":[{"embeddable":true,"href":"https:\/\/www.hossi-im-netz.de\/wordpress\/wp-json\/wp\/v2\/users\/1"}],"replies":[{"embeddable":true,"href":"https:\/\/www.hossi-im-netz.de\/wordpress\/wp-json\/wp\/v2\/comments?post=5871"}],"version-history":[{"count":1,"href":"https:\/\/www.hossi-im-netz.de\/wordpress\/wp-json\/wp\/v2\/posts\/5871\/revisions"}],"predecessor-version":[{"id":5873,"href":"https:\/\/www.hossi-im-netz.de\/wordpress\/wp-json\/wp\/v2\/posts\/5871\/revisions\/5873"}],"wp:featuredmedia":[{"embeddable":true,"href":"https:\/\/www.hossi-im-netz.de\/wordpress\/wp-json\/wp\/v2\/media\/5872"}],"wp:attachment":[{"href":"https:\/\/www.hossi-im-netz.de\/wordpress\/wp-json\/wp\/v2\/media?parent=5871"}],"wp:term":[{"taxonomy":"category","embeddable":true,"href":"https:\/\/www.hossi-im-netz.de\/wordpress\/wp-json\/wp\/v2\/categories?post=5871"},{"taxonomy":"post_tag","embeddable":true,"href":"https:\/\/www.hossi-im-netz.de\/wordpress\/wp-json\/wp\/v2\/tags?post=5871"},{"taxonomy":"yst_prominent_words","embeddable":true,"href":"https:\/\/www.hossi-im-netz.de\/wordpress\/wp-json\/wp\/v2\/yst_prominent_words?post=5871"}],"curies":[{"name":"wp","href":"https:\/\/api.w.org\/{rel}","templated":true}]}}