{"id":5887,"date":"2016-12-23T14:46:39","date_gmt":"2016-12-23T12:46:39","guid":{"rendered":"http:\/\/www.hossi-im-netz.de\/wordpress\/?p=5887"},"modified":"2016-12-23T14:46:39","modified_gmt":"2016-12-23T12:46:39","slug":"wintersonnenwende-und-weihnachten","status":"publish","type":"post","link":"https:\/\/www.hossi-im-netz.de\/wordpress\/wintersonnenwende-und-weihnachten\/","title":{"rendered":"Wintersonnenwende und Weihnachten"},"content":{"rendered":"<h2 style=\"text-align: justify;\">Wintersonnenwende und Weihnachten<\/h2>\n<p style=\"text-align: justify;\">\nNach der Sonnenwende werden die Tage allm\u00e4hlich l\u00e4nger und die Sonne steht wieder h\u00f6her am Himmel. Dennoch liegt die &#8222;kalte Jahreszeit&#8220; noch vor uns. Zun\u00e4chst aber ist Weihnachten.<\/p>\n<p style=\"text-align: justify;\">Am 21. Dezember 2016, um 11:44 Uhr Mitteleurop\u00e4ischer Zeit (MEZ), war Sonnenwende, denn unser Zentralgestirn erreichte auf seiner scheinbaren Bahn um die Erde (&#8222;Ekliptik&#8220;) seinen s\u00fcdlichsten Punkt. Damit begann auf der Nordhemisph\u00e4re der astronomische Winter, auf der S\u00fcdhalbkugel der Sommer. Unter den astronomischen Jahreszeiten versteht man die (willk\u00fcrliche) Einteilung des Jahres in vier etwa gleich lange, 90\u00b0 weite Abschnitte auf der Ekliptik, die durch jeweils zwei 180\u00b0 voneinander entfernte Tagundnachtgleichen (&#8222;\u00c4quinoktien&#8220;) und Sonnenwenden (&#8222;Solstitien&#8220;) markiert werden. Ursache der Tagundnachtgleichen und Sonnenwenden ist die himmelsmechanisch bedingte Neigung der rotierenden Erdachse und damit der Erdbahnebene gegen\u00fcber dem (Himmels-)\u00c4quator um ca. 23,5\u00b0 (&#8222;Schiefe der Ekliptik&#8220;).<\/p>\n<p style=\"text-align: justify;\">Die Schiefe der Ekliptik dominiert neben dem Abstand zwischen Sonne und Erde die solare Einstrahlung und damit den Energiegewinn der Erdoberfl\u00e4che im Jahresverlauf und ist wie gesagt auch f\u00fcr die sich vor allem in mittleren und hohen geographischen Breiten auspr\u00e4genden Jahreszeiten urs\u00e4chlich. Der astronomische oder auch kalendarische Winter bildet dabei den Abschnitt zwischen Wintersonnenwende und Fr\u00fchlingstagundnachtgleiche, die Sonne wandert auf der Ekliptik bis zur Fr\u00fchlingstagundnachtgleiche nordw\u00e4rts. Die Tagb\u00f6gen der Sonne zwischen ihrem Auf- und Untergang sowie die Tagesl\u00e4ngen nehmen wieder zu, die Mittagsh\u00f6he der Sonne \u00fcber dem Horizont steigt und der Einfallswinkel der Sonnenstrahlung wird gr\u00f6\u00dfer.<\/p>\n<p style=\"text-align: justify;\">Dennoch wird es in Mitteleuropa im klimatologischen Mittel zun\u00e4chst k\u00e4lter, der &#8222;Hochwinter&#8220; steht uns ggf. noch bevor und der Januar ist in Deutschland gew\u00f6hnlich der k\u00e4lteste Monat des Jahres. Das liegt an der &#8222;thermischen Tr\u00e4gheit&#8220; des &#8222;Klimasystems&#8220; (Erdoberfl\u00e4che und Atmosph\u00e4re), welches in den mittleren und hohen geographischen Breiten noch nicht von der wieder zunehmenden kurzwelligen Sonnenstrahlung profitieren kann, da dieser Energiegewinn vom Energieverlust durch langwellige Ausstrahlung noch deutlich \u00fcbertroffen wird. So dauert bei uns der &#8222;Kampf&#8220; zwischen urspr\u00fcnglich subtropischen und polaren Luftmassen noch bis zum Fr\u00fchjahr an und beschert uns, je nachdem wer auf l\u00e4ngere Zeit obsiegt, einen milden oder strengen Winter. Am Ende aber kehrt die Sonne zu uns zur\u00fcck.<\/p>\n<p style=\"text-align: justify;\">In einigen alten Kulturen und Zivilisationen waren die Jahreszeiten so eingeteilt, dass die Sonnenwende in der Mitte des Winters lag. Auch die meteorologischen Jahreszeiten sind bekanntlich anders definiert. Da beispielsweise in unseren mittleren Breiten oftmals bereits vor dem tiefsten Stand der Sonne winterliches Wetter herrscht und es au\u00dferdem f\u00fcr statistische Zwecke bequemer ist, bilden die Monate Dezember, Januar und Februar den Winter. Der meteorologische Winter hat also bereits am 1. Dezember begonnen.<\/p>\n<p style=\"text-align: justify;\">Weil nach dem Wintersolstitium die Tage wieder l\u00e4nger werden, war die Sonnenwende sp\u00e4testens seit der Steinzeit in vielen Kulturen ein wichtiges Fest, welches mitunter auch ein paar Tage vor oder nach dem Datum der tats\u00e4chlichen Sonnenwende begangen wurde. Die alten Germanen feierten das &#8222;Julfest&#8220;, im antiken Rom war der 25. Dezember einer der h\u00f6chsten Feiertage, der zu Ehren des &#8222;Gottes der unbesiegten Sonne&#8220; (&#8222;Sol invictus&#8220;) zelebriert wurde. Schlie\u00dflich liegt auch der Zeitpunkt unseres christlichen Weihnachtsfestes in dieser Tradition begr\u00fcndet.<\/p>\n<p style=\"text-align: justify;\">Dipl.-Met. Thomas Ruppert<\/p>\n<p style=\"text-align: justify;\">Deutscher Wetterdienst Vorhersage- und Beratungszentrale Offenbach, den 23.12.2016<\/p>\n<p style=\"text-align: justify;\">Copyright (c) Deutscher Wetterdienst<\/p>\n","protected":false},"excerpt":{"rendered":"<p>Wintersonnenwende und Weihnachten Nach der Sonnenwende werden die Tage allm\u00e4hlich l\u00e4nger und die Sonne steht wieder h\u00f6her am Himmel. Dennoch liegt die &#8222;kalte Jahreszeit&#8220; noch vor uns. Zun\u00e4chst aber ist Weihnachten. Am 21. Dezember 2016, um 11:44 Uhr Mitteleurop\u00e4ischer Zeit <span class=\"excerpt-dots\">&hellip;<\/span> <a class=\"more-link\" href=\"https:\/\/www.hossi-im-netz.de\/wordpress\/wintersonnenwende-und-weihnachten\/\"><span class=\"more-msg\">Weiterlesen &rarr;<\/span><\/a><\/p>\n","protected":false},"author":1,"featured_media":5888,"comment_status":"open","ping_status":"closed","sticky":false,"template":"","format":"standard","meta":{"_exactmetrics_skip_tracking":false,"_exactmetrics_sitenote_active":false,"_exactmetrics_sitenote_note":"","_exactmetrics_sitenote_category":0,"jetpack_post_was_ever_published":false,"_jetpack_newsletter_access":"","_jetpack_dont_email_post_to_subs":false,"_jetpack_newsletter_tier_id":0,"_jetpack_memberships_contains_paywalled_content":false,"_jetpack_memberships_contains_paid_content":false,"footnotes":"","jetpack_publicize_message":"","jetpack_publicize_feature_enabled":true,"jetpack_social_post_already_shared":true,"jetpack_social_options":{"image_generator_settings":{"template":"highway","default_image_id":0,"font":"","enabled":false},"version":2}},"categories":[37],"tags":[1044,366,297,410],"yst_prominent_words":[],"class_list":["post-5887","post","type-post","status-publish","format-standard","has-post-thumbnail","hentry","category-wetterblog","tag-sonnenwende","tag-weihnachten","tag-winter","tag-wintersonnenwende"],"jetpack_publicize_connections":[],"jetpack_featured_media_url":"https:\/\/www.hossi-im-netz.de\/wordpress\/wp-content\/uploads\/2016\/12\/IMG_1565.jpg","jetpack_sharing_enabled":true,"jetpack_shortlink":"https:\/\/wp.me\/p5DnIb-1wX","jetpack-related-posts":[],"jetpack_likes_enabled":true,"_links":{"self":[{"href":"https:\/\/www.hossi-im-netz.de\/wordpress\/wp-json\/wp\/v2\/posts\/5887","targetHints":{"allow":["GET"]}}],"collection":[{"href":"https:\/\/www.hossi-im-netz.de\/wordpress\/wp-json\/wp\/v2\/posts"}],"about":[{"href":"https:\/\/www.hossi-im-netz.de\/wordpress\/wp-json\/wp\/v2\/types\/post"}],"author":[{"embeddable":true,"href":"https:\/\/www.hossi-im-netz.de\/wordpress\/wp-json\/wp\/v2\/users\/1"}],"replies":[{"embeddable":true,"href":"https:\/\/www.hossi-im-netz.de\/wordpress\/wp-json\/wp\/v2\/comments?post=5887"}],"version-history":[{"count":1,"href":"https:\/\/www.hossi-im-netz.de\/wordpress\/wp-json\/wp\/v2\/posts\/5887\/revisions"}],"predecessor-version":[{"id":5889,"href":"https:\/\/www.hossi-im-netz.de\/wordpress\/wp-json\/wp\/v2\/posts\/5887\/revisions\/5889"}],"wp:featuredmedia":[{"embeddable":true,"href":"https:\/\/www.hossi-im-netz.de\/wordpress\/wp-json\/wp\/v2\/media\/5888"}],"wp:attachment":[{"href":"https:\/\/www.hossi-im-netz.de\/wordpress\/wp-json\/wp\/v2\/media?parent=5887"}],"wp:term":[{"taxonomy":"category","embeddable":true,"href":"https:\/\/www.hossi-im-netz.de\/wordpress\/wp-json\/wp\/v2\/categories?post=5887"},{"taxonomy":"post_tag","embeddable":true,"href":"https:\/\/www.hossi-im-netz.de\/wordpress\/wp-json\/wp\/v2\/tags?post=5887"},{"taxonomy":"yst_prominent_words","embeddable":true,"href":"https:\/\/www.hossi-im-netz.de\/wordpress\/wp-json\/wp\/v2\/yst_prominent_words?post=5887"}],"curies":[{"name":"wp","href":"https:\/\/api.w.org\/{rel}","templated":true}]}}