{"id":5897,"date":"2016-12-24T14:05:05","date_gmt":"2016-12-24T12:05:05","guid":{"rendered":"http:\/\/www.hossi-im-netz.de\/wordpress\/?p=5897"},"modified":"2016-12-24T14:05:05","modified_gmt":"2016-12-24T12:05:05","slug":"gerechte-weihnachten","status":"publish","type":"post","link":"https:\/\/www.hossi-im-netz.de\/wordpress\/gerechte-weihnachten\/","title":{"rendered":"Gerechte Weihnachten"},"content":{"rendered":"<div class=\"intro\">\n<h1 class=\"isFirstInSlot\" style=\"text-align: justify;\">Gerechte Weihnachten<\/h1>\n<div class=\"docData news\" style=\"text-align: justify;\"><\/div>\n<div class=\"abstract\" style=\"text-align: justify;\">\n<p>Das Weihnachtswetter ist gerecht. Verbreitet windig und regnerisch, dazu im ganzen Land ein recht \u00e4hnliches Temperaturniveau. Einige Details dazu beleuchtet das heutige Thema des Tages.<\/p>\n<\/div>\n<\/div>\n<div class=\"body-text\">\n<p style=\"text-align: justify;\">Um es gleich vorweg zu nehmen: Das Wetter \u00fcber Weihnachten zeigt zumindest eine christliche Tugend &#8211; es ist ziemlich gerecht. Dies gilt f\u00fcr den Wind ebenso wie f\u00fcr den Niederschlag. Eine schnelle und zugegebenerma\u00dfen laxe Vorhersage k\u00f6nnte lauten, dass es \u00fcberall regnerisch und windig ist.<\/p>\n<p style=\"text-align: justify;\">Wirft man einen genaueren Blick auf den Wind, so ist zu erkennen, dass dieser am heutigen Heiligabend vor allem im Norden und im Bergland stark bis st\u00fcrmisch weht. Dort m\u00fcssen sp\u00e4tentschlossene Geschenkek\u00e4ufer ihre Pr\u00e4sente gut festhalten. Oder sie entscheiden sich f\u00fcr kleine und kompakte und damit wenig windanf\u00e4llige Geschenke. Hier w\u00e4ren Schmuck oder ein gutes Parf\u00fcm denkbar. In der Nacht zum 1. Weihnachtsfeiertag wird der Wind dann auch in der Osth\u00e4lfte kr\u00e4ftiger. Im Umkehrschluss kann man aus dem bisher Geschilderten folgern, dass der Wind im S\u00fcdwesten am schw\u00e4chsten erwartet wird. Das stimmt auch, aber selbst dort ist er nicht schwach.<\/p>\n<p style=\"text-align: justify;\">Der 1. Weihnachtsfeiertag ist dann von etwas zur\u00fcck gehenden Windgeschwindigkeiten gepr\u00e4gt. Es bleibt zwar an der K\u00fcste und in den Bergen stark bis st\u00fcrmisch, sonst wird der Wind aber schw\u00e4cher, so dass mutige f\u00fcr ihre geplanten Weihnachtsspazierg\u00e4nge nicht nur windgesch\u00fctzte Tallagen anpeilen k\u00f6nnen. F\u00fcr zumindest angedeutete winterliche Impressionen muss man allerdings hoch hinaus, und dann ist der Wind ein st\u00e4ndiger Begleiter. Die kurze Phase schw\u00e4cheren Windes hat aber in der Nacht zu Montag schon wieder ein Ende, wenn der Wind erneut auflebt.<\/p>\n<p style=\"text-align: justify;\">Am Montag selbst, dem 2. Weihnachtsfeiertag, ist dann die gesamte Nordh\u00e4lfte vom kr\u00e4ftigen Wind betroffen, in der Spitze, das hei\u00dft an der K\u00fcste und auf den Bergen, sind dann auch schwere Sturmb\u00f6en m\u00f6glich. Insgesamt ist dies wohl der windigste Tag, und vielleicht bietet er sich deshalb besonders f\u00fcr den obligatorischen Familienbesuch an.<\/p>\n<p style=\"text-align: justify;\">Aber egal wann und warum man das Haus verl\u00e4sst: Eine Regenjacke ist definitiv das passende Kleidungsst\u00fcck. Auch ein Regenschirm ist ein sinnvoller Begleiter, er muss aber gut festgehalten werden. Immer wieder kommt es \u00fcber die Feiertage zu kurzen Schauern oder auch zu l\u00e4ngeren Regenphasen. Die Mengen sind nicht exorbitant hoch, aber in der Summe kommen verbreitet doch 5 bis 20 mm (Liter pro Quadratmeter) \u00fcber die Feiertage zusammen. An der K\u00fcste f\u00e4llt dabei etwas mehr Regen als im Binnenland, und auf den Bergen, wie zu erwarten, etwas mehr als im Flachland. Die beigef\u00fcgte Grafik zeigt den akkumulierten Niederschlag bis zum Montagabend, 19 Uhr, wie er von unserem Wettervorhersagemodell ICON gesehen wird. Trockene Regionen wird es voraussichtlich keine geben, was, wie oben angesprochen, durchaus gerecht ist.<\/p>\n<p style=\"text-align: justify;\">Apropos Gerechtigkeit: Auch bei den Temperaturen sind die Unterschiede \u00fcberschaubar. Um 10 Grad werden an den beiden Weihnachtsfeiertagen erwartet, am heutigen Heiligabend sind es um 8 Grad.<\/p>\n<p style=\"text-align: justify;\">Zumindest bez\u00fcglich des Wetters kann man also die Feiertage auch neidfrei begehen &#8211; eine weitere christliche Tugend.<\/p>\n<p style=\"text-align: justify;\">Dipl.-Met. Martin Jonas<\/p>\n<p style=\"text-align: justify;\">Deutscher Wetterdienst Vorhersage- und Beratungszentrale Offenbach, den 24.12.2016<\/p>\n<p style=\"text-align: justify;\">Copyright (c) Deutscher Wetterdienst<\/p>\n<\/div>\n<p style=\"text-align: justify;\"><a href=\"https:\/\/www.hossi-im-netz.de\/wordpress\/wp-content\/uploads\/2016\/12\/24_Bild.pngjsessionid1954994C52F367741025124A5D525DA0.live21071.png\"><img loading=\"lazy\" decoding=\"async\" data-attachment-id=\"5898\" data-permalink=\"https:\/\/www.hossi-im-netz.de\/wordpress\/gerechte-weihnachten\/24_bild-pngjsessionid1954994c52f367741025124a5d525da0-live21071\/\" data-orig-file=\"https:\/\/www.hossi-im-netz.de\/wordpress\/wp-content\/uploads\/2016\/12\/24_Bild.pngjsessionid1954994C52F367741025124A5D525DA0.live21071.png\" data-orig-size=\"805,645\" data-comments-opened=\"1\" data-image-meta=\"{&quot;aperture&quot;:&quot;0&quot;,&quot;credit&quot;:&quot;&quot;,&quot;camera&quot;:&quot;&quot;,&quot;caption&quot;:&quot;&quot;,&quot;created_timestamp&quot;:&quot;0&quot;,&quot;copyright&quot;:&quot;&quot;,&quot;focal_length&quot;:&quot;0&quot;,&quot;iso&quot;:&quot;0&quot;,&quot;shutter_speed&quot;:&quot;0&quot;,&quot;title&quot;:&quot;&quot;,&quot;orientation&quot;:&quot;0&quot;}\" data-image-title=\"Gerechte Weihnachten\" data-image-description=\"\" data-image-caption=\"\" data-medium-file=\"https:\/\/www.hossi-im-netz.de\/wordpress\/wp-content\/uploads\/2016\/12\/24_Bild.pngjsessionid1954994C52F367741025124A5D525DA0.live21071-300x240.png\" data-large-file=\"https:\/\/www.hossi-im-netz.de\/wordpress\/wp-content\/uploads\/2016\/12\/24_Bild.pngjsessionid1954994C52F367741025124A5D525DA0.live21071.png\" class=\"alignnone size-full wp-image-5898\" src=\"https:\/\/www.hossi-im-netz.de\/wordpress\/wp-content\/uploads\/2016\/12\/24_Bild.pngjsessionid1954994C52F367741025124A5D525DA0.live21071.png\" alt=\"\" width=\"805\" height=\"645\" srcset=\"https:\/\/www.hossi-im-netz.de\/wordpress\/wp-content\/uploads\/2016\/12\/24_Bild.pngjsessionid1954994C52F367741025124A5D525DA0.live21071.png 805w, https:\/\/www.hossi-im-netz.de\/wordpress\/wp-content\/uploads\/2016\/12\/24_Bild.pngjsessionid1954994C52F367741025124A5D525DA0.live21071-300x240.png 300w, https:\/\/www.hossi-im-netz.de\/wordpress\/wp-content\/uploads\/2016\/12\/24_Bild.pngjsessionid1954994C52F367741025124A5D525DA0.live21071-768x615.png 768w\" sizes=\"auto, (max-width: 805px) 100vw, 805px\" \/><\/a><\/p>\n","protected":false},"excerpt":{"rendered":"<p>Gerechte Weihnachten Das Weihnachtswetter ist gerecht. Verbreitet windig und regnerisch, dazu im ganzen Land ein recht \u00e4hnliches Temperaturniveau. Einige Details dazu beleuchtet das heutige Thema des Tages. Um es gleich vorweg zu nehmen: Das Wetter \u00fcber Weihnachten zeigt zumindest eine <span class=\"excerpt-dots\">&hellip;<\/span> <a class=\"more-link\" href=\"https:\/\/www.hossi-im-netz.de\/wordpress\/gerechte-weihnachten\/\"><span class=\"more-msg\">Weiterlesen &rarr;<\/span><\/a><\/p>\n","protected":false},"author":1,"featured_media":5898,"comment_status":"open","ping_status":"closed","sticky":false,"template":"","format":"standard","meta":{"_exactmetrics_skip_tracking":false,"_exactmetrics_sitenote_active":false,"_exactmetrics_sitenote_note":"","_exactmetrics_sitenote_category":0,"jetpack_post_was_ever_published":false,"_jetpack_newsletter_access":"","_jetpack_dont_email_post_to_subs":false,"_jetpack_newsletter_tier_id":0,"_jetpack_memberships_contains_paywalled_content":false,"_jetpack_memberships_contains_paid_content":false,"footnotes":"","jetpack_publicize_message":"","jetpack_publicize_feature_enabled":true,"jetpack_social_post_already_shared":true,"jetpack_social_options":{"image_generator_settings":{"template":"highway","default_image_id":0,"font":"","enabled":false},"version":2}},"categories":[37],"tags":[388,371,366,1086,4,38,297],"yst_prominent_words":[1080,1076,1073,1085,1081,1078,1082,1077,1071,1067,1079,1075,1083,1084,1068,1074,1072,1066,1070,1069],"class_list":["post-5897","post","type-post","status-publish","format-standard","has-post-thumbnail","hentry","category-wetterblog","tag-388","tag-dezember","tag-weihnachten","tag-weihnachten-2016","tag-wetter","tag-wettervorhersage","tag-winter"],"jetpack_publicize_connections":[],"jetpack_featured_media_url":"https:\/\/www.hossi-im-netz.de\/wordpress\/wp-content\/uploads\/2016\/12\/24_Bild.pngjsessionid1954994C52F367741025124A5D525DA0.live21071.png","jetpack_sharing_enabled":true,"jetpack_shortlink":"https:\/\/wp.me\/p5DnIb-1x7","jetpack-related-posts":[],"jetpack_likes_enabled":true,"_links":{"self":[{"href":"https:\/\/www.hossi-im-netz.de\/wordpress\/wp-json\/wp\/v2\/posts\/5897","targetHints":{"allow":["GET"]}}],"collection":[{"href":"https:\/\/www.hossi-im-netz.de\/wordpress\/wp-json\/wp\/v2\/posts"}],"about":[{"href":"https:\/\/www.hossi-im-netz.de\/wordpress\/wp-json\/wp\/v2\/types\/post"}],"author":[{"embeddable":true,"href":"https:\/\/www.hossi-im-netz.de\/wordpress\/wp-json\/wp\/v2\/users\/1"}],"replies":[{"embeddable":true,"href":"https:\/\/www.hossi-im-netz.de\/wordpress\/wp-json\/wp\/v2\/comments?post=5897"}],"version-history":[{"count":1,"href":"https:\/\/www.hossi-im-netz.de\/wordpress\/wp-json\/wp\/v2\/posts\/5897\/revisions"}],"predecessor-version":[{"id":5899,"href":"https:\/\/www.hossi-im-netz.de\/wordpress\/wp-json\/wp\/v2\/posts\/5897\/revisions\/5899"}],"wp:featuredmedia":[{"embeddable":true,"href":"https:\/\/www.hossi-im-netz.de\/wordpress\/wp-json\/wp\/v2\/media\/5898"}],"wp:attachment":[{"href":"https:\/\/www.hossi-im-netz.de\/wordpress\/wp-json\/wp\/v2\/media?parent=5897"}],"wp:term":[{"taxonomy":"category","embeddable":true,"href":"https:\/\/www.hossi-im-netz.de\/wordpress\/wp-json\/wp\/v2\/categories?post=5897"},{"taxonomy":"post_tag","embeddable":true,"href":"https:\/\/www.hossi-im-netz.de\/wordpress\/wp-json\/wp\/v2\/tags?post=5897"},{"taxonomy":"yst_prominent_words","embeddable":true,"href":"https:\/\/www.hossi-im-netz.de\/wordpress\/wp-json\/wp\/v2\/yst_prominent_words?post=5897"}],"curies":[{"name":"wp","href":"https:\/\/api.w.org\/{rel}","templated":true}]}}