{"id":5911,"date":"2016-12-26T14:24:32","date_gmt":"2016-12-26T12:24:32","guid":{"rendered":"http:\/\/www.hossi-im-netz.de\/wordpress\/?p=5911"},"modified":"2016-12-26T14:24:32","modified_gmt":"2016-12-26T12:24:32","slug":"stuermische-weihnachten","status":"publish","type":"post","link":"https:\/\/www.hossi-im-netz.de\/wordpress\/stuermische-weihnachten\/","title":{"rendered":"St\u00fcrmische Weihnachten"},"content":{"rendered":"<h2 style=\"text-align: justify;\">St\u00fcrmische Weihnachten<\/h2>\n<p style=\"text-align: justify;\">\nHohe Temperaturen und viel Wind sind um diese Jahreszeit eng miteinander verkn\u00fcpft. Zum sehr milden Weihnachtswetter passt daher auch der kr\u00e4ftige Wind, der kommende Nacht an der K\u00fcste in B\u00f6en Orkanst\u00e4rke erreichen kann.<\/p>\n<p style=\"text-align: justify;\">Schon vor vier Wochen hatten wir, wenn auch als wissenschaftliche Spielerei, orkanartige B\u00f6en f\u00fcr Weihnachten angek\u00fcndigt. Dass die seit gestern auf einigen Bergen und heute Abend auch f\u00fcr die K\u00fcste angek\u00fcndigten orkanartigen B\u00f6en nun tats\u00e4chlich einzutreffen scheinen, hat mit der damaligen Vorhersage eher wenig zu tun. Vor vier Wochen war die Ursache des kr\u00e4ftigen Windes, wie schon beim Weihnachtsorkan Lothar unseligen Gedenkens, ein kleines Tief innerhalb eines gro\u00dfen Tiefs, ein sogenannter Schnelll\u00e4ufer, der f\u00fcr die notwendigen Druckdifferenzen sorgt, um kr\u00e4ftigen Wind zu generieren. Dieses Jahr allerdings ist die Ursache f\u00fcr das Windmaximum im Laufe der ersten Nachth\u00e4lfte zum Dienstag das Zusammenspiel von Tief &#8222;Barbara&#8220; und Hoch &#8222;Y\u00f6rn&#8220;. W\u00e4hrend &#8222;Barbara&#8220; ein X-beliebiges Sturmtief, zeitweise Orkantief ist, dass sich Richtung Skandinavien verlagert, rauscht das Hoch &#8222;Y\u00f6rn&#8220; ungew\u00f6hnlich schnell, fast ist man geneigt diesem Hoch den den Tiefs vorbehaltenen Begriff &#8222;Schnelll\u00e4ufer&#8220; zuzuordnen, in zwei Tagen knapp 4000 km von West nach Ost. Es liegt heute Abend \u00fcber Cornwall im S\u00fcdwesten von England. Barbara dagegen bewegt sich in der gleichen Zeit nur ca. 2000 km und teilt sich in einen n\u00f6rdlichen und einen s\u00fcdlichen Teil \u00fcber Nord- bzw. S\u00fcdskandinavien auf. Daher gelangt &#8222;Y\u00f6rn&#8220; rasch in die Nachbarschaft Barbaras und somit kann sich die f\u00fcr den starken Wind notwendige Druckdifferenz aufbauen. Wenn man sich nur die Bodenwetterkarte, die \u00fcblicherweise in den Zeitungen abgedruckt wird, anschaut, ist es zun\u00e4chst unklar, ob man vom Sturmtief Barbara oder vom Sturmhoch &#8222;Y\u00f6rn&#8220; sprechen sollte. Warum wir dann doch vom Sturmtief sprechen, liegt daran, dass die B\u00f6en, die letztendlich die Windereignisse charakterisieren, durch meteorologische Vorg\u00e4nge in der H\u00f6he ausgel\u00f6st werden, die eindeutig zu einem Tief geh\u00f6ren. Kurz gefasst: Der Isobarenabstand zwischen Barbara und &#8222;Y\u00f6rn&#8220; f\u00fchrt verbreitet zu einem Bodenwind der St\u00e4rke 7-8, also etwa 50-75 km\/h. Die Reibung \u00fcber der Erdoberfl\u00e4che hat dabei, \u00fcber Wasser mehr, \u00fcber Land weniger, den Wind in der Messh\u00f6he von 10 m bereits abgebremst. Der reibungsfreie, also nicht abgebremste Wind in der H\u00f6he ist also st\u00e4rker. Auf Sylt beispielsweise ist f\u00fcr kommende Nacht ein Mittelwind in 10 m von Bft 8 (ca. 70 km\/h) vorhergesagt, in 700 m H\u00f6he wird er mit Bft 12 (&gt; 118 km\/h) prognostiziert. Bei einem Hoch bliebe das mangels Luftaustausch zwischen den H\u00f6henschichten der bodennahe Wind bei 7-8 Bft. Durch die meteorologischen Vorg\u00e4nge bei einem Tief allerdings wird \u00f6rtlich Luft aus tieferen und h\u00f6heren Schichten ausgetauscht (Konvektion). Dann kann sich die Windgeschwindigkeit, die eigentlich nur in h\u00f6heren Schichten zu finden ist, kurzzeitig auch am Boden durchsetzen und wird dann als B\u00f6 gemessen. Da Berge, und hier vor allem der Brocken als einsamer Gipfel in relativer Nordseen\u00e4he, in das H\u00f6henwindfeld ragen, gibt es dort nat\u00fcrlich verbreitet Orkanb\u00f6en. Von Ausfl\u00fcgen dorthin ist daher abzuraten.<\/p>\n<p style=\"text-align: justify;\">Dipl.-Met. Christoph Hartmann<\/p>\n<p style=\"text-align: justify;\">Deutscher Wetterdienst Vorhersage- und Beratungszentrale Offenbach, den 26.12.2016<\/p>\n<p style=\"text-align: justify;\">Copyright (c) Deutscher Wetterdienst<\/p>\n<p style=\"text-align: justify;\">\n<p style=\"text-align: justify;\"><a href=\"https:\/\/www.hossi-im-netz.de\/wordpress\/wp-content\/uploads\/2016\/12\/IMG_1715.jpg\"><img loading=\"lazy\" decoding=\"async\" data-attachment-id=\"5912\" data-permalink=\"https:\/\/www.hossi-im-netz.de\/wordpress\/stuermische-weihnachten\/img_1715\/\" data-orig-file=\"https:\/\/www.hossi-im-netz.de\/wordpress\/wp-content\/uploads\/2016\/12\/IMG_1715.jpg\" data-orig-size=\"1097,947\" data-comments-opened=\"1\" data-image-meta=\"{&quot;aperture&quot;:&quot;0&quot;,&quot;credit&quot;:&quot;&quot;,&quot;camera&quot;:&quot;&quot;,&quot;caption&quot;:&quot;&quot;,&quot;created_timestamp&quot;:&quot;0&quot;,&quot;copyright&quot;:&quot;&quot;,&quot;focal_length&quot;:&quot;0&quot;,&quot;iso&quot;:&quot;0&quot;,&quot;shutter_speed&quot;:&quot;0&quot;,&quot;title&quot;:&quot;&quot;,&quot;orientation&quot;:&quot;1&quot;}\" data-image-title=\"IMG_1715\" data-image-description=\"\" data-image-caption=\"\" data-medium-file=\"https:\/\/www.hossi-im-netz.de\/wordpress\/wp-content\/uploads\/2016\/12\/IMG_1715-300x259.jpg\" data-large-file=\"https:\/\/www.hossi-im-netz.de\/wordpress\/wp-content\/uploads\/2016\/12\/IMG_1715-1024x884.jpg\" class=\"alignnone size-large wp-image-5912\" src=\"https:\/\/www.hossi-im-netz.de\/wordpress\/wp-content\/uploads\/2016\/12\/IMG_1715-1024x884.jpg\" alt=\"\" width=\"1024\" height=\"884\" srcset=\"https:\/\/www.hossi-im-netz.de\/wordpress\/wp-content\/uploads\/2016\/12\/IMG_1715-1024x884.jpg 1024w, https:\/\/www.hossi-im-netz.de\/wordpress\/wp-content\/uploads\/2016\/12\/IMG_1715-300x259.jpg 300w, https:\/\/www.hossi-im-netz.de\/wordpress\/wp-content\/uploads\/2016\/12\/IMG_1715-768x663.jpg 768w, https:\/\/www.hossi-im-netz.de\/wordpress\/wp-content\/uploads\/2016\/12\/IMG_1715.jpg 1097w\" sizes=\"auto, (max-width: 1024px) 100vw, 1024px\" \/><\/a> <a href=\"https:\/\/www.hossi-im-netz.de\/wordpress\/wp-content\/uploads\/2016\/12\/IMG_1716.jpg\"><img loading=\"lazy\" decoding=\"async\" data-attachment-id=\"5913\" data-permalink=\"https:\/\/www.hossi-im-netz.de\/wordpress\/stuermische-weihnachten\/img_1716\/\" data-orig-file=\"https:\/\/www.hossi-im-netz.de\/wordpress\/wp-content\/uploads\/2016\/12\/IMG_1716.jpg\" data-orig-size=\"1097,947\" data-comments-opened=\"1\" data-image-meta=\"{&quot;aperture&quot;:&quot;0&quot;,&quot;credit&quot;:&quot;&quot;,&quot;camera&quot;:&quot;&quot;,&quot;caption&quot;:&quot;&quot;,&quot;created_timestamp&quot;:&quot;0&quot;,&quot;copyright&quot;:&quot;&quot;,&quot;focal_length&quot;:&quot;0&quot;,&quot;iso&quot;:&quot;0&quot;,&quot;shutter_speed&quot;:&quot;0&quot;,&quot;title&quot;:&quot;&quot;,&quot;orientation&quot;:&quot;1&quot;}\" data-image-title=\"IMG_1716\" data-image-description=\"\" data-image-caption=\"\" data-medium-file=\"https:\/\/www.hossi-im-netz.de\/wordpress\/wp-content\/uploads\/2016\/12\/IMG_1716-300x259.jpg\" data-large-file=\"https:\/\/www.hossi-im-netz.de\/wordpress\/wp-content\/uploads\/2016\/12\/IMG_1716-1024x884.jpg\" class=\"alignnone size-large wp-image-5913\" src=\"https:\/\/www.hossi-im-netz.de\/wordpress\/wp-content\/uploads\/2016\/12\/IMG_1716-1024x884.jpg\" alt=\"\" width=\"1024\" height=\"884\" srcset=\"https:\/\/www.hossi-im-netz.de\/wordpress\/wp-content\/uploads\/2016\/12\/IMG_1716-1024x884.jpg 1024w, https:\/\/www.hossi-im-netz.de\/wordpress\/wp-content\/uploads\/2016\/12\/IMG_1716-300x259.jpg 300w, https:\/\/www.hossi-im-netz.de\/wordpress\/wp-content\/uploads\/2016\/12\/IMG_1716-768x663.jpg 768w, https:\/\/www.hossi-im-netz.de\/wordpress\/wp-content\/uploads\/2016\/12\/IMG_1716.jpg 1097w\" sizes=\"auto, (max-width: 1024px) 100vw, 1024px\" \/><\/a> <a href=\"https:\/\/www.hossi-im-netz.de\/wordpress\/wp-content\/uploads\/2016\/12\/IMG_1717.jpg\"><img loading=\"lazy\" decoding=\"async\" data-attachment-id=\"5915\" data-permalink=\"https:\/\/www.hossi-im-netz.de\/wordpress\/stuermische-weihnachten\/img_1717\/\" data-orig-file=\"https:\/\/www.hossi-im-netz.de\/wordpress\/wp-content\/uploads\/2016\/12\/IMG_1717.jpg\" data-orig-size=\"854,684\" data-comments-opened=\"1\" data-image-meta=\"{&quot;aperture&quot;:&quot;0&quot;,&quot;credit&quot;:&quot;&quot;,&quot;camera&quot;:&quot;&quot;,&quot;caption&quot;:&quot;&quot;,&quot;created_timestamp&quot;:&quot;0&quot;,&quot;copyright&quot;:&quot;&quot;,&quot;focal_length&quot;:&quot;0&quot;,&quot;iso&quot;:&quot;0&quot;,&quot;shutter_speed&quot;:&quot;0&quot;,&quot;title&quot;:&quot;&quot;,&quot;orientation&quot;:&quot;1&quot;}\" data-image-title=\"IMG_1717\" data-image-description=\"\" data-image-caption=\"\" data-medium-file=\"https:\/\/www.hossi-im-netz.de\/wordpress\/wp-content\/uploads\/2016\/12\/IMG_1717-300x240.jpg\" data-large-file=\"https:\/\/www.hossi-im-netz.de\/wordpress\/wp-content\/uploads\/2016\/12\/IMG_1717.jpg\" class=\"alignnone size-large wp-image-5915\" src=\"https:\/\/www.hossi-im-netz.de\/wordpress\/wp-content\/uploads\/2016\/12\/IMG_1717.jpg\" alt=\"\" width=\"854\" height=\"684\" srcset=\"https:\/\/www.hossi-im-netz.de\/wordpress\/wp-content\/uploads\/2016\/12\/IMG_1717.jpg 854w, https:\/\/www.hossi-im-netz.de\/wordpress\/wp-content\/uploads\/2016\/12\/IMG_1717-300x240.jpg 300w, https:\/\/www.hossi-im-netz.de\/wordpress\/wp-content\/uploads\/2016\/12\/IMG_1717-768x615.jpg 768w\" sizes=\"auto, (max-width: 854px) 100vw, 854px\" \/><\/a><\/p>\n<p style=\"text-align: justify;\">\n<p style=\"text-align: justify;\">\n","protected":false},"excerpt":{"rendered":"<p>St\u00fcrmische Weihnachten Hohe Temperaturen und viel Wind sind um diese Jahreszeit eng miteinander verkn\u00fcpft. Zum sehr milden Weihnachtswetter passt daher auch der kr\u00e4ftige Wind, der kommende Nacht an der K\u00fcste in B\u00f6en Orkanst\u00e4rke erreichen kann. Schon vor vier Wochen hatten <span class=\"excerpt-dots\">&hellip;<\/span> <a class=\"more-link\" href=\"https:\/\/www.hossi-im-netz.de\/wordpress\/stuermische-weihnachten\/\"><span class=\"more-msg\">Weiterlesen &rarr;<\/span><\/a><\/p>\n","protected":false},"author":1,"featured_media":5912,"comment_status":"open","ping_status":"closed","sticky":false,"template":"","format":"standard","meta":{"_exactmetrics_skip_tracking":false,"_exactmetrics_sitenote_active":false,"_exactmetrics_sitenote_note":"","_exactmetrics_sitenote_category":0,"jetpack_post_was_ever_published":false,"_jetpack_newsletter_access":"","_jetpack_dont_email_post_to_subs":false,"_jetpack_newsletter_tier_id":0,"_jetpack_memberships_contains_paywalled_content":false,"_jetpack_memberships_contains_paid_content":false,"footnotes":"","jetpack_publicize_message":"","jetpack_publicize_feature_enabled":true,"jetpack_social_post_already_shared":true,"jetpack_social_options":{"image_generator_settings":{"template":"highway","default_image_id":0,"font":"","enabled":false},"version":2}},"categories":[37],"tags":[388,1151,371,25,214,366,1150],"yst_prominent_words":[1148,1140,1149,1136,1145,1139,1147,1138,1137,1141,1142,1131,1133,1143,1135,1144,1134,1130,1132,1146],"class_list":["post-5911","post","type-post","status-publish","format-standard","has-post-thumbnail","hentry","category-wetterblog","tag-388","tag-barbara","tag-dezember","tag-regen","tag-sturmtief","tag-weihnachten","tag-yoern"],"jetpack_publicize_connections":[],"jetpack_featured_media_url":"https:\/\/www.hossi-im-netz.de\/wordpress\/wp-content\/uploads\/2016\/12\/IMG_1715.jpg","jetpack_sharing_enabled":true,"jetpack_shortlink":"https:\/\/wp.me\/p5DnIb-1xl","jetpack-related-posts":[],"jetpack_likes_enabled":true,"_links":{"self":[{"href":"https:\/\/www.hossi-im-netz.de\/wordpress\/wp-json\/wp\/v2\/posts\/5911","targetHints":{"allow":["GET"]}}],"collection":[{"href":"https:\/\/www.hossi-im-netz.de\/wordpress\/wp-json\/wp\/v2\/posts"}],"about":[{"href":"https:\/\/www.hossi-im-netz.de\/wordpress\/wp-json\/wp\/v2\/types\/post"}],"author":[{"embeddable":true,"href":"https:\/\/www.hossi-im-netz.de\/wordpress\/wp-json\/wp\/v2\/users\/1"}],"replies":[{"embeddable":true,"href":"https:\/\/www.hossi-im-netz.de\/wordpress\/wp-json\/wp\/v2\/comments?post=5911"}],"version-history":[{"count":2,"href":"https:\/\/www.hossi-im-netz.de\/wordpress\/wp-json\/wp\/v2\/posts\/5911\/revisions"}],"predecessor-version":[{"id":5916,"href":"https:\/\/www.hossi-im-netz.de\/wordpress\/wp-json\/wp\/v2\/posts\/5911\/revisions\/5916"}],"wp:featuredmedia":[{"embeddable":true,"href":"https:\/\/www.hossi-im-netz.de\/wordpress\/wp-json\/wp\/v2\/media\/5912"}],"wp:attachment":[{"href":"https:\/\/www.hossi-im-netz.de\/wordpress\/wp-json\/wp\/v2\/media?parent=5911"}],"wp:term":[{"taxonomy":"category","embeddable":true,"href":"https:\/\/www.hossi-im-netz.de\/wordpress\/wp-json\/wp\/v2\/categories?post=5911"},{"taxonomy":"post_tag","embeddable":true,"href":"https:\/\/www.hossi-im-netz.de\/wordpress\/wp-json\/wp\/v2\/tags?post=5911"},{"taxonomy":"yst_prominent_words","embeddable":true,"href":"https:\/\/www.hossi-im-netz.de\/wordpress\/wp-json\/wp\/v2\/yst_prominent_words?post=5911"}],"curies":[{"name":"wp","href":"https:\/\/api.w.org\/{rel}","templated":true}]}}