{"id":593,"date":"2015-06-14T10:24:48","date_gmt":"2015-06-14T10:24:48","guid":{"rendered":"http:\/\/www.hossi-im-netz.de\/wordpress\/?p=593"},"modified":"2015-06-14T10:27:14","modified_gmt":"2015-06-14T10:27:14","slug":"schafskaese-was-haben-schafe-und-das-wetter-miteinander-zu-tun","status":"publish","type":"post","link":"https:\/\/www.hossi-im-netz.de\/wordpress\/schafskaese-was-haben-schafe-und-das-wetter-miteinander-zu-tun\/","title":{"rendered":"Schafsk\u00e4lte &#8211; Was haben Schafe und das Wetter miteinander zu tun?"},"content":{"rendered":"<h2>Schafsk\u00e4lte &#8211; Was haben Schafe und das Wetter miteinander zu tun?<\/h2>\n<p>Nun ja, auf den ersten Blick haben Schafe vielleicht nicht unbedingt etwas mit dem Wetter zu tun, aber der regelm\u00e4\u00dfige Thema-des-Tages-Leser wird an dieser Stelle schon einmal von sogenannten meteorologischen Singularit\u00e4ten oder auch Witterungsregelf\u00e4llen gelesen haben. Dabei handelt es sich um Wetterlagen, die zu bestimmten Zeiten im Jahr mit hoher Wahrscheinlichkeit auftreten. Sie weisen eine deutliche Abweichung von einem glatten Verlauf von Temperatur und\/oder Niederschlag auf, was sich auch im vielj\u00e4hrigen Mittel widerspiegelt. Eine dieser Witterungsregelf\u00e4lle ist die Schaf(s)k\u00e4lte (der Duden kennt beide Varianten).<\/p>\n<p>Merkmal der Schafsk\u00e4lte ist, wie schon der Name suggeriert, ein k\u00fchler Witterungsabschnitt, der h\u00e4ufig Mitte Juni (oft wird der 10. bis 12. Juni angegeben) mit einer Wahrscheinlichkeit von etwa 80 % eintritt. Die Wahrscheinlichkeit daf\u00fcr, dass dieser Zeitraum mit feuchter Witterung einhergeht, liegt hingegen bei 55 %. Dass sich diese Abk\u00fchlung auch in den Kurven der \u00fcber 30 Jahre gemittelten Tagesmitteltemperatur (Klimareferenzperiode 1961 bis 1990) f\u00fcr verschiedene Orte in Deutschland zeigt, k\u00f6nnen Sie in der Grafik unter www.dwd.de\/tagesthema sehen. Da die Hirten traditionell zum Ende des Fr\u00fchjahrs ihre Schafe scheren, kann es den frisch &#8222;rasierten&#8220; Schafen &#8211; je nach Intensit\u00e4t der Schafsk\u00e4lte &#8211; nun ziemlich kalt werden. Bei besonders kalten Temperaturen ist die Situation f\u00fcr die Tiere sogar durchaus gef\u00e4hrlich, weshalb Muttertiere und L\u00e4mmer erst nach dem K\u00e4lteeinbruch geschoren werden.<\/p>\n<p>Ursache der Schafsk\u00e4lte in Mitteleuropa ist ein Kaltluftvorsto\u00df aus Norden oder Nordwesten. Zu diesem komme es, wenn sich Mitteleuropa am westlichen bzw. s\u00fcdwestlichen Rand eines Tiefdruckgebietes befindet, da auf der Nordhalbkugel der Wind entgegen dem Uhrzeigersinn in Richtung Tief weht. Aufgrund der unterschiedlich schnellen Erw\u00e4rmung von Land- und Wassermassen ergeben sich bei solch einem Kaltluftvorsto\u00df zumeist gro\u00dfe Temperaturunterschiede im Einflussbereich des Tiefs. Im weiteren Verlauf des Sommers gleichen sich Land- und Wassertemperaturen zunehmend an, womit die Kaltluftvorst\u00f6\u00dfe immer geringere Ausma\u00dfe haben.<\/p>\n<p>In den vergangen Tagen, also gerade im Zeitraum vom 10. bis 12. Juni, wurde es eher w\u00e4rmer als k\u00e4lter. Wenn man aber auf die kommenden Tage schaut, so stellt sich eine nordwestliche bis n\u00f6rdliche Str\u00f6mung ein, die maritime Luftmassen polaren Ursprungs zu uns nach Deutschland f\u00fchrt. Das macht sich &#8211; insbesondere im Vergleich mit den teils hei\u00dfen H\u00f6chstwerten vom Freitag (im Osten am Samstag)- in Form eines markanten Temperaturr\u00fcckgangs bemerkbar. So hat die Kaltfront eines Tiefs \u00fcber Schweden am heutigen Sonntag bereits den \u00e4u\u00dfersten Norden und Nordwesten Deutschlands erreicht. Sie kommt aber nur langsam s\u00fcdw\u00e4rts voran. In der Folge steigen die H\u00f6chstwerte im Norden nur auf 14 bis 21 Grad an, wobei es auf den Nordseeinseln am k\u00e4ltesten bleibt. S\u00fcdlich einer Linie Berlin-Trier wird vielerorts noch einmal die 25-Grad-Marke \u00fcberschritten, die die Schwelle zu einem &#8222;Sommertag&#8220; markiert. Zu Beginn der neuen Woche sinkt das Temperaturniveau \u00fcberall noch etwas. Auf den Nord- und Ostfriesischen Inseln werden 14 Grad erreicht, in S\u00fcddeutschland meist Werte um 22 Grad. Nur in der Oberrheinischen Tiefebene k\u00f6nnen es lokal noch einmal 25 Grad werden. Am Dienstag erwarten wir 14 bis 19 Grad, s\u00fcdlich des Mains auf 17 bis 22 Grad. Die n\u00e4chtlichen Tiefstwerte liegen besonders im Norden und in der Mitte im einstelligen Bereich (in einigen &#8222;K\u00e4ltel\u00f6chern&#8220;, wie beispielsweise Quickborn in Schleswig-Holstein, l\u00e4sst sich dabei \u00f6rtlicher Bodenfrost nicht ganz ausschlie\u00dfen). Am Mittwoch und Donnerstag wird es dann voraussichtlich allgemein wieder etwas w\u00e4rmer, &#8222;Sommertage&#8220; bleiben aber selbst am Oberrhein die Ausnahme. Die Schafsk\u00e4lte kommt also zum richtigen Zeitpunkt (je nach Definition ggf. etwas versp\u00e4tet) und mit einem markanten Temperaturr\u00fcckgang. Da aber das Temperaturniveau vorher hoch war, kann man wohl aber von &#8222;Schafsk\u00e4lte light&#8220; sprechen.<\/p>\n<p>M.Sc. Met. Stefan Bach Deutscher Wetterdienst Vorhersage- und Beratungszentrale Offenbach, den 14.06.2015 Copyright (c) Deutscher Wetterdienst<\/p>\n","protected":false},"excerpt":{"rendered":"<p>Schafsk\u00e4lte &#8211; Was haben Schafe und das Wetter miteinander zu tun? Nun ja, auf den ersten Blick haben Schafe vielleicht nicht unbedingt etwas mit dem Wetter zu tun, aber der regelm\u00e4\u00dfige Thema-des-Tages-Leser wird an dieser Stelle schon einmal von sogenannten <span class=\"excerpt-dots\">&hellip;<\/span> <a class=\"more-link\" href=\"https:\/\/www.hossi-im-netz.de\/wordpress\/schafskaese-was-haben-schafe-und-das-wetter-miteinander-zu-tun\/\"><span class=\"more-msg\">Weiterlesen &rarr;<\/span><\/a><\/p>\n","protected":false},"author":1,"featured_media":0,"comment_status":"open","ping_status":"closed","sticky":false,"template":"","format":"standard","meta":{"_exactmetrics_skip_tracking":false,"_exactmetrics_sitenote_active":false,"_exactmetrics_sitenote_note":"","_exactmetrics_sitenote_category":0,"jetpack_post_was_ever_published":false,"_jetpack_newsletter_access":"","_jetpack_dont_email_post_to_subs":false,"_jetpack_newsletter_tier_id":0,"_jetpack_memberships_contains_paywalled_content":false,"_jetpack_memberships_contains_paid_content":false,"footnotes":"","jetpack_publicize_message":"","jetpack_publicize_feature_enabled":true,"jetpack_social_post_already_shared":true,"jetpack_social_options":{"image_generator_settings":{"template":"highway","default_image_id":0,"font":"","enabled":false},"version":2}},"categories":[37],"tags":[109,110,55,4],"yst_prominent_words":[6910,6911,5466,7035,5824,7038,7040,4690,1216,1411,5566,4769,2849,2858,7039,7037,7036,2203,1220,5271],"class_list":["post-593","post","type-post","status-publish","format-standard","hentry","category-wetterblog","tag-schafe","tag-schafskaelte","tag-sommer","tag-wetter"],"jetpack_publicize_connections":[],"jetpack_featured_media_url":"","jetpack_sharing_enabled":true,"jetpack_shortlink":"https:\/\/wp.me\/p5DnIb-9z","jetpack-related-posts":[],"jetpack_likes_enabled":true,"_links":{"self":[{"href":"https:\/\/www.hossi-im-netz.de\/wordpress\/wp-json\/wp\/v2\/posts\/593","targetHints":{"allow":["GET"]}}],"collection":[{"href":"https:\/\/www.hossi-im-netz.de\/wordpress\/wp-json\/wp\/v2\/posts"}],"about":[{"href":"https:\/\/www.hossi-im-netz.de\/wordpress\/wp-json\/wp\/v2\/types\/post"}],"author":[{"embeddable":true,"href":"https:\/\/www.hossi-im-netz.de\/wordpress\/wp-json\/wp\/v2\/users\/1"}],"replies":[{"embeddable":true,"href":"https:\/\/www.hossi-im-netz.de\/wordpress\/wp-json\/wp\/v2\/comments?post=593"}],"version-history":[{"count":2,"href":"https:\/\/www.hossi-im-netz.de\/wordpress\/wp-json\/wp\/v2\/posts\/593\/revisions"}],"predecessor-version":[{"id":595,"href":"https:\/\/www.hossi-im-netz.de\/wordpress\/wp-json\/wp\/v2\/posts\/593\/revisions\/595"}],"wp:attachment":[{"href":"https:\/\/www.hossi-im-netz.de\/wordpress\/wp-json\/wp\/v2\/media?parent=593"}],"wp:term":[{"taxonomy":"category","embeddable":true,"href":"https:\/\/www.hossi-im-netz.de\/wordpress\/wp-json\/wp\/v2\/categories?post=593"},{"taxonomy":"post_tag","embeddable":true,"href":"https:\/\/www.hossi-im-netz.de\/wordpress\/wp-json\/wp\/v2\/tags?post=593"},{"taxonomy":"yst_prominent_words","embeddable":true,"href":"https:\/\/www.hossi-im-netz.de\/wordpress\/wp-json\/wp\/v2\/yst_prominent_words?post=593"}],"curies":[{"name":"wp","href":"https:\/\/api.w.org\/{rel}","templated":true}]}}