{"id":611,"date":"2015-06-16T09:32:02","date_gmt":"2015-06-16T09:32:02","guid":{"rendered":"http:\/\/www.hossi-im-netz.de\/wordpress\/?p=611"},"modified":"2015-06-16T09:32:02","modified_gmt":"2015-06-16T09:32:02","slug":"schafskaelte-und-spaetfroeste","status":"publish","type":"post","link":"https:\/\/www.hossi-im-netz.de\/wordpress\/schafskaelte-und-spaetfroeste\/","title":{"rendered":"Schafsk\u00e4lte und Sp\u00e4tfr\u00f6ste"},"content":{"rendered":"<h2>Schafsk\u00e4lte und Sp\u00e4tfr\u00f6ste<\/h2>\n<div>Seit Sonntagabend gelangt an der Ostflanke des Hochdruckgebietes YOKO mit n\u00f6rdlicher bis nord\u00f6stlicher Str\u00f6mung Meeresluft polaren Ursprungs nach Mitteleuropa. YOKO ist ein Keil des legend\u00e4ren Azorenhochs und erstreckt sich derzeit bis in den Nordseeraum. In der &#8222;synoptischen Klimatologie&#8220;, einem &#8222;Grenzfach&#8220; zwischen der landl\u00e4ufig als &#8222;Wetterkunde&#8220; bezeichneten &#8222;synoptischen Meteorologie&#8220; und der &#8222;regionalen Klimatologie&#8220;, kann man solch eine Wetterlage als &#8222;Nordwestlage&#8220; klassifizieren. Da inzwischen alle niederschlagstr\u00e4chtigen Frontensysteme s\u00fcdw\u00e4rts in Richtung Alpen abgedr\u00e4ngt worden sind und hoher Luftdruck das Wetter in Mitteleuropa bestimmt, bekommt diese Gro\u00dfwetterlage noch das Adjektiv &#8222;antizyklonal&#8220;. &#8222;Antizyklonale Nordwestlagen&#8220; geh\u00f6ren zu denjenigen Gro\u00dfwetterlagen, welche die etwa Mitte Juni h\u00e4ufig auftretende &#8222;Schafsk\u00e4lte&#8220; verursachen k\u00f6nnen.<\/p>\n<p>Dabei wird die Abk\u00fchlung nicht nur durch den fehlenden W\u00e4rmeinhalt der zugef\u00fchrten Luftmasse hervorgerufen. Ein gro\u00dfer Teil des n\u00e4chtlichen Abk\u00fchlungsbetrages ergibt sich aus den Wirkungen der langwelligen, infraroten Strahlung. Dazu muss man wissen, dass die Erde und damit auch die Atmosph\u00e4re ihre Energie im Wesentlichen durch die tags\u00fcber von der Sonne empfangene, kurzwellige Strahlung im sichtbaren Spektralbereich gewinnen. Sie wird vor allem an der Erdoberfl\u00e4che absorbiert und dann an die Atmosph\u00e4re in Form von W\u00e4rme abgegeben. Nachts dominiert der Energieverlust durch langwellige Ausstrahlung von der Erdoberfl\u00e4che, die sich dabei abk\u00fchlt. Sofern Wolken den Nachthimmel bedecken, wird die infrarote Ausstrahlung durch eine sog. atmosph\u00e4rische Gegenstrahlung ged\u00e4mpft. Insbesondere in trockenen, klaren N\u00e4chten ohne nennenswerte atmosph\u00e4rische Gegenstrahlung ist die langwellige Strahlungsbilanz stark negativ und es wird besonders kalt.<\/p>\n<p>Ein weiterer Aspekt sind die thermischen Verh\u00e4ltnisse im Erdboden. B\u00f6den mit guter W\u00e4rmeleitf\u00e4higkeit, k\u00f6nnen am Tage entsprechend viel W\u00e4rme aufnehmen und ein Energiereservoir bilden, welches eine allzu starke n\u00e4chtliche Abk\u00fchlung kompensiert. Schlecht w\u00e4rmeleitende B\u00f6den weisen hohe Tag-Nacht-Schwankungen der Temperatur auf und sind zur W\u00e4rmespeicherung ungeeignet. Prinzipiell leiten mineralische B\u00f6den (z.B. Ton, Lehm) die W\u00e4rme besser als organische, stark humushaltige B\u00f6den (Moor, Torf); feuchte B\u00f6den leiten besser als trockene; au\u00dferdem sind feste, unverarbeitete B\u00f6den bessere W\u00e4rmeleiter als bearbeitete, lockere B\u00f6den.<\/p>\n<p>Zusammengefasst bedeutet dies, dass sich die meteorologischen &#8222;K\u00e4ltel\u00f6cher&#8220; mit Sp\u00e4tfr\u00f6sten auch noch im meteorologischen Fr\u00fchsommer, in klaren N\u00e4chten nach Polarlufteinbr\u00fcchen, stets auf B\u00f6den mit schlechter W\u00e4rmeleitung auspr\u00e4gen. In der Nacht zum gestrigen Montag (15.06.2015) war Quickborn (n\u00f6rdlich von Hamburg) der k\u00e4lteste Ort Deutschlands. Knapp \u00fcber dem torfhaltigen Erdboden k\u00fchlte sich die Luft auf -1,6 \u00b0C ab. Eine Karte der n\u00e4chtlichen Temperaturminima (in ganzen \u00b0C) in Bodenn\u00e4he vom heutigen 16.06.2015, 06:00 UTC, unterlegt mit einem Satellitenbild, finden Sie rechts in der Rubrik &#8222;Thema des Tages&#8220; unter [mehr]. In der vergangenen Nacht war der Himmel \u00fcber Norddeutschland bedeckt und die Temperaturminima blieben durchweg positiv. Weiter s\u00fcdlich allerdings wurde es in einer Zone mit geringer Bew\u00f6lkung wieder empfindlich kalt. Spitzenreiter war das niederl\u00e4ndische Twente (nahe der deutschen Grenze) mit -4,1 \u00b0C, in dessen Nachbarschaft auch Moor- und Heidelandschaften sind.<\/p>\n<p>Dipl.-Met. Thomas Ruppert Deutscher Wetterdienst Vorhersage- und Beratungszentrale Offenbach, den 16.06.2015<\/p>\n<p>Copyright (c) <a href=\"http:\/\/www.dwd.de\" target=\"_blank\">Deutscher Wetterdienst<\/a><\/div>\n","protected":false},"excerpt":{"rendered":"<p>Schafsk\u00e4lte und Sp\u00e4tfr\u00f6ste Seit Sonntagabend gelangt an der Ostflanke des Hochdruckgebietes YOKO mit n\u00f6rdlicher bis nord\u00f6stlicher Str\u00f6mung Meeresluft polaren Ursprungs nach Mitteleuropa. YOKO ist ein Keil des legend\u00e4ren Azorenhochs und erstreckt sich derzeit bis in den Nordseeraum. In der &#8222;synoptischen <span class=\"excerpt-dots\">&hellip;<\/span> <a class=\"more-link\" href=\"https:\/\/www.hossi-im-netz.de\/wordpress\/schafskaelte-und-spaetfroeste\/\"><span class=\"more-msg\">Weiterlesen &rarr;<\/span><\/a><\/p>\n","protected":false},"author":1,"featured_media":612,"comment_status":"open","ping_status":"closed","sticky":false,"template":"","format":"standard","meta":{"_exactmetrics_skip_tracking":false,"_exactmetrics_sitenote_active":false,"_exactmetrics_sitenote_note":"","_exactmetrics_sitenote_category":0,"jetpack_post_was_ever_published":false,"_jetpack_newsletter_access":"","_jetpack_dont_email_post_to_subs":false,"_jetpack_newsletter_tier_id":0,"_jetpack_memberships_contains_paywalled_content":false,"_jetpack_memberships_contains_paid_content":false,"footnotes":"","jetpack_publicize_message":"","jetpack_publicize_feature_enabled":true,"jetpack_social_post_already_shared":true,"jetpack_social_options":{"image_generator_settings":{"template":"highway","default_image_id":0,"font":"","enabled":false},"version":2}},"categories":[37],"tags":[118,116,110,115,4,117],"yst_prominent_words":[6911,5499,2121,2097,3186,3181,7121,1939,1216,2022,7122,7116,7118,7120,1512,7119,3184,4965,3185,7117],"class_list":["post-611","post","type-post","status-publish","format-standard","has-post-thumbnail","hentry","category-wetterblog","tag-antizyklonale-nordwestlagen","tag-bodenfrost","tag-schafskaelte","tag-spaetfroeste","tag-wetter","tag-yoko"],"jetpack_publicize_connections":[],"jetpack_featured_media_url":"https:\/\/www.hossi-im-netz.de\/wordpress\/wp-content\/uploads\/2015\/06\/rose-490947_1280.jpg","jetpack_sharing_enabled":true,"jetpack_shortlink":"https:\/\/wp.me\/p5DnIb-9R","jetpack-related-posts":[],"jetpack_likes_enabled":true,"_links":{"self":[{"href":"https:\/\/www.hossi-im-netz.de\/wordpress\/wp-json\/wp\/v2\/posts\/611","targetHints":{"allow":["GET"]}}],"collection":[{"href":"https:\/\/www.hossi-im-netz.de\/wordpress\/wp-json\/wp\/v2\/posts"}],"about":[{"href":"https:\/\/www.hossi-im-netz.de\/wordpress\/wp-json\/wp\/v2\/types\/post"}],"author":[{"embeddable":true,"href":"https:\/\/www.hossi-im-netz.de\/wordpress\/wp-json\/wp\/v2\/users\/1"}],"replies":[{"embeddable":true,"href":"https:\/\/www.hossi-im-netz.de\/wordpress\/wp-json\/wp\/v2\/comments?post=611"}],"version-history":[{"count":1,"href":"https:\/\/www.hossi-im-netz.de\/wordpress\/wp-json\/wp\/v2\/posts\/611\/revisions"}],"predecessor-version":[{"id":613,"href":"https:\/\/www.hossi-im-netz.de\/wordpress\/wp-json\/wp\/v2\/posts\/611\/revisions\/613"}],"wp:featuredmedia":[{"embeddable":true,"href":"https:\/\/www.hossi-im-netz.de\/wordpress\/wp-json\/wp\/v2\/media\/612"}],"wp:attachment":[{"href":"https:\/\/www.hossi-im-netz.de\/wordpress\/wp-json\/wp\/v2\/media?parent=611"}],"wp:term":[{"taxonomy":"category","embeddable":true,"href":"https:\/\/www.hossi-im-netz.de\/wordpress\/wp-json\/wp\/v2\/categories?post=611"},{"taxonomy":"post_tag","embeddable":true,"href":"https:\/\/www.hossi-im-netz.de\/wordpress\/wp-json\/wp\/v2\/tags?post=611"},{"taxonomy":"yst_prominent_words","embeddable":true,"href":"https:\/\/www.hossi-im-netz.de\/wordpress\/wp-json\/wp\/v2\/yst_prominent_words?post=611"}],"curies":[{"name":"wp","href":"https:\/\/api.w.org\/{rel}","templated":true}]}}