{"id":6120,"date":"2017-01-14T13:53:35","date_gmt":"2017-01-14T11:53:35","guid":{"rendered":"http:\/\/www.hossi-im-netz.de\/wordpress\/?p=6120"},"modified":"2017-01-14T13:53:35","modified_gmt":"2017-01-14T11:53:35","slug":"egon-der-schnelllaeufer","status":"publish","type":"post","link":"https:\/\/www.hossi-im-netz.de\/wordpress\/egon-der-schnelllaeufer\/","title":{"rendered":"EGON der Schnelll\u00e4ufer"},"content":{"rendered":"<h2 style=\"text-align: justify;\">EGON der Schnelll\u00e4ufer<\/h2>\n<p style=\"text-align: justify;\">\nTief Egon war deutschlandweit bislang das herausragende Wetterereignis dieses Jahres. Hoffen wir mal, dass dies auch bis Ende 2017 das Extremereignis bleibt.<\/p>\n<p style=\"text-align: justify;\">Erstmals auf unseren Wetterkarten erschien Egon als g\u00e4nzlich unscheinbares Randtief an der Kaltfront von Dieter am Donnerstag 01 Uhr s\u00fcdwestlich von Irland. Zu dem Zeitpunkt wussten die Wettervorhersagemodelle schon l\u00e4nger, was sich da zusammenbraut. Mittags erreichte Egon die Westspitze Frankreichs. Donnerstagnachmittag trat Egon \u00fcber dem S\u00fcdausgang des Kanals erstmals mit eigener geschlossener Kernisobare auf unseren Wetterkarten auf. Deutschland erreichte das Tief am Donnerstag 00 Uhr in der H\u00f6he von M\u00f6nchengladbach, um lag es bei Braunschweig, zog dann n\u00f6rdlich an Berlin vorbei und verlie\u00df Deutschland um 12 Uhr bei Schwedt \u00fcber die Oder Richtung Polen. Die Reisegeschwindigkeit von EGON betrug also ca. 1000 km pro Tag, \u00fcber Deutschland in der Nacht etwa 70 km\/h. Daher der Name Schnelll\u00e4ufer, denn normalerweise sind Tiefs bei uns mit ca. 30 bis 35 km\/h deutlich langsamer. Diese Schnelll\u00e4ufer sind sowohl bez\u00fcglich ihrer Entwicklung als auch ihrer Zugbahn nur schwer vorherzusagen. Die Zugbahn ist deshalb so wichtig, weil die Auswirkungen in Bezug auf Wind und Niederschlagsart sich an der Nord- und S\u00fcdseite des Schnell\u00e4ufers deutlich unterscheiden.<\/p>\n<p style=\"text-align: justify;\">Zum Zeitpunkt seiner Entstehung hatte Egons &#8222;Muttertief&#8220; Dieter an der Nordsee noch f\u00fcr orkanartige B\u00f6en gesorgt. Nach einer relativen Ruhe mit schweren Sturmb\u00f6en nur noch an der Nordseek\u00fcste gab es an der K\u00fcste der Bretagne die ersten Orkanb\u00f6en um 15 Uhr, um 18 Uhr 300 km nordostw\u00e4rts bei Le Havre. Am Abend arbeiteten sich die Unwetterb\u00f6en im Flachland bis Reims vor und auch auf dem Feldberg im Schwarzwald gab es gegen 20 Uhr mit 126 km\/h die erste Orkanb\u00f6 in Deutschland. Im Saarland wurden gegen 2 Uhr an den beiden 400m hoch gelegenen Stationen Berus und Tholey mit 126 bzw. 120 km\/h Orkanb\u00f6en gemessen. Beide Stationen lagen da schon knapp 300 km s\u00fcd\u00f6stlich von Egon bereits auf der R\u00fcckseite des Tiefs. Gegen 4 Uhr gab es auch in Baden W\u00fcrttemberg Orkanb\u00f6en, die st\u00e4rkste mit 127 km\/h in St\u00f6tten auf der Alb. Am Vormittag war Chemnitz mit 112 km\/h der Spitzenreiter unter den &#8222;Nichtbergstationen&#8220;. Auf der Suche nach Rekorden landen wir nat\u00fcrlich auf den windexponierten Bergstationen. 149 km\/h auf dem Fichtelberg wurde als h\u00f6chste B\u00f6 in Deutschland gemessen. (Zur Erinnerung: Orkan Lothar erreichte bis zu 272 km\/h.) Wie wichtig die Vorhersage der Zugbahn ist, k\u00f6nnen Sie der Abbildung entnehmen. Der starke Wind tritt im Wesentlichen s\u00fcdlich der Zugbahn auf, denn der Isobarenabstand ist s\u00fcdlich der Schnell\u00e4ufer \u00fcblicherweise deutlich enger als n\u00f6rdlich davon und damit der Wind st\u00e4rker. (Die maximalen Windgeschwindigkeiten der Abbildung wurden zwischen 01 und 07 Uhr gemessen.) Die Unwetterwarnungen wurden und werden derzeit vielfach wegen Schneeverwehungen herausgegeben. Wie sieht es denn mit den Schneeh\u00f6hen aus? In einem Streifen vom s\u00fcdwestlichen Niedersachsen bis zur Oderm\u00fcndung, also n\u00f6rdlich des Tiefs, lagen Freitag fr\u00fch in den Niederungen verbreitet 5 bis 15 cm. In der milderen Luft s\u00fcdlich von Egon gab es in den Niederungen nur \u00f6rtlich eine geschlossene Schneedecke. Auf den Gipfellagen der windumtosten Mittelgebirge lagen Freitag fr\u00fch 35 bis 85 cm, Samstag fr\u00fch 50 bis 105 cm.<\/p>\n<p style=\"text-align: justify;\">Dipl.-Met. Christoph Hartmann<\/p>\n<p style=\"text-align: justify;\">Deutscher Wetterdienst Vorhersage- und Beratungszentrale Offenbach, den 14.01.2017<\/p>\n<p style=\"text-align: justify;\">Copyright (c) Deutscher Wetterdienst<\/p>\n<p style=\"text-align: justify;\">\n<p style=\"text-align: justify;\"><a href=\"https:\/\/www.hossi-im-netz.de\/wordpress\/wp-content\/uploads\/2017\/01\/IMG_2208.png\"><img loading=\"lazy\" decoding=\"async\" data-attachment-id=\"6121\" data-permalink=\"https:\/\/www.hossi-im-netz.de\/wordpress\/egon-der-schnelllaeufer\/img_2208\/\" data-orig-file=\"https:\/\/www.hossi-im-netz.de\/wordpress\/wp-content\/uploads\/2017\/01\/IMG_2208.png\" data-orig-size=\"849,710\" data-comments-opened=\"1\" data-image-meta=\"{&quot;aperture&quot;:&quot;0&quot;,&quot;credit&quot;:&quot;&quot;,&quot;camera&quot;:&quot;&quot;,&quot;caption&quot;:&quot;&quot;,&quot;created_timestamp&quot;:&quot;0&quot;,&quot;copyright&quot;:&quot;&quot;,&quot;focal_length&quot;:&quot;0&quot;,&quot;iso&quot;:&quot;0&quot;,&quot;shutter_speed&quot;:&quot;0&quot;,&quot;title&quot;:&quot;&quot;,&quot;orientation&quot;:&quot;0&quot;}\" data-image-title=\"EGON der Schnelll\u00e4ufer\" data-image-description=\"\" data-image-caption=\"\" data-medium-file=\"https:\/\/www.hossi-im-netz.de\/wordpress\/wp-content\/uploads\/2017\/01\/IMG_2208-300x251.png\" data-large-file=\"https:\/\/www.hossi-im-netz.de\/wordpress\/wp-content\/uploads\/2017\/01\/IMG_2208.png\" class=\"alignnone wp-image-6121 size-full\" src=\"https:\/\/www.hossi-im-netz.de\/wordpress\/wp-content\/uploads\/2017\/01\/IMG_2208.png\" width=\"849\" height=\"710\" srcset=\"https:\/\/www.hossi-im-netz.de\/wordpress\/wp-content\/uploads\/2017\/01\/IMG_2208.png 849w, https:\/\/www.hossi-im-netz.de\/wordpress\/wp-content\/uploads\/2017\/01\/IMG_2208-300x251.png 300w, https:\/\/www.hossi-im-netz.de\/wordpress\/wp-content\/uploads\/2017\/01\/IMG_2208-768x642.png 768w\" sizes=\"auto, (max-width: 849px) 100vw, 849px\" \/><\/a><\/p>\n","protected":false},"excerpt":{"rendered":"<p>EGON der Schnelll\u00e4ufer Tief Egon war deutschlandweit bislang das herausragende Wetterereignis dieses Jahres. Hoffen wir mal, dass dies auch bis Ende 2017 das Extremereignis bleibt. Erstmals auf unseren Wetterkarten erschien Egon als g\u00e4nzlich unscheinbares Randtief an der Kaltfront von Dieter <span class=\"excerpt-dots\">&hellip;<\/span> <a class=\"more-link\" href=\"https:\/\/www.hossi-im-netz.de\/wordpress\/egon-der-schnelllaeufer\/\"><span class=\"more-msg\">Weiterlesen &rarr;<\/span><\/a><\/p>\n","protected":false},"author":1,"featured_media":6121,"comment_status":"open","ping_status":"closed","sticky":false,"template":"","format":"standard","meta":{"_exactmetrics_skip_tracking":false,"_exactmetrics_sitenote_active":false,"_exactmetrics_sitenote_note":"","_exactmetrics_sitenote_category":0,"jetpack_post_was_ever_published":false,"_jetpack_newsletter_access":"","_jetpack_dont_email_post_to_subs":false,"_jetpack_newsletter_tier_id":0,"_jetpack_memberships_contains_paywalled_content":false,"_jetpack_memberships_contains_paid_content":false,"footnotes":"","jetpack_publicize_message":"","jetpack_publicize_feature_enabled":true,"jetpack_social_post_already_shared":true,"jetpack_social_options":{"image_generator_settings":{"template":"highway","default_image_id":0,"font":"","enabled":false},"version":2}},"categories":[37],"tags":[1732,451,1810,1811,214],"yst_prominent_words":[1902,1060,1076,1880,1899,1896,1910,1906,1905,1904,1216,1909,1881,1908,1897,1903,1907,1900,1898,1901],"class_list":["post-6120","post","type-post","status-publish","format-standard","has-post-thumbnail","hentry","category-wetterblog","tag-egon","tag-orkantief","tag-randtief","tag-schnelllaeufer","tag-sturmtief"],"jetpack_publicize_connections":[],"jetpack_featured_media_url":"https:\/\/www.hossi-im-netz.de\/wordpress\/wp-content\/uploads\/2017\/01\/IMG_2208.png","jetpack_sharing_enabled":true,"jetpack_shortlink":"https:\/\/wp.me\/p5DnIb-1AI","jetpack-related-posts":[],"jetpack_likes_enabled":true,"_links":{"self":[{"href":"https:\/\/www.hossi-im-netz.de\/wordpress\/wp-json\/wp\/v2\/posts\/6120","targetHints":{"allow":["GET"]}}],"collection":[{"href":"https:\/\/www.hossi-im-netz.de\/wordpress\/wp-json\/wp\/v2\/posts"}],"about":[{"href":"https:\/\/www.hossi-im-netz.de\/wordpress\/wp-json\/wp\/v2\/types\/post"}],"author":[{"embeddable":true,"href":"https:\/\/www.hossi-im-netz.de\/wordpress\/wp-json\/wp\/v2\/users\/1"}],"replies":[{"embeddable":true,"href":"https:\/\/www.hossi-im-netz.de\/wordpress\/wp-json\/wp\/v2\/comments?post=6120"}],"version-history":[{"count":2,"href":"https:\/\/www.hossi-im-netz.de\/wordpress\/wp-json\/wp\/v2\/posts\/6120\/revisions"}],"predecessor-version":[{"id":6123,"href":"https:\/\/www.hossi-im-netz.de\/wordpress\/wp-json\/wp\/v2\/posts\/6120\/revisions\/6123"}],"wp:featuredmedia":[{"embeddable":true,"href":"https:\/\/www.hossi-im-netz.de\/wordpress\/wp-json\/wp\/v2\/media\/6121"}],"wp:attachment":[{"href":"https:\/\/www.hossi-im-netz.de\/wordpress\/wp-json\/wp\/v2\/media?parent=6120"}],"wp:term":[{"taxonomy":"category","embeddable":true,"href":"https:\/\/www.hossi-im-netz.de\/wordpress\/wp-json\/wp\/v2\/categories?post=6120"},{"taxonomy":"post_tag","embeddable":true,"href":"https:\/\/www.hossi-im-netz.de\/wordpress\/wp-json\/wp\/v2\/tags?post=6120"},{"taxonomy":"yst_prominent_words","embeddable":true,"href":"https:\/\/www.hossi-im-netz.de\/wordpress\/wp-json\/wp\/v2\/yst_prominent_words?post=6120"}],"curies":[{"name":"wp","href":"https:\/\/api.w.org\/{rel}","templated":true}]}}