{"id":6339,"date":"2017-02-06T21:20:09","date_gmt":"2017-02-06T19:20:09","guid":{"rendered":"http:\/\/www.hossi-im-netz.de\/wordpress\/?p=6339"},"modified":"2017-02-06T21:21:00","modified_gmt":"2017-02-06T19:21:00","slug":"winterferienwetter-2017","status":"publish","type":"post","link":"https:\/\/www.hossi-im-netz.de\/wordpress\/winterferienwetter-2017\/","title":{"rendered":"Winterferienwetter 2017"},"content":{"rendered":"<div class=\"intro\">\n<h1 class=\"isFirstInSlot\" style=\"text-align: justify;\">Winterferienwetter 2017<\/h1>\n<div class=\"docData news\" style=\"text-align: justify;\"><\/div>\n<div class=\"abstract\" style=\"text-align: justify;\">\n<p>In Th\u00fcringen, Sachsen-Anhalt und Mecklenburg-Vorpommern stehen diese Woche die Winterferien auf dem Programm. Somit stellt sich die Frage, ob man diese zuhause verbringt oder doch einen Kurztrip in Europa wagt? Unentschlossenen hilft vielleicht der Blick aufs Europawetter weiter.<\/p>\n<\/div>\n<\/div>\n<div class=\"body-text\">\n<p style=\"text-align: justify;\">F\u00fcr Kinder und Jugendliche in Brandenburg und Berlin gingen am vergangenen Wochenende die Winterferien bereits zu Ende und am heutigen Montag (06.02.2017) beginnt wieder die Schule. Dagegen k\u00f6nnen sich die Sch\u00fcler in Th\u00fcringen, Sachsen-Anhalt und Mecklenburg-Vorpommern in dieser Woche \u00fcber ein wohlverdientes &#8222;Aus&#8220; freuen. Dort stehen n\u00e4mlich jetzt die Winterferien an. F\u00fcr alle, die noch unentschlossen sind, ob sie einen Kurztrip wagen sollen, lohnt sich zur Entscheidungsfindung vielleicht ein Blick aufs Europawetter. Sch\u00fcler aus Hessen, Rheinland-Pfalz und Baden-W\u00fcrttemberg m\u00fcssen auf Winterferien verzichten, sind aber trotzdem herzlich eingeladen, etwas von Urlaub zu tr\u00e4umen.<\/p>\n<p style=\"text-align: justify;\">Statistisch gesehen verbringen die meisten Deutschen ihren Urlaub im eigenen Land. Betrachtet man allerdings das Wettergeschehen der vergangenen Woche, so konnte Deutschland nicht unbedingt f\u00fcr einen heimischen Urlaub werben. Zu Wochenbeginn sorgte Tief &#8222;HUBERT&#8220; in Teilen der Mitte und im S\u00fcden f\u00fcr gef\u00e4hrliches Glatteis, st\u00fcrmisch war es dagegen im h\u00f6heren Bergland und zu allem \u00dcberfluss ging es auch dem Schnee an den Kragen. Im Schwarzwald und im Allg\u00e4u sorgte die Kombination aus milden Temperaturen und \u00f6rtlich \u00fcber 50 Liter Regen in wenigen Tagen f\u00fcr starkes Tauwetter, das einen kr\u00e4ftigen R\u00fcckgang der Schneeh\u00f6he zur Folge hatte. Und auch im weiteren Verlauf der Woche sorgten atlantische Tiefausl\u00e4ufer f\u00fcr sehr wechselhaftes Wetter. Statt schneereichen Winterwetters gab es also eher ein nass-kaltes und teils auch rutschiges &#8222;Vergn\u00fcgen&#8220;, bei dem sich die Sonne nur selten zeigte. Da stellt sich dann nat\u00fcrlich die Frage, ob ein Urlaub in der Heimat auch aktuell erstrebenswert ist oder ob man doch die Koffer packt und nach einem alternativen Pl\u00e4tzchen au\u00dferhalb Deutschlands Ausschau h\u00e4lt.<\/p>\n<p style=\"text-align: justify;\">Aktuell nistet sich Hoch &#8222;ERIKA&#8220; \u00fcber Skandinavien ein, \u00fcber dem zentralen Mittelmeer dagegen positionierte sich am gestrigen Sonntag Tief &#8222;MARCEL&#8220;. Somit liegt Deutschland dazwischen in einer \u00f6stlichen Str\u00f6mung, mit der kontinentale Kaltluft zu uns gelangt. Entsprechend wird es allm\u00e4hlich wieder k\u00e4lter und besonders im Nordosten und Osten wird der positive Temperaturbereich nicht mehr allzu h\u00e4ufig erreicht. Alle Wintersportfans wird das sicherlich freuen, denn besonders in den h\u00f6heren Mittelgebirgslagen bleiben uns die &#8222;Schneereste&#8220; erhalten und damit auch so einige Skigebiete weiterhin ge\u00f6ffnet. Immerhin betr\u00e4gt die Schneedecke im Harz und Erzgebirge teils noch \u00fcber 50 cm. Ansonsten lohnt sich bei den niedrigen Temperaturen auch der Einsatz einer Schneekanone. Wen es etwas weiter wegzieht, der findet sicherlich in den Alpen ausreichende Schneemengen, um sich auf den Pisten auszutoben.<\/p>\n<p style=\"text-align: justify;\">Wem es in Deutschland nicht kalt genug ist, sollte den Blick in Richtung &#8222;hohen Norden&#8220; richten. In Skandinavien sinken die n\u00e4chtlichen Temperaturen in der kommenden Woche teils sogar unter -20 Grad, dabei bleibt es \u00fcberwiegend trocken. Auch an Schnee fehlt es dort nicht, weshalb sich sicherlich eine Huskyschlittenfahrt anbieten w\u00fcrde. Beim n\u00e4chtlichen Polarlichterschauen sollte man sich jedoch dick einpacken. Wem das nicht immer noch nicht ausreicht, kann sich zus\u00e4tzlich noch in einem Igluhotel einquartieren, das komplett aus Schnee und Eis gebaut ist. Dann beh\u00e4lt man in der Nacht bei -4 bis -7 Grad im Schlafzimmer einen &#8222;k\u00fchlen&#8220; Kopf.<\/p>\n<p style=\"text-align: justify;\">Als beliebtestes Reiseziel au\u00dferhalb Deutschlands hat Spanien die Nase vorn. Das liegt sicherlich auch am meist zuverl\u00e4ssig sonnigen Wetter. Besonders im S\u00fcden startet die Woche meist trocken und zeitweise sonnig bei angenehmen Temperaturen um 20 Grad. Zum Wochenende n\u00e4hert sich allerdings ein Tief vom Atlantik, und so wird es selbst auf den zu Spanien geh\u00f6renden Kanaren wieder wechselhafter. Aber wie hei\u00dft es so sch\u00f6n: &#8222;Des einen Leid ist des anderen Freud&#8220;, denn damit stellen sich gute Surfbedingungen an der Atlantikk\u00fcste ein. Im zentralen und \u00f6stlichen Mittelmeer h\u00e4lt diese Woche dagegen tiefer Luftdruck an, sodass dort zeitweise mit kr\u00e4ftigen Schauern und Gewittern gerechnet werden muss.<\/p>\n<p style=\"text-align: justify;\">Die Wassertemperaturen im Mittelmeer laden allerdings nicht wirklich zum Baden ein, denn bei frischen 13 bis 15 Grad sollte man aufpassen, dass man sich nicht unterk\u00fchlt. Bei einer Reise auf die Kanaren kann man schon eher die Badehose einpacken. Zumindest f\u00fcr Hartgesottene ist der Sprung ins &#8222;kalte Wasser&#8220; bei 19 Grad m\u00f6glich.<\/p>\n<p style=\"text-align: justify;\">Falls Sie nun neugierig geworden sind, wie sich das Wettergeschehen an Ihrem Reiseziel gestaltet: Die Wetteraussichten f\u00fcr weitere ausgew\u00e4hlte Orte auf dem ganzen Globus finden Sie auf www.dwd.de\/wetter in der Rubrik &#8222;Wetter Europa und weltweit&#8220;.<\/p>\n<p style=\"text-align: justify;\">MSc.-Met. Sebastian Schappert<\/p>\n<p style=\"text-align: justify;\">Deutscher Wetterdienst Vorhersage- und Beratungszentrale Offenbach, den 06.02.2017<\/p>\n<p style=\"text-align: justify;\">Copyright (c) Deutscher Wetterdienst<\/p>\n<\/div>\n<p style=\"text-align: justify;\"><a href=\"https:\/\/www.hossi-im-netz.de\/wordpress\/wp-content\/uploads\/2017\/02\/6_Bild.pngjsessionidB4B180DC6AB1677E8CED143B64C9BA8B.live11041.png\"><img loading=\"lazy\" decoding=\"async\" data-attachment-id=\"6340\" data-permalink=\"https:\/\/www.hossi-im-netz.de\/wordpress\/winterferienwetter-2017\/6_bild-pngjsessionidb4b180dc6ab1677e8ced143b64c9ba8b-live11041\/\" data-orig-file=\"https:\/\/www.hossi-im-netz.de\/wordpress\/wp-content\/uploads\/2017\/02\/6_Bild.pngjsessionidB4B180DC6AB1677E8CED143B64C9BA8B.live11041.png\" data-orig-size=\"960,723\" data-comments-opened=\"1\" data-image-meta=\"{&quot;aperture&quot;:&quot;0&quot;,&quot;credit&quot;:&quot;&quot;,&quot;camera&quot;:&quot;&quot;,&quot;caption&quot;:&quot;&quot;,&quot;created_timestamp&quot;:&quot;0&quot;,&quot;copyright&quot;:&quot;&quot;,&quot;focal_length&quot;:&quot;0&quot;,&quot;iso&quot;:&quot;0&quot;,&quot;shutter_speed&quot;:&quot;0&quot;,&quot;title&quot;:&quot;&quot;,&quot;orientation&quot;:&quot;0&quot;}\" data-image-title=\"Winterferienwetter 2017\" data-image-description=\"\" data-image-caption=\"\" data-medium-file=\"https:\/\/www.hossi-im-netz.de\/wordpress\/wp-content\/uploads\/2017\/02\/6_Bild.pngjsessionidB4B180DC6AB1677E8CED143B64C9BA8B.live11041-300x226.png\" data-large-file=\"https:\/\/www.hossi-im-netz.de\/wordpress\/wp-content\/uploads\/2017\/02\/6_Bild.pngjsessionidB4B180DC6AB1677E8CED143B64C9BA8B.live11041.png\" class=\"alignnone size-full wp-image-6340\" src=\"https:\/\/www.hossi-im-netz.de\/wordpress\/wp-content\/uploads\/2017\/02\/6_Bild.pngjsessionidB4B180DC6AB1677E8CED143B64C9BA8B.live11041.png\" alt=\"\" width=\"960\" height=\"723\" srcset=\"https:\/\/www.hossi-im-netz.de\/wordpress\/wp-content\/uploads\/2017\/02\/6_Bild.pngjsessionidB4B180DC6AB1677E8CED143B64C9BA8B.live11041.png 960w, https:\/\/www.hossi-im-netz.de\/wordpress\/wp-content\/uploads\/2017\/02\/6_Bild.pngjsessionidB4B180DC6AB1677E8CED143B64C9BA8B.live11041-300x226.png 300w, https:\/\/www.hossi-im-netz.de\/wordpress\/wp-content\/uploads\/2017\/02\/6_Bild.pngjsessionidB4B180DC6AB1677E8CED143B64C9BA8B.live11041-768x578.png 768w\" sizes=\"auto, (max-width: 960px) 100vw, 960px\" \/><\/a><\/p>\n","protected":false},"excerpt":{"rendered":"<p>Winterferienwetter 2017 In Th\u00fcringen, Sachsen-Anhalt und Mecklenburg-Vorpommern stehen diese Woche die Winterferien auf dem Programm. Somit stellt sich die Frage, ob man diese zuhause verbringt oder doch einen Kurztrip in Europa wagt? Unentschlossenen hilft vielleicht der Blick aufs Europawetter weiter. <span class=\"excerpt-dots\">&hellip;<\/span> <a class=\"more-link\" href=\"https:\/\/www.hossi-im-netz.de\/wordpress\/winterferienwetter-2017\/\"><span class=\"more-msg\">Weiterlesen &rarr;<\/span><\/a><\/p>\n","protected":false},"author":1,"featured_media":6340,"comment_status":"open","ping_status":"closed","sticky":false,"template":"","format":"standard","meta":{"_exactmetrics_skip_tracking":false,"_exactmetrics_sitenote_active":false,"_exactmetrics_sitenote_note":"","_exactmetrics_sitenote_category":0,"jetpack_post_was_ever_published":false,"_jetpack_newsletter_access":"","_jetpack_dont_email_post_to_subs":true,"_jetpack_newsletter_tier_id":0,"_jetpack_memberships_contains_paywalled_content":false,"_jetpack_memberships_contains_paid_content":false,"footnotes":"","jetpack_publicize_message":"","jetpack_publicize_feature_enabled":true,"jetpack_social_post_already_shared":true,"jetpack_social_options":{"image_generator_settings":{"template":"highway","default_image_id":0,"font":"","enabled":false},"version":2}},"categories":[37],"tags":[1352,2636,766,765,2628,2633,594,2629,2632,244,2626,751,2637,874,2631,2630,243,421,2627,2635,2634,4,297,2624,2623,2625],"yst_prominent_words":[1936,2611,1216,1411,2621,2622,2619,2620,2618,2616,2506,2610,2615,1451,2617,2612,2609,2614,1220,2613],"class_list":["post-6339","post","type-post","status-publish","format-standard","has-post-thumbnail","hentry","category-wetterblog","tag-1352","tag-alpen","tag-baden-wuerttemberg","tag-bayern","tag-berlin","tag-brandenburg","tag-hamburg","tag-hessen","tag-mecklenburg-vorpommern","tag-niedersachsen","tag-nordrhein-westfalen","tag-nordsee","tag-oesterreich","tag-ostsee","tag-rheinland-pfalz","tag-saarland","tag-sachsen","tag-sachsen-anhalt","tag-schleswig-holstein","tag-schweiz","tag-thueringen","tag-wetter","tag-winter","tag-winterferien","tag-winterferien-2017","tag-winterferienwetter"],"jetpack_publicize_connections":[],"jetpack_featured_media_url":"https:\/\/www.hossi-im-netz.de\/wordpress\/wp-content\/uploads\/2017\/02\/6_Bild.pngjsessionidB4B180DC6AB1677E8CED143B64C9BA8B.live11041.png","jetpack_sharing_enabled":true,"jetpack_shortlink":"https:\/\/wp.me\/p5DnIb-1Ef","jetpack-related-posts":[],"jetpack_likes_enabled":true,"_links":{"self":[{"href":"https:\/\/www.hossi-im-netz.de\/wordpress\/wp-json\/wp\/v2\/posts\/6339","targetHints":{"allow":["GET"]}}],"collection":[{"href":"https:\/\/www.hossi-im-netz.de\/wordpress\/wp-json\/wp\/v2\/posts"}],"about":[{"href":"https:\/\/www.hossi-im-netz.de\/wordpress\/wp-json\/wp\/v2\/types\/post"}],"author":[{"embeddable":true,"href":"https:\/\/www.hossi-im-netz.de\/wordpress\/wp-json\/wp\/v2\/users\/1"}],"replies":[{"embeddable":true,"href":"https:\/\/www.hossi-im-netz.de\/wordpress\/wp-json\/wp\/v2\/comments?post=6339"}],"version-history":[{"count":1,"href":"https:\/\/www.hossi-im-netz.de\/wordpress\/wp-json\/wp\/v2\/posts\/6339\/revisions"}],"predecessor-version":[{"id":6341,"href":"https:\/\/www.hossi-im-netz.de\/wordpress\/wp-json\/wp\/v2\/posts\/6339\/revisions\/6341"}],"wp:featuredmedia":[{"embeddable":true,"href":"https:\/\/www.hossi-im-netz.de\/wordpress\/wp-json\/wp\/v2\/media\/6340"}],"wp:attachment":[{"href":"https:\/\/www.hossi-im-netz.de\/wordpress\/wp-json\/wp\/v2\/media?parent=6339"}],"wp:term":[{"taxonomy":"category","embeddable":true,"href":"https:\/\/www.hossi-im-netz.de\/wordpress\/wp-json\/wp\/v2\/categories?post=6339"},{"taxonomy":"post_tag","embeddable":true,"href":"https:\/\/www.hossi-im-netz.de\/wordpress\/wp-json\/wp\/v2\/tags?post=6339"},{"taxonomy":"yst_prominent_words","embeddable":true,"href":"https:\/\/www.hossi-im-netz.de\/wordpress\/wp-json\/wp\/v2\/yst_prominent_words?post=6339"}],"curies":[{"name":"wp","href":"https:\/\/api.w.org\/{rel}","templated":true}]}}