{"id":6369,"date":"2017-02-09T06:25:45","date_gmt":"2017-02-09T04:25:45","guid":{"rendered":"http:\/\/www.hossi-im-netz.de\/wordpress\/?p=6369"},"modified":"2017-02-09T06:26:26","modified_gmt":"2017-02-09T04:26:26","slug":"wettervorhersage-brachwitz-wettin-loebejuen-saalekreis-halle-505","status":"publish","type":"post","link":"https:\/\/www.hossi-im-netz.de\/wordpress\/wettervorhersage-brachwitz-wettin-loebejuen-saalekreis-halle-505\/","title":{"rendered":"Wettervorhersage Brachwitz, Wettin-L\u00f6bej\u00fcn, Saalekreis, Halle"},"content":{"rendered":"<p style=\"text-align: justify;\">Wettervorhersage Brachwitz, Wettin-L\u00f6bej\u00fcn, Saalekreis, Halle<\/p>\n<div id=\"attachment_6370\" style=\"width: 838px\" class=\"wp-caption alignnone\"><a href=\"https:\/\/www.hossi-im-netz.de\/wordpress\/vorhersage\/\"><img loading=\"lazy\" decoding=\"async\" aria-describedby=\"caption-attachment-6370\" data-attachment-id=\"6370\" data-permalink=\"https:\/\/www.hossi-im-netz.de\/wordpress\/wettervorhersage-brachwitz-wettin-loebejuen-saalekreis-halle-505\/img_2934\/\" data-orig-file=\"https:\/\/www.hossi-im-netz.de\/wordpress\/wp-content\/uploads\/2017\/02\/IMG_2934.png\" data-orig-size=\"828,272\" data-comments-opened=\"1\" data-image-meta=\"{&quot;aperture&quot;:&quot;0&quot;,&quot;credit&quot;:&quot;&quot;,&quot;camera&quot;:&quot;&quot;,&quot;caption&quot;:&quot;&quot;,&quot;created_timestamp&quot;:&quot;0&quot;,&quot;copyright&quot;:&quot;&quot;,&quot;focal_length&quot;:&quot;0&quot;,&quot;iso&quot;:&quot;0&quot;,&quot;shutter_speed&quot;:&quot;0&quot;,&quot;title&quot;:&quot;&quot;,&quot;orientation&quot;:&quot;0&quot;}\" data-image-title=\"Wettervorhersage 09.02.2017\" data-image-description=\"\" data-image-caption=\"\" data-medium-file=\"https:\/\/www.hossi-im-netz.de\/wordpress\/wp-content\/uploads\/2017\/02\/IMG_2934-300x99.png\" data-large-file=\"https:\/\/www.hossi-im-netz.de\/wordpress\/wp-content\/uploads\/2017\/02\/IMG_2934.png\" class=\"wp-image-6370 size-full\" src=\"https:\/\/www.hossi-im-netz.de\/wordpress\/wp-content\/uploads\/2017\/02\/IMG_2934.png\" width=\"828\" height=\"272\" srcset=\"https:\/\/www.hossi-im-netz.de\/wordpress\/wp-content\/uploads\/2017\/02\/IMG_2934.png 828w, https:\/\/www.hossi-im-netz.de\/wordpress\/wp-content\/uploads\/2017\/02\/IMG_2934-300x99.png 300w, https:\/\/www.hossi-im-netz.de\/wordpress\/wp-content\/uploads\/2017\/02\/IMG_2934-768x252.png 768w\" sizes=\"auto, (max-width: 828px) 100vw, 828px\" \/><\/a><p id=\"caption-attachment-6370\" class=\"wp-caption-text\">www.yr.no (Klicke auf das Bild)<\/p><\/div>\n<p style=\"text-align: justify;\">\n<p style=\"text-align: justify;\">Dauerfrost, meist stark bew\u00f6lkt, \u00f6rtlich Gl\u00e4tte m\u00f6glich.<\/p>\n<p style=\"text-align: justify;\">Wetter- und Warnlage f\u00fcr die n\u00e4chsten 24 Stunden: Am Rande eines umfangreichen Hochs mit Schwerpunkt \u00fcber Fennoskandien gelangt mit einer \u00f6stlichen Str\u00f6mung weiterhin kalte und wolkenreiche Luft nach Sachsen-Anhalt.<\/p>\n<p style=\"text-align: justify;\">Heute Fr\u00fch tritt leichter bis m\u00e4\u00dfiger Frost zwischen -4 bis -8 Grad auf, der sich tags\u00fcber auf -5 bis -2 Grad abschw\u00e4cht. Vereinzelt f\u00e4llt etwas Schneegriesel oder leichter gefrierender Spr\u00fchregen mit entsprechender Gl\u00e4ttegefahr.<\/p>\n<p style=\"text-align: justify;\">In der Nacht zum Freitag muss erneut mit m\u00e4\u00dfigem Frost zwischen -5 und -9 Grad gerechnet werden. Zu Gl\u00e4tte kommt es nur vereinzelt durch geringen Schneegriesel.<\/p>\n<p style=\"text-align: justify;\">Detaillierter Wetterablauf: Heute Fr\u00fch und am Vormittag h\u00e4lt sich meist eine dichte Hochnebeldecke. Im Tagesverlauf zeigen sich aber ein paar Wolkenl\u00fccken. Niederschlag wird nicht erwartet. Der Wind weht schwach aus \u00f6stlichen Richtungen. Die Temperatur steigt auf -5 bis -2, im Harz auf -7 bis -4 Grad. In der Nacht zum Freitag bleibt es abgesehen von geringf\u00fcgigem Schneegriesel niederschlagsfrei. Gelegentlich zeigen sich Auflockerungen in der sonst dichten Wolkendecke. Der Wind weht schwach, im Harz m\u00e4\u00dfig aus \u00f6stlichen Richtungen. Bis zum Morgen geht die Temperatur auf -5 bis -7, im Harz bis -9 Grad zur\u00fcck.<\/p>\n<p style=\"text-align: justify;\">Am Freitag halten sich dichte Wolken. Vom Harz bis zur Altmark kann es etwas schneien, sonst bleibt es trocken. Bei schwachem Wind aus Ost erreicht die Temperatur Maximalwerte zwischen -2 und 1, im Harz zwischen -6 und -2 Grad. In der Nacht zum Samstag wird es weiterhin bedeckt sein und \u00f6rtlich f\u00e4llt geringer Schnee. Der Wind weht schwach aus Ost. Die Tiefstwerte liegen zwischen -2 und -4, im Harz teils bei -8 Grad.<\/p>\n<p style=\"text-align: justify;\">Am Samstag f\u00e4llt aus einer geschlossenen Wolkendecke gebietsweise Schnee. Bei schwachem Ostwind werden -1 bis 2, im Harz -3 bis -1 Grad erwartet. In der Nacht zum Sonntag ziehen die Schneef\u00e4lle nordw\u00e4rts ab, nachfolgend f\u00e4llt aus einer weiterhin geschlossenen Wolkendecke nur noch \u00f6rtlich geringer Schnee. Es werden Minima zwischen -3 und -6 Grad und schwacher Ostwind erwartet.<\/p>\n<p style=\"text-align: justify;\">Am Sonntag hat die Sonne bei einer starken Bew\u00f6lkung nur geringe Chancen sich durchzusetzen. Niederschlag f\u00e4llt meist nicht. Bei 0 bis 3 Grad weht schwacher bis m\u00e4\u00dfiger Ostwind. In der Nacht zum Montag lockert die Wolkendecke auf und es bleibt trocken. Die Temperatur geht auf -4 bis -6 Grad zur\u00fcck. Der Ostwind weht schwach bis m\u00e4\u00dfig.<\/p>\n<p style=\"text-align: justify;\">Deutscher Wetterdienst, RWB Leipzig, Florian Engelmann, Florian Bilgeri<\/p>\n<p style=\"text-align: justify;\">\n<p style=\"text-align: justify;\">Wettervorhersage Brachwitz, Wettin-L\u00f6bej\u00fcn, Saalekreis, Halle<\/p>\n","protected":false},"excerpt":{"rendered":"<p>Wettervorhersage Brachwitz, Wettin-L\u00f6bej\u00fcn, Saalekreis, Halle Dauerfrost, meist stark bew\u00f6lkt, \u00f6rtlich Gl\u00e4tte m\u00f6glich. Wetter- und Warnlage f\u00fcr die n\u00e4chsten 24 Stunden: Am Rande eines umfangreichen Hochs mit Schwerpunkt \u00fcber Fennoskandien gelangt mit einer \u00f6stlichen Str\u00f6mung weiterhin kalte und wolkenreiche Luft nach <span class=\"excerpt-dots\">&hellip;<\/span> <a class=\"more-link\" href=\"https:\/\/www.hossi-im-netz.de\/wordpress\/wettervorhersage-brachwitz-wettin-loebejuen-saalekreis-halle-505\/\"><span class=\"more-msg\">Weiterlesen &rarr;<\/span><\/a><\/p>\n","protected":false},"author":1,"featured_media":0,"comment_status":"open","ping_status":"closed","sticky":false,"template":"","format":"standard","meta":{"_exactmetrics_skip_tracking":false,"_exactmetrics_sitenote_active":false,"_exactmetrics_sitenote_note":"","_exactmetrics_sitenote_category":0,"jetpack_post_was_ever_published":false,"_jetpack_newsletter_access":"","_jetpack_dont_email_post_to_subs":true,"_jetpack_newsletter_tier_id":0,"_jetpack_memberships_contains_paywalled_content":false,"_jetpack_memberships_contains_paid_content":false,"footnotes":"","jetpack_publicize_message":"","jetpack_publicize_feature_enabled":true,"jetpack_social_post_already_shared":true,"jetpack_social_options":{"image_generator_settings":{"template":"highway","default_image_id":0,"font":"","enabled":false},"version":2}},"categories":[37],"tags":[39,5,95,38,96],"yst_prominent_words":[2039,2465,2753,2148,2754,1691,1683,1793,1200,2608,2217,2030,2087,2027,1792,1564,2216,2028,1526,1465],"class_list":["post-6369","post","type-post","status-publish","format-standard","hentry","category-wetterblog","tag-brachwitz","tag-halle","tag-saalekreis","tag-wettervorhersage","tag-wettin-loebejuen"],"jetpack_publicize_connections":[],"jetpack_featured_media_url":"","jetpack_sharing_enabled":true,"jetpack_shortlink":"https:\/\/wp.me\/p5DnIb-1EJ","jetpack-related-posts":[],"jetpack_likes_enabled":true,"_links":{"self":[{"href":"https:\/\/www.hossi-im-netz.de\/wordpress\/wp-json\/wp\/v2\/posts\/6369","targetHints":{"allow":["GET"]}}],"collection":[{"href":"https:\/\/www.hossi-im-netz.de\/wordpress\/wp-json\/wp\/v2\/posts"}],"about":[{"href":"https:\/\/www.hossi-im-netz.de\/wordpress\/wp-json\/wp\/v2\/types\/post"}],"author":[{"embeddable":true,"href":"https:\/\/www.hossi-im-netz.de\/wordpress\/wp-json\/wp\/v2\/users\/1"}],"replies":[{"embeddable":true,"href":"https:\/\/www.hossi-im-netz.de\/wordpress\/wp-json\/wp\/v2\/comments?post=6369"}],"version-history":[{"count":2,"href":"https:\/\/www.hossi-im-netz.de\/wordpress\/wp-json\/wp\/v2\/posts\/6369\/revisions"}],"predecessor-version":[{"id":6372,"href":"https:\/\/www.hossi-im-netz.de\/wordpress\/wp-json\/wp\/v2\/posts\/6369\/revisions\/6372"}],"wp:attachment":[{"href":"https:\/\/www.hossi-im-netz.de\/wordpress\/wp-json\/wp\/v2\/media?parent=6369"}],"wp:term":[{"taxonomy":"category","embeddable":true,"href":"https:\/\/www.hossi-im-netz.de\/wordpress\/wp-json\/wp\/v2\/categories?post=6369"},{"taxonomy":"post_tag","embeddable":true,"href":"https:\/\/www.hossi-im-netz.de\/wordpress\/wp-json\/wp\/v2\/tags?post=6369"},{"taxonomy":"yst_prominent_words","embeddable":true,"href":"https:\/\/www.hossi-im-netz.de\/wordpress\/wp-json\/wp\/v2\/yst_prominent_words?post=6369"}],"curies":[{"name":"wp","href":"https:\/\/api.w.org\/{rel}","templated":true}]}}