{"id":6476,"date":"2017-02-22T18:30:54","date_gmt":"2017-02-22T16:30:54","guid":{"rendered":"http:\/\/www.hossi-im-netz.de\/wordpress\/?p=6476"},"modified":"2017-02-22T18:30:54","modified_gmt":"2017-02-22T16:30:54","slug":"die-tollen-tage-beginnen-sehr-stuermisch","status":"publish","type":"post","link":"https:\/\/www.hossi-im-netz.de\/wordpress\/die-tollen-tage-beginnen-sehr-stuermisch\/","title":{"rendered":"Die &#8222;tollen Tage&#8220; beginnen sehr st\u00fcrmisch!"},"content":{"rendered":"<div class=\"intro\">\n<h1 class=\"isFirstInSlot\" style=\"text-align: justify;\">Die &#8222;tollen Tage&#8220; beginnen sehr st\u00fcrmisch!<\/h1>\n<div class=\"docData news\" style=\"text-align: justify;\"><\/div>\n<div class=\"abstract\" style=\"text-align: justify;\">\n<p>Am morgigen Donnerstag beginnt die Stra\u00dfenfastnacht. Dabei m\u00fcssen sich die N\u00e4rrinnen und Narrhalesen auf sehr st\u00fcrmisches Regenwetter einstellen. Im Freien ist daher Vorsicht geboten!<\/p>\n<\/div>\n<\/div>\n<div class=\"body-text\">\n<p style=\"text-align: justify;\">Im gestrigen Thema des Tages wurde bereits angedeutet, dass uns nicht nur zum H\u00f6hepunkt der Fastnacht, sondern auch beim Wetter &#8222;tolle Tage&#8220; bevorstehen. Dabei spielt neben dem Niederschlag insbesondere der Wind eine wichtige Rolle, wobei das Maximum der Windentwicklung am morgigen Tag der Weiberfastnacht bzw. des sog. &#8222;Schmotzigen Donnerstags&#8220; erreicht wird.<\/p>\n<p style=\"text-align: justify;\">Die deutliche Windzunahme bringt uns Tief &#8222;Thomas&#8220;, das sich am heutigen Mittwoch noch relativ unscheinbar westlich von Irland befindet. Es wird in den n\u00e4chsten Stunden rasch unter kr\u00e4ftiger Intensivierung Gro\u00dfbritannien und die Nordsee \u00fcberqueren, sich im Laufe des Donnerstags als ausgewachsenes Sturmtief \u00fcber den Norden Deutschlands hinweg ostw\u00e4rts verlagern und in der Nacht zum Freitag Richtung Polen abziehen.<\/p>\n<p style=\"text-align: justify;\">Dass uns am morgigen Donnerstag eine Sturm-, in Teilen sogar eine Orkanlage erwartet, ist schon vor einigen Tagen absehbar gewesen und wurde an dieser Stelle und \u00fcber die Sozialen Medien bereits kommuniziert. Die Vorhersage der genauen Zugbahn des Tiefs und der damit einhergehenden Windentwicklung gestaltet sich aber nach wie vor schwierig, denn die uns zur Verf\u00fcgung stehenden Wettervorhersagemodelle sind sich sowohl bez\u00fcglich der Zugbahn als auch der Verlagerungsgeschwindigkeit und Intensit\u00e4t des Tiefs nach wie vor nicht einig. Diese sind aber f\u00fcr die Windvorhersage und damit f\u00fcr die Herausgabe der Wetterwarnungen entscheidend.<\/p>\n<p style=\"text-align: justify;\">Am wahrscheinlichsten ist aus jetziger Sicht, dass Tief &#8222;Thomas&#8220; mit seinem Kern von der Deutschen Bucht \u00fcber das n\u00f6rdliche Niedersachsen, Schleswig-Holstein und Mecklenburg-Vorpommern hinweg zieht. Da die st\u00e4rksten Winde h\u00e4ufig auf der S\u00fcd- und S\u00fcdwestflanke eines Sturmtiefs auftreten, bedeutet das in diesem Fall, dass etwa s\u00fcdlich einer Linie Emsland-Hamburg-Uckermark wiederholt mit Sturmb\u00f6en (Bft 8 bis 9) gerechnet werden muss, wobei die Windzunahme am Vormittag im Westen und S\u00fcden Deutschlands beginnt und sich im Tagesverlauf allm\u00e4hlich ostw\u00e4rts ausweitet. Dabei kann es insbesondere mit Passage der Kaltfront des Tiefs und auf deren R\u00fcckseite am Nachmittag und Abend bis in die tiefen Lagen des Nordwestens und der Mitte schwere Sturmb\u00f6en (Bft 10), vereinzelt auch orkanartige B\u00f6en (Bft 11) geben. In der ersten Nachth\u00e4lfte zum Freitag muss dann auch im Osten damit gerechnet werden. Auf den Gipfellagen der Mittelgebirge treten den ganzen Tag \u00fcber diese sehr hohen Windgeschwindigkeiten auf, wobei in exponierten Lagen, wie beispielsweise auf dem Brocken auch Orkanb\u00f6en (Bft 12) zu erwarten sind. Im S\u00fcden ist der Wind &#8211; abgesehen vom Bergland &#8211; insgesamt etwas schw\u00e4cher, aber auch dort kommt es zu st\u00fcrmischen B\u00f6en (Bft 8), mit Durchzug der Kaltfront zeitweise auch zu Sturmb\u00f6en (Bft 9).<\/p>\n<p style=\"text-align: justify;\">Deutlich ruhiger geht es dagegen auf der Nordflanke des Tiefs zu, sodass in Schleswig-Holstein und Teilen Mecklenburg-Vorpommerns kaum etwas von der Sturmentwicklung zu sp\u00fcren sein wird.<\/p>\n<p style=\"text-align: justify;\">Bez\u00fcglich der genauen Windentwicklung ist aber wie bereits erw\u00e4hnt, noch nicht das letzte Wort gesprochen, sodass die Vorhersagen in den n\u00e4chsten Stunden st\u00e4ndig pr\u00e4zisiert werden m\u00fcssen. Diese k\u00f6nnen Sie dann \u00fcber die DWD WarnWetter App oder \u00fcber die DWD Internetseite abrufen.<\/p>\n<p style=\"text-align: justify;\">Zwar finden in der Regel am morgigen Tag noch keine gro\u00dfen Fastnachtsumz\u00fcge statt, dennoch wird mit der Weiberfastnacht der Stra\u00dfenkarneval eingel\u00e4utet und somit spielt sich das n\u00e4rrische Treiben vielerorts im Freien ab. F\u00fcr alle N\u00e4rrinnen und Narren ist also Vorsicht geboten, bevor der Wind am Freitag wieder nachl\u00e4sst.<\/p>\n<p style=\"text-align: justify;\">Dabei kommt sicherlich dem einen oder anderen Jecken das letzte Jahr in Erinnerung, als Sturmtief &#8222;Ruzica&#8220; f\u00fcr die Absage einiger Rosenmontagsumz\u00fcge sorgte. In diesem Jahr wird es aber voraussichtlich nicht so turbulent zugehen. Dennoch m\u00fcssen am Sonntag und Rosenmontag insbesondere im Westen Deutschlands die Aufbauten der Umzugswagen und die Fastnachtskost\u00fcme Windb\u00f6en der St\u00e4rke 6 bis 7 Bft aushalten.<\/p>\n<p style=\"text-align: justify;\">Dipl.-Met. Johanna Anger<\/p>\n<p style=\"text-align: justify;\">Deutscher Wetterdienst Vorhersage- und Beratungszentrale Offenbach, den 22.02.2017<\/p>\n<p style=\"text-align: justify;\">Copyright (c) Deutscher Wetterdienst<\/p>\n<\/div>\n","protected":false},"excerpt":{"rendered":"<p>Die &#8222;tollen Tage&#8220; beginnen sehr st\u00fcrmisch! Am morgigen Donnerstag beginnt die Stra\u00dfenfastnacht. Dabei m\u00fcssen sich die N\u00e4rrinnen und Narrhalesen auf sehr st\u00fcrmisches Regenwetter einstellen. Im Freien ist daher Vorsicht geboten! Im gestrigen Thema des Tages wurde bereits angedeutet, dass uns <span class=\"excerpt-dots\">&hellip;<\/span> <a class=\"more-link\" href=\"https:\/\/www.hossi-im-netz.de\/wordpress\/die-tollen-tage-beginnen-sehr-stuermisch\/\"><span class=\"more-msg\">Weiterlesen &rarr;<\/span><\/a><\/p>\n","protected":false},"author":1,"featured_media":2014,"comment_status":"open","ping_status":"closed","sticky":false,"template":"","format":"standard","meta":{"_exactmetrics_skip_tracking":false,"_exactmetrics_sitenote_active":false,"_exactmetrics_sitenote_note":"","_exactmetrics_sitenote_category":0,"jetpack_post_was_ever_published":false,"_jetpack_newsletter_access":"","_jetpack_dont_email_post_to_subs":false,"_jetpack_newsletter_tier_id":0,"_jetpack_memberships_contains_paywalled_content":false,"_jetpack_memberships_contains_paid_content":false,"footnotes":"","jetpack_publicize_message":"","jetpack_publicize_feature_enabled":true,"jetpack_social_post_already_shared":true,"jetpack_social_options":{"image_generator_settings":{"template":"highway","default_image_id":0,"font":"","enabled":false},"version":2}},"categories":[37],"tags":[176,213,2441,83,479,71],"yst_prominent_words":[2851,2870,3107,1216,2256,2509,3114,1579,3116,3111,1719,3108,3110,3113,1414,3105,3109,3115,3106,3112],"class_list":["post-6476","post","type-post","status-publish","format-standard","has-post-thumbnail","hentry","category-wetterblog","tag-orkan","tag-sturm","tag-tauwetter","tag-tief","tag-ueberschwemmung","tag-unwetter"],"jetpack_publicize_connections":[],"jetpack_featured_media_url":"https:\/\/www.hossi-im-netz.de\/wordpress\/wp-content\/uploads\/2015\/11\/image.gif","jetpack_sharing_enabled":true,"jetpack_shortlink":"https:\/\/wp.me\/p5DnIb-1Gs","jetpack-related-posts":[],"jetpack_likes_enabled":true,"_links":{"self":[{"href":"https:\/\/www.hossi-im-netz.de\/wordpress\/wp-json\/wp\/v2\/posts\/6476","targetHints":{"allow":["GET"]}}],"collection":[{"href":"https:\/\/www.hossi-im-netz.de\/wordpress\/wp-json\/wp\/v2\/posts"}],"about":[{"href":"https:\/\/www.hossi-im-netz.de\/wordpress\/wp-json\/wp\/v2\/types\/post"}],"author":[{"embeddable":true,"href":"https:\/\/www.hossi-im-netz.de\/wordpress\/wp-json\/wp\/v2\/users\/1"}],"replies":[{"embeddable":true,"href":"https:\/\/www.hossi-im-netz.de\/wordpress\/wp-json\/wp\/v2\/comments?post=6476"}],"version-history":[{"count":1,"href":"https:\/\/www.hossi-im-netz.de\/wordpress\/wp-json\/wp\/v2\/posts\/6476\/revisions"}],"predecessor-version":[{"id":6477,"href":"https:\/\/www.hossi-im-netz.de\/wordpress\/wp-json\/wp\/v2\/posts\/6476\/revisions\/6477"}],"wp:featuredmedia":[{"embeddable":true,"href":"https:\/\/www.hossi-im-netz.de\/wordpress\/wp-json\/wp\/v2\/media\/2014"}],"wp:attachment":[{"href":"https:\/\/www.hossi-im-netz.de\/wordpress\/wp-json\/wp\/v2\/media?parent=6476"}],"wp:term":[{"taxonomy":"category","embeddable":true,"href":"https:\/\/www.hossi-im-netz.de\/wordpress\/wp-json\/wp\/v2\/categories?post=6476"},{"taxonomy":"post_tag","embeddable":true,"href":"https:\/\/www.hossi-im-netz.de\/wordpress\/wp-json\/wp\/v2\/tags?post=6476"},{"taxonomy":"yst_prominent_words","embeddable":true,"href":"https:\/\/www.hossi-im-netz.de\/wordpress\/wp-json\/wp\/v2\/yst_prominent_words?post=6476"}],"curies":[{"name":"wp","href":"https:\/\/api.w.org\/{rel}","templated":true}]}}