{"id":6515,"date":"2017-02-26T18:24:31","date_gmt":"2017-02-26T16:24:31","guid":{"rendered":"http:\/\/www.hossi-im-netz.de\/wordpress\/?p=6515"},"modified":"2017-02-26T18:24:31","modified_gmt":"2017-02-26T16:24:31","slug":"narrenwetter","status":"publish","type":"post","link":"https:\/\/www.hossi-im-netz.de\/wordpress\/narrenwetter\/","title":{"rendered":"Narrenwetter"},"content":{"rendered":"<h2 style=\"text-align: justify;\">Narrenwetter<\/h2>\n<p style=\"text-align: justify;\">\nHeute noch meist sch\u00f6n entwickelt sich das Wetter an den tollen Tagen in eine eher faschingsungeeignete Richtung.<\/p>\n<p style=\"text-align: justify;\">Der Kelch in Form eines Sturmtiefs ging Gott sei Dank an Weiberfastnacht zeitlich knapp an den Faschingsumz\u00fcgen und uns vorbei. Mit uns meine ich die \u00e4lteren, nicht \u00fcberm\u00e4\u00dfig faschingsaffinen Kollegen, die nun fast das dritte Mal in wenigen Jahren die Vorentscheidung f\u00fcr oder besser gegen die Fastnachtsz\u00fcge zu treffen h\u00e4tten. 1990 und 2016 sind da in unguter Erinnerung, und wenn man den Tatort vom letzten Sonntag als Ma\u00dfstab nimmt, muss der Ausfall der Veranstaltungen f\u00fcr die Beteiligten mehr als nur ein ziemlicher Frust sein.<\/p>\n<p style=\"text-align: justify;\">Leider k\u00f6nnen wir in diesem Jahr f\u00fcr die Karnevalshochburgen nur wenig Positives vom Umzugswetter berichten. Zunehmende Niederschl\u00e4ge und unangenehmer Wind durch Tief &#8222;Udo&#8220; werden die Begleiter sein.<\/p>\n<p style=\"text-align: justify;\">Nur die heutigen Umz\u00fcge werden in den Karnevalshochburgen bei gesichert trockenem Wetter stattfinden.<\/p>\n<p style=\"text-align: justify;\">F\u00fcr trockene Montagsumz\u00fcge stehen insbesondere im Mainzer Raum die Chancen nicht schlecht, rheinabw\u00e4rts in K\u00f6ln und D\u00fcsseldorf sollten sich die Niederschl\u00e4ge zun\u00e4chst kaum von den Sektspritzern unterscheiden. Weiter den Niederrhein entlang sollte man sich aber schon etwas beeilen, wenn man trockenen Fu\u00dfes als Teilnehmer das Umzugsende erreichen will. Windig wird es aber werden und die Schwellkopftr\u00e4ger sollten schon etwas Kleber an die Schuhsohlen schmieren, denn insbesondere in den windparallelen Stra\u00dfenschluchten, die von S\u00fcdwest nach Nordost verlaufen, kann es auch mal eine st\u00fcrmische B\u00f6e der St\u00e4rke 8 geben und es wird auch sonst so einige &#8222;Wurfkamelle&#8220; verwehen. Aus solch einer Beschreibung des Wetters folgen \u00fcblicherweise milde Temperaturen und so wird es dann mit H\u00f6chstwerten von 13 Grad etwa 5 Grad w\u00e4rmer werden als normal Ende Februar zu erwarten w\u00e4re. Sp\u00e4testens nach den Umz\u00fcgen sollte man sich aber eine (\u00e4u\u00dferlich) trockene Bleibe suchen. Zum Abend hin gibt es Schauer und auch Gewitter mit \u00f6rtlich sogar schweren Sturmb\u00f6en. Im S\u00fcden und Osten allerdings ist morgen noch Hoch &#8222;Geri&#8220; wetterwirksam und bringt viel Sonne und ungew\u00f6hnlich milde Temperaturen \u00fcber 15 Grad vor allem an den Oberrhein.<\/p>\n<p style=\"text-align: justify;\">Ist der Montag im Nordwesten noch so lala und im S\u00fcden und Osten noch sch\u00f6n, wird der Dienstag fast \u00fcberall ein Reinfall f\u00fcr die Jecken oder wie sie auch immer lokal genannt werden. Wiederholt fallen Regen- und Graupel-, auf den Bergen Schneeschauer. Dabei gehen die Temperaturen auf die Ende Februar normalen Werte um 8 Grad zur\u00fcck. Dazu ist es im S\u00fcden und der Mitte noch sehr windig mit Sturmb\u00f6en insbesondere im S\u00fcdwesten.<\/p>\n<p style=\"text-align: justify;\">Um es kurz zu sagen: Tief Udo gewinnt an Fasching\/Karneval die Oberhand \u00fcber Hoch Geri. Lassen Sie sich aber vom Wetter die gute Laune nicht verderben.<\/p>\n<p style=\"text-align: justify;\">Dipl.-Met. Christoph Hartmann<\/p>\n<p style=\"text-align: justify;\">Deutscher Wetterdienst Vorhersage- und Beratungszentrale Offenbach, den 26.02.2017<\/p>\n<p style=\"text-align: justify;\">Copyright (c) Deutscher Wetterdienst<\/p>\n","protected":false},"excerpt":{"rendered":"<p>Narrenwetter Heute noch meist sch\u00f6n entwickelt sich das Wetter an den tollen Tagen in eine eher faschingsungeeignete Richtung. Der Kelch in Form eines Sturmtiefs ging Gott sei Dank an Weiberfastnacht zeitlich knapp an den Faschingsumz\u00fcgen und uns vorbei. Mit uns <span class=\"excerpt-dots\">&hellip;<\/span> <a class=\"more-link\" href=\"https:\/\/www.hossi-im-netz.de\/wordpress\/narrenwetter\/\"><span class=\"more-msg\">Weiterlesen &rarr;<\/span><\/a><\/p>\n","protected":false},"author":1,"featured_media":6517,"comment_status":"open","ping_status":"closed","sticky":false,"template":"","format":"standard","meta":{"_exactmetrics_skip_tracking":false,"_exactmetrics_sitenote_active":false,"_exactmetrics_sitenote_note":"","_exactmetrics_sitenote_category":0,"jetpack_post_was_ever_published":false,"_jetpack_newsletter_access":"","_jetpack_dont_email_post_to_subs":false,"_jetpack_newsletter_tier_id":0,"_jetpack_memberships_contains_paywalled_content":false,"_jetpack_memberships_contains_paid_content":false,"footnotes":"","jetpack_publicize_message":"","jetpack_publicize_feature_enabled":true,"jetpack_social_post_already_shared":true,"jetpack_social_options":{"image_generator_settings":{"template":"highway","default_image_id":0,"font":"","enabled":false},"version":2}},"categories":[37],"tags":[3219,440,3218,3217,3216],"yst_prominent_words":[1216,2447,3207,3031,3215,3209,3210,3214,3206,2169,2439,1414,2453,3205,1451,3208,3212,3211,1220,3213],"class_list":["post-6515","post","type-post","status-publish","format-standard","has-post-thumbnail","hentry","category-wetterblog","tag-fasching","tag-karneval","tag-narren","tag-narrenwetter","tag-rosenmontag"],"jetpack_publicize_connections":[],"jetpack_featured_media_url":"https:\/\/www.hossi-im-netz.de\/wordpress\/wp-content\/uploads\/2017\/02\/IMG_3387.jpg","jetpack_sharing_enabled":true,"jetpack_shortlink":"https:\/\/wp.me\/p5DnIb-1H5","jetpack-related-posts":[],"jetpack_likes_enabled":true,"_links":{"self":[{"href":"https:\/\/www.hossi-im-netz.de\/wordpress\/wp-json\/wp\/v2\/posts\/6515","targetHints":{"allow":["GET"]}}],"collection":[{"href":"https:\/\/www.hossi-im-netz.de\/wordpress\/wp-json\/wp\/v2\/posts"}],"about":[{"href":"https:\/\/www.hossi-im-netz.de\/wordpress\/wp-json\/wp\/v2\/types\/post"}],"author":[{"embeddable":true,"href":"https:\/\/www.hossi-im-netz.de\/wordpress\/wp-json\/wp\/v2\/users\/1"}],"replies":[{"embeddable":true,"href":"https:\/\/www.hossi-im-netz.de\/wordpress\/wp-json\/wp\/v2\/comments?post=6515"}],"version-history":[{"count":2,"href":"https:\/\/www.hossi-im-netz.de\/wordpress\/wp-json\/wp\/v2\/posts\/6515\/revisions"}],"predecessor-version":[{"id":6518,"href":"https:\/\/www.hossi-im-netz.de\/wordpress\/wp-json\/wp\/v2\/posts\/6515\/revisions\/6518"}],"wp:featuredmedia":[{"embeddable":true,"href":"https:\/\/www.hossi-im-netz.de\/wordpress\/wp-json\/wp\/v2\/media\/6517"}],"wp:attachment":[{"href":"https:\/\/www.hossi-im-netz.de\/wordpress\/wp-json\/wp\/v2\/media?parent=6515"}],"wp:term":[{"taxonomy":"category","embeddable":true,"href":"https:\/\/www.hossi-im-netz.de\/wordpress\/wp-json\/wp\/v2\/categories?post=6515"},{"taxonomy":"post_tag","embeddable":true,"href":"https:\/\/www.hossi-im-netz.de\/wordpress\/wp-json\/wp\/v2\/tags?post=6515"},{"taxonomy":"yst_prominent_words","embeddable":true,"href":"https:\/\/www.hossi-im-netz.de\/wordpress\/wp-json\/wp\/v2\/yst_prominent_words?post=6515"}],"curies":[{"name":"wp","href":"https:\/\/api.w.org\/{rel}","templated":true}]}}