{"id":659,"date":"2015-06-20T11:15:37","date_gmt":"2015-06-20T09:15:37","guid":{"rendered":"http:\/\/www.hossi-im-netz.de\/wordpress\/?p=659"},"modified":"2015-06-20T11:15:37","modified_gmt":"2015-06-20T09:15:37","slug":"januar-februar-maerz-april","status":"publish","type":"post","link":"https:\/\/www.hossi-im-netz.de\/wordpress\/januar-februar-maerz-april\/","title":{"rendered":"Januar, Februar, M\u00e4rz, April&#8230;"},"content":{"rendered":"<h2>&#8222;Januar, Februar, M\u00e4rz, April&#8230;&#8220;<\/h2>\n<div>\n<p>&#8222;&#8230; die Jahresuhr steht niemals still.&#8220;. Manch einem d\u00fcrfte nun Rolf Zuckowskis Lied &#8222;Die Jahresuhr&#8220; im Kopf herumsausen. Sollte das nicht der Fall sein, disqualifiziert Sie das aber nat\u00fcrlich nicht f\u00fcr den weiteren Text des heutigen Thema des Tages &#8211; keine Sorge. Wie dem auch sei, dass sich die Jahresuhr weiter dreht d\u00fcrfte einem sp\u00e4testens am morgigen Sonntag wieder vor Augen gef\u00fchrt werden. Denn auch wenn das derzeitige Wetter in Deutschland eher nicht darauf schlie\u00dfen l\u00e4sst, beginnt morgen auf der Nordhalbkugel zumindest laut Kalender der Sommer.<\/p>\n<p>Der kalendarische Sommeranfang wird h\u00e4ufig auch astronomischer Sommeranfang genannt. Diese Bezeichnung ist genauso richtig, denn um zu verstehen, warum es \u00fcberhaupt Jahreszeiten auf unserer Erde gibt, muss man unsere Erde vom Weltraum aus betrachten. Bekannterma\u00dfen dreht sich die Erde zum einen um sich selbst, zum anderen aber auch um die Sonne. Der Knackpunkt ist nun, dass die Drehachse der Erde selbst gegen\u00fcber ihrer Umlaufbahn um die Sonne um 23,4 \u00b0 geneigt ist (siehe Grafik unter www.dwd.de\/tagesthema). Zwischen Fr\u00fchlings- und Herbstbeginn (also im Sommerhalbjahr) ist dadurch die Nordhalbkugel der Sonne st\u00e4rker zugewandt, im Winterhalbjahr hat dagegen die S\u00fcdhalbkugel dieses Vergn\u00fcgen. Damit \u00e4ndert sich im Laufe eines Jahres tags\u00fcber auch der Einfallswinkel der Sonnenstrahlung auf die Erdoberfl\u00e4che und dementsprechend auch ihre Intensit\u00e4t.<\/p>\n<p>Dass der Sommeranfang auch mit dem &#8222;l\u00e4ngsten&#8220; Tag des Jahres einhergeht und warum das so ist, wurde bereits im gestrigen Thema des Tages &#8222;Kaum &#8218;Sommeranfangsfeeling&#8216;!&#8220; thematisiert. Aber wie &#8222;lang&#8220; ist denn nun eigentlich der 21. Juni bei uns? Da in unserem Sommer die Nordhalbkugel der Sonne st\u00e4rker zugewandt ist, nimmt die astronomische Tagesl\u00e4nge von Norden nach S\u00fcden ab. In Flensburg beispielsweise hat der Tag morgen eine L\u00e4nge von 17 Stunden und 19 Minuten. Im \u00fcber 800 km s\u00fcdlicher gelegenen Oberstdorf ist die Sonne morgen dagegen theoretisch &#8222;nur&#8220; 15 h 57 min zu sehen (Werte basieren auf den Berechnungen von www.mondkalender-online.de\/sonnenuntergang.asp). Zum Vergleich: Am astronomischen Winteranfang, also am &#8222;k\u00fcrzesten&#8220; Tag, w\u00e4re die Sonne in Flensburg theoretisch nur 7 h 13 min, in Oberstdorf &#8222;immerhin&#8220; 8 h 27 min zu sehen. Dass dann in Sachen &#8222;Tagesl\u00e4nge&#8220; die Oberstdorfer die Nase vorne haben, liegt daran, dass im Winterhalbjahr die S\u00fcdhalbkugel der Sonne st\u00e4rker zugewandt ist.<\/p>\n<p>Den Start in den Sommer wird das Wetter in Deutschland wohl verschlafen, denn die 25 Grad, ab denen wir Meteorologen von einem Sommertag sprechen, werden zumindest bis zur Wochenmitte dort wohl nirgends erreicht. Mal sehen, wie es weitergeht. Die Jahresuhr steht ja bekanntlich niemals still.<\/p>\n<p>Dipl.-Met. Tobias Reinartz Deutscher Wetterdienst Vorhersage- und Beratungszentrale Offenbach, den 20.06.2015 Copyright (c) <a href=\"http:\/\/www.dwd.de\" target=\"_blank\">Deutscher Wetterdienst<\/a><\/p>\n<\/div>\n","protected":false},"excerpt":{"rendered":"<p>&#8222;Januar, Februar, M\u00e4rz, April&#8230;&#8220; &#8222;&#8230; die Jahresuhr steht niemals still.&#8220;. Manch einem d\u00fcrfte nun Rolf Zuckowskis Lied &#8222;Die Jahresuhr&#8220; im Kopf herumsausen. Sollte das nicht der Fall sein, disqualifiziert Sie das aber nat\u00fcrlich nicht f\u00fcr den weiteren Text des heutigen <span class=\"excerpt-dots\">&hellip;<\/span> <a class=\"more-link\" href=\"https:\/\/www.hossi-im-netz.de\/wordpress\/januar-februar-maerz-april\/\"><span class=\"more-msg\">Weiterlesen &rarr;<\/span><\/a><\/p>\n","protected":false},"author":1,"featured_media":0,"comment_status":"open","ping_status":"closed","sticky":false,"template":"","format":"standard","meta":{"_exactmetrics_skip_tracking":false,"_exactmetrics_sitenote_active":false,"_exactmetrics_sitenote_note":"","_exactmetrics_sitenote_category":0,"jetpack_post_was_ever_published":false,"_jetpack_newsletter_access":"","_jetpack_dont_email_post_to_subs":false,"_jetpack_newsletter_tier_id":0,"_jetpack_memberships_contains_paywalled_content":false,"_jetpack_memberships_contains_paid_content":false,"footnotes":"","jetpack_publicize_message":"","jetpack_publicize_feature_enabled":true,"jetpack_social_post_already_shared":true,"jetpack_social_options":{"image_generator_settings":{"template":"highway","default_image_id":0,"font":"","enabled":false},"version":2}},"categories":[37],"tags":[129,127,124,126,128,125],"yst_prominent_words":[6911,1216,2798,7201,6857,7200,7202,7199,7195,7193,2230,3007,7033,2211,7196,7194,4839,7197,7198,7203],"class_list":["post-659","post","type-post","status-publish","format-standard","hentry","category-wetterblog","tag-april","tag-februar","tag-jahresuhr","tag-januar","tag-maerz","tag-rolf-zuckowski"],"jetpack_publicize_connections":[],"jetpack_featured_media_url":"","jetpack_sharing_enabled":true,"jetpack_shortlink":"https:\/\/wp.me\/p5DnIb-aD","jetpack-related-posts":[],"jetpack_likes_enabled":true,"_links":{"self":[{"href":"https:\/\/www.hossi-im-netz.de\/wordpress\/wp-json\/wp\/v2\/posts\/659","targetHints":{"allow":["GET"]}}],"collection":[{"href":"https:\/\/www.hossi-im-netz.de\/wordpress\/wp-json\/wp\/v2\/posts"}],"about":[{"href":"https:\/\/www.hossi-im-netz.de\/wordpress\/wp-json\/wp\/v2\/types\/post"}],"author":[{"embeddable":true,"href":"https:\/\/www.hossi-im-netz.de\/wordpress\/wp-json\/wp\/v2\/users\/1"}],"replies":[{"embeddable":true,"href":"https:\/\/www.hossi-im-netz.de\/wordpress\/wp-json\/wp\/v2\/comments?post=659"}],"version-history":[{"count":2,"href":"https:\/\/www.hossi-im-netz.de\/wordpress\/wp-json\/wp\/v2\/posts\/659\/revisions"}],"predecessor-version":[{"id":661,"href":"https:\/\/www.hossi-im-netz.de\/wordpress\/wp-json\/wp\/v2\/posts\/659\/revisions\/661"}],"wp:attachment":[{"href":"https:\/\/www.hossi-im-netz.de\/wordpress\/wp-json\/wp\/v2\/media?parent=659"}],"wp:term":[{"taxonomy":"category","embeddable":true,"href":"https:\/\/www.hossi-im-netz.de\/wordpress\/wp-json\/wp\/v2\/categories?post=659"},{"taxonomy":"post_tag","embeddable":true,"href":"https:\/\/www.hossi-im-netz.de\/wordpress\/wp-json\/wp\/v2\/tags?post=659"},{"taxonomy":"yst_prominent_words","embeddable":true,"href":"https:\/\/www.hossi-im-netz.de\/wordpress\/wp-json\/wp\/v2\/yst_prominent_words?post=659"}],"curies":[{"name":"wp","href":"https:\/\/api.w.org\/{rel}","templated":true}]}}