{"id":6664,"date":"2017-03-17T14:19:35","date_gmt":"2017-03-17T12:19:35","guid":{"rendered":"http:\/\/www.hossi-im-netz.de\/wordpress\/?p=6664"},"modified":"2017-03-17T14:19:35","modified_gmt":"2017-03-17T12:19:35","slug":"wochenend-und-sonnenschein-von-wegen","status":"publish","type":"post","link":"https:\/\/www.hossi-im-netz.de\/wordpress\/wochenend-und-sonnenschein-von-wegen\/","title":{"rendered":"Wochenend\u00b4 und Sonnenschein &#8211; von wegen!"},"content":{"rendered":"<h2 style=\"text-align: justify;\">Wochenend\u00b4 und Sonnenschein &#8211; von wegen!<\/h2>\n<p style=\"text-align: justify;\">\nW\u00e4hrend das vergangene Wochenende zumindest in Teilen des Landes Lust auf den Fr\u00fchling gemacht hat, sieht es f\u00fcr das kommende Wochenende anders aus. Sturm und Regen lautet die Devise, womit wir uns diesmal besch\u00e4ftigen m\u00fcssen.<\/p>\n<p style=\"text-align: justify;\">Es war im Jahr 1930, als die Comedian Harmonists den sp\u00e4ter ber\u00fchmt gewordenen und h\u00e4ufig geh\u00f6rten Schlager &#8222;Wochenend\u00b4 und Sonnenschein&#8220; erstmals intonierten. Nun, in den mittlerweile vergangenen 87 Jahren hat es mit Sicherheit unz\u00e4hlige Wochenenden gegeben, an denen diese Verbindung wie die Faust aufs Auge passte. Genauso sicher ist aber auch, dass das auf das bevorstehende Wochenende &#8211; \u00fcbrigens das letzte des kalendarischen Winters &#8211; mal sowas von \u00fcberhaupt nicht zutrifft.<\/p>\n<p style=\"text-align: justify;\">Zur Lage: Das Hochdruckgebiet KATHRIN, gestern landesweit und heute zumindest im S\u00fcden anfangs noch f\u00fcr vorfr\u00fchlingshaftes Wetter verantwortlich, verschwindet g\u00e4nzlich von den Wetterkarten und macht Platz f\u00fcr eine ganze Schar von Tiefdruckgebieten, die sich jetzt \u00fcber Nord- und Nordwesteuropa in Stellung bringen. Von dort versorgen sie uns am Samstag und Sonntag \u00fcberreichlich mit Luftmassen vom Atlantik, die mal mehr, mal weniger mild, aber durchweg feucht sind. Dabei sind es gar nicht mal die dicken, fetten Tiefs \u00fcber Skandinavien und dem Nordmeer (in diesem Fall CHRISTOPH und DIETER), die uns piesacken werden. Vielmehr sind es die kleinen nickeligen Randtiefs, die den Vorhersageraum traktieren und dabei mitunter ziemlich fies agieren.<\/p>\n<p style=\"text-align: justify;\">Am Samstag tritt dabei zun\u00e4chst Tief ECKHART auf den Plan (liebe Leserinnen und Leser, bitte nicht b\u00f6se auf den Ecki sein, den es vielleicht in ihrer Familie oder ihrem Bekanntenkreis gibt &#8211; er kann nix daf\u00fcr). Von der Nordsee kommend zieht es rasch den deutschen K\u00fcstensaum entlang Richtung Nordpolen (siehe Grafik). Dabei frischt nicht nur der westliche Wind verbreitet sp\u00fcrbar auf, nein, es kommt zudem zu teils andauerndem und ergiebigem Regen. Mit anderen Worten, der Samstag wird lausig bis sehr lausig. Zwar gibt es bez\u00fcglich der konkreten Wind- und Regenvorhersage noch ein paar Unsicherheiten, die mit dem Fahrplan und der Zugbahn von ECKHART zusammenh\u00e4ngen; die Trends sind aber eindeutig. So f\u00e4llt der meiste Regen in den West-Nordweststaulagen der Mittelgebirge und Alpen, wobei die Alpen gegen\u00fcber den Mittelgebirgen noch herausstechen. Besonders im Allg\u00e4u und in den Berchtesgadener Alpen wird es bis in den Sonntag hinein so viel regnen, dass wohl noch im Laufe des heutigen Freitags eine UNWETTERWARNUNG vor ERGIEBIGEM DAUERREGEN f\u00e4llig wird. Immerhin, im Norden und Nordwesten lassen die Regenf\u00e4lle im Tagesverlauf mehr und mehr nach und die Wolkendecke lockert etwas auf. In K\u00fcstenn\u00e4he hat man sogar die Chance, wenigstens ab und zu die Sonne mal zu Gesicht zu bekommen &#8211; bei mageren 6-8\u00b0C reicht es allerdings noch nicht f\u00fcr den Strandkorb. Thema Wind: der kommt, aus westlichen Richtungen wehend, vor\u00fcbergehend richtig auf Touren und bringt, vielleicht mit Ausnahme des Nordostens, starke bis st\u00fcrmische B\u00f6en, vereinzelt sogar Sturmb\u00f6en. Im Bergland sind Sturmb\u00f6en obligat, in exponierten Kamm- und Gipfellagen stehen sogar schwere Sturm- oder Orkanb\u00f6en auf dem Programm. Wo genau es wann wie stark st\u00fcrmt oder wo es wie lange richtig kr\u00e4ftig regnet, kann man am Samstag am besten der Warnkarte auf www.DWD.de oder der Warnwetter-App des DWD entnehmen.<\/p>\n<p style=\"text-align: justify;\">Am Sonntag pr\u00e4sentiert sich zur Mittagszeit \u00fcber der Nordsee das n\u00e4chste Randtief, was derzeit noch namenlos ist (weil das Tief noch gar nicht existiert), m\u00f6glicherweise aber FALK getauft wird (ohne Gew\u00e4hr). Es bringt weitere Regenf\u00e4lle, deren Schwerpunkt sich nun aber zunehmend in den Norden und Nordosten Deutschlands verlagert. Dagegen trocknet es im S\u00fcdwesten bei steigendem Luftdruck allm\u00e4hlich ab, das resultierende Zwischenhoch ist aber zu schwach auf der Brust, um die z\u00e4he Wolkendecke nachhaltig &#8222;anzuknabbern&#8220;. Oder anders ausgedr\u00fcckt, gr\u00f6\u00dfere Auflockerungen sind nicht zu erwarten. Vielleicht reicht es f\u00fcr ein paar nachmitt\u00e4gliche Sonnenstrahlen von S\u00fcdbaden bis hin\u00fcber zum Alpenrand. Tatsache hingegen ist, dass der West- bis S\u00fcdwestwind erneut auffrischt und besonders im Bergland f\u00fcr einen st\u00fcrmischen Sonntag sorgt, was einen Ausflug dorthin nicht gerade zu einem Highlight macht.<\/p>\n<p style=\"text-align: justify;\">W\u00e4re abschlie\u00dfend noch ein Blick auf die Aussichten f\u00fcr die kommende Woche zu werfen, wenn, ja wenn das denn Sinn machte. Die verschiedenen Computermodelle, mit deren Hilfe wir Meteorologen unsere Vorhersagen machen, weichen im Laufe der kommenden Woche derart voneinander ab, dass von fortdauerndem Tiefdruckeinfluss bis hin zu kr\u00e4ftigem Hochdruckeinfluss quasi alles drin ist. Nichts Genaues wei\u00df man also nicht, lassen wir uns \u00fcberraschen.<\/p>\n<p style=\"text-align: justify;\">Dipl.-Met. Jens Hoffmann<\/p>\n<p style=\"text-align: justify;\">Deutscher Wetterdienst Vorhersage- und Beratungszentrale Offenbach, den 17.03.2017<\/p>\n<p style=\"text-align: justify;\">Copyright (c) Deutscher Wetterdienst<\/p>\n<p style=\"text-align: justify;\">\n<p style=\"text-align: justify;\"><a href=\"https:\/\/www.hossi-im-netz.de\/wordpress\/wp-content\/uploads\/2017\/03\/IMG_3619.gif\"><img loading=\"lazy\" decoding=\"async\" data-attachment-id=\"6666\" data-permalink=\"https:\/\/www.hossi-im-netz.de\/wordpress\/wochenend-und-sonnenschein-von-wegen\/img_3619\/\" data-orig-file=\"https:\/\/www.hossi-im-netz.de\/wordpress\/wp-content\/uploads\/2017\/03\/IMG_3619.gif\" data-orig-size=\"1280,910\" data-comments-opened=\"1\" data-image-meta=\"{&quot;aperture&quot;:&quot;0&quot;,&quot;credit&quot;:&quot;&quot;,&quot;camera&quot;:&quot;&quot;,&quot;caption&quot;:&quot;&quot;,&quot;created_timestamp&quot;:&quot;0&quot;,&quot;copyright&quot;:&quot;&quot;,&quot;focal_length&quot;:&quot;0&quot;,&quot;iso&quot;:&quot;0&quot;,&quot;shutter_speed&quot;:&quot;0&quot;,&quot;title&quot;:&quot;&quot;,&quot;orientation&quot;:&quot;0&quot;}\" data-image-title=\"Wochenend\u00b4 und Sonnenschein &amp;#8211; von wegen!\" data-image-description=\"\" data-image-caption=\"\" data-medium-file=\"https:\/\/www.hossi-im-netz.de\/wordpress\/wp-content\/uploads\/2017\/03\/IMG_3619-300x213.gif\" data-large-file=\"https:\/\/www.hossi-im-netz.de\/wordpress\/wp-content\/uploads\/2017\/03\/IMG_3619-1024x728.gif\" class=\"alignnone size-large wp-image-6666\" src=\"https:\/\/www.hossi-im-netz.de\/wordpress\/wp-content\/uploads\/2017\/03\/IMG_3619-1024x728.gif\" alt=\"\" width=\"1024\" height=\"728\" srcset=\"https:\/\/www.hossi-im-netz.de\/wordpress\/wp-content\/uploads\/2017\/03\/IMG_3619-1024x728.gif 1024w, https:\/\/www.hossi-im-netz.de\/wordpress\/wp-content\/uploads\/2017\/03\/IMG_3619-300x213.gif 300w, https:\/\/www.hossi-im-netz.de\/wordpress\/wp-content\/uploads\/2017\/03\/IMG_3619-768x546.gif 768w\" sizes=\"auto, (max-width: 1024px) 100vw, 1024px\" \/><\/a><\/p>\n","protected":false},"excerpt":{"rendered":"<p>Wochenend\u00b4 und Sonnenschein &#8211; von wegen! W\u00e4hrend das vergangene Wochenende zumindest in Teilen des Landes Lust auf den Fr\u00fchling gemacht hat, sieht es f\u00fcr das kommende Wochenende anders aus. Sturm und Regen lautet die Devise, womit wir uns diesmal besch\u00e4ftigen <span class=\"excerpt-dots\">&hellip;<\/span> <a class=\"more-link\" href=\"https:\/\/www.hossi-im-netz.de\/wordpress\/wochenend-und-sonnenschein-von-wegen\/\"><span class=\"more-msg\">Weiterlesen &rarr;<\/span><\/a><\/p>\n","protected":false},"author":1,"featured_media":6666,"comment_status":"open","ping_status":"closed","sticky":false,"template":"","format":"standard","meta":{"_exactmetrics_skip_tracking":false,"_exactmetrics_sitenote_active":false,"_exactmetrics_sitenote_note":"","_exactmetrics_sitenote_category":0,"jetpack_post_was_ever_published":false,"_jetpack_newsletter_access":"","_jetpack_dont_email_post_to_subs":false,"_jetpack_newsletter_tier_id":0,"_jetpack_memberships_contains_paywalled_content":false,"_jetpack_memberships_contains_paid_content":false,"footnotes":"","jetpack_publicize_message":"","jetpack_publicize_feature_enabled":true,"jetpack_social_post_already_shared":true,"jetpack_social_options":{"image_generator_settings":{"template":"highway","default_image_id":0,"font":"","enabled":false},"version":2}},"categories":[37],"tags":[3606,3607,25,492,108],"yst_prominent_words":[2904,2226,1216,3601,3602,3600,3604,3603,2858,2094,2019,3605,3365,1222,3598,1414,3599,3597,2740,2572],"class_list":["post-6664","post","type-post","status-publish","format-standard","has-post-thumbnail","hentry","category-wetterblog","tag-eckhart","tag-kathrin","tag-regen","tag-tiefdruckgebiet","tag-wochenende"],"jetpack_publicize_connections":[],"jetpack_featured_media_url":"https:\/\/www.hossi-im-netz.de\/wordpress\/wp-content\/uploads\/2017\/03\/IMG_3619.gif","jetpack_sharing_enabled":true,"jetpack_shortlink":"https:\/\/wp.me\/p5DnIb-1Ju","jetpack-related-posts":[],"jetpack_likes_enabled":true,"_links":{"self":[{"href":"https:\/\/www.hossi-im-netz.de\/wordpress\/wp-json\/wp\/v2\/posts\/6664","targetHints":{"allow":["GET"]}}],"collection":[{"href":"https:\/\/www.hossi-im-netz.de\/wordpress\/wp-json\/wp\/v2\/posts"}],"about":[{"href":"https:\/\/www.hossi-im-netz.de\/wordpress\/wp-json\/wp\/v2\/types\/post"}],"author":[{"embeddable":true,"href":"https:\/\/www.hossi-im-netz.de\/wordpress\/wp-json\/wp\/v2\/users\/1"}],"replies":[{"embeddable":true,"href":"https:\/\/www.hossi-im-netz.de\/wordpress\/wp-json\/wp\/v2\/comments?post=6664"}],"version-history":[{"count":2,"href":"https:\/\/www.hossi-im-netz.de\/wordpress\/wp-json\/wp\/v2\/posts\/6664\/revisions"}],"predecessor-version":[{"id":6667,"href":"https:\/\/www.hossi-im-netz.de\/wordpress\/wp-json\/wp\/v2\/posts\/6664\/revisions\/6667"}],"wp:featuredmedia":[{"embeddable":true,"href":"https:\/\/www.hossi-im-netz.de\/wordpress\/wp-json\/wp\/v2\/media\/6666"}],"wp:attachment":[{"href":"https:\/\/www.hossi-im-netz.de\/wordpress\/wp-json\/wp\/v2\/media?parent=6664"}],"wp:term":[{"taxonomy":"category","embeddable":true,"href":"https:\/\/www.hossi-im-netz.de\/wordpress\/wp-json\/wp\/v2\/categories?post=6664"},{"taxonomy":"post_tag","embeddable":true,"href":"https:\/\/www.hossi-im-netz.de\/wordpress\/wp-json\/wp\/v2\/tags?post=6664"},{"taxonomy":"yst_prominent_words","embeddable":true,"href":"https:\/\/www.hossi-im-netz.de\/wordpress\/wp-json\/wp\/v2\/yst_prominent_words?post=6664"}],"curies":[{"name":"wp","href":"https:\/\/api.w.org\/{rel}","templated":true}]}}