{"id":6773,"date":"2017-03-31T13:30:27","date_gmt":"2017-03-31T11:30:27","guid":{"rendered":"http:\/\/www.hossi-im-netz.de\/wordpress\/?p=6773"},"modified":"2017-03-31T16:45:41","modified_gmt":"2017-03-31T14:45:41","slug":"auf-rekordjagd-sommerwaerme-im-maerz","status":"publish","type":"post","link":"https:\/\/www.hossi-im-netz.de\/wordpress\/auf-rekordjagd-sommerwaerme-im-maerz\/","title":{"rendered":"Auf Rekordjagd &#8211; Sommerw\u00e4rme im M\u00e4rz"},"content":{"rendered":"<h2 style=\"text-align: justify;\">Auf Rekordjagd &#8211; Sommerw\u00e4rme im M\u00e4rz<\/h2>\n<p style=\"text-align: justify;\">\nAm heutigen Freitag steigen die Temperaturen teilweise in den fr\u00fchsommerlichen Bereich und damit auf ein recht ungew\u00f6hnliches hohes Niveau f\u00fcr M\u00e4rz. An einigen Wetterstationen werden neue Temperaturrekorde erwartet.<\/p>\n<p style=\"text-align: justify;\">Bereits in den vergangenen Tagen gab es in Deutschland f\u00fcr die Jahreszeit deutlich \u00fcberdurchschnittliche Temperaturen, doch am heutigen Freitag wird noch eine Schippe draufgelegt. Mit reichlich Sonnenunterst\u00fctzung und Zufuhr subtropischer Luftmassen aus S\u00fcdwesteuropa steigt die Temperatur verbreitet \u00fcber die 20-Grad-Marke. Vor allem entlang des Oberrheins ist sogar ein Sommertag m\u00f6glich, das hei\u00dft eine H\u00f6chsttemperatur von mindestens 25,0 Grad.<\/p>\n<p style=\"text-align: justify;\">Verantwortlich f\u00fcr das teils fr\u00fchsommerliche Wetter ist eine Gro\u00dfwetterlage mit den zwei Tiefdruckgebieten JOHNNY bei den Britischen Inseln und IWAN bei Island sowie dem Hoch MARRIT \u00fcber Ost- und S\u00fcdosteuropa, aus der die S\u00fcdweststr\u00f6mung resultiert. Damit wird Luft subtropischen Ursprungs, die zum Teil aus dem Norden Afrikas stammt, nach Deutschland gef\u00fchrt. Im Zusammenspiel von ganzt\u00e4gigem Sonnenschein, leichten F\u00f6hneffekten am Nordrand der Mittelgebirge und den besonders im S\u00fcdwesten trockenen B\u00f6den (schnelle Erw\u00e4rmung, weniger Verdunstungsabk\u00fchlung) wird heute zumindest \u00f6rtlich, wenn nicht sogar durch einen Deutschlandrekord Geschichte geschrieben. Daf\u00fcr braucht es aber schon optimale Bedingungen.<\/p>\n<p style=\"text-align: justify;\">Der bisherige absolute M\u00e4rzrekord der Tagesh\u00f6chsttemperatur in Deutschland wurde am 28.03.1989 mit 26,6 Grad in Geroldsau am Oberrhein (Baden-W\u00fcrttemberg) aufgestellt. Bei zu erwartenden H\u00f6chstwerten um &#8222;nur&#8220; 25 Grad (siehe Grafik zur Wettervorhersage f\u00fcr den heutigen Freitag unter http:\/\/www.dwd.de\/DE\/wetter\/thema_des_tages\/2017\/3\/31.html) k\u00f6nnte es damit allerdings schwierig werden. An einigen Wetterstationen d\u00fcrfte es aber schon f\u00fcr neue Rekorde reichen. Selbst direkt an den K\u00fcsten erw\u00e4rmt sich die Luft oftmals auf 20 Grad oder dar\u00fcber, denn aufgrund des h\u00e4ufig ablandigen Windes spielt das f\u00fcnf bis sieben Grad kalte Wasser heute vielerorts keine Rolle.<\/p>\n<p style=\"text-align: justify;\">Das Erreichen der 25-Grad-Marke im M\u00e4rz ist eine Ausnahmeerscheinung. Denn in den vergangenen Jahren seit 1987 war dies nur viermal der Fall: 1989, 1990, 1998 und 2004. 1989 gab es am Oberrhein vom 27. &#8211; 30. des Monats gebietsweise sogar vier Sommertage am St\u00fcck. Das wird in diesem Jahr nicht nur durch eine von Westen nahende Kaltfront, sondern auch durch den heute endenden M\u00e4rz nat\u00fcrlich unm\u00f6glich.<\/p>\n<p style=\"text-align: justify;\">Der fr\u00fcheste Termin, an dem jemals ein Sommertag in Deutschland registriert wurde, war der 22. M\u00e4rz. Solch einen besonders zeitigen Start konnte man in den Jahren 1889, 1974 und 1990 erleben, als ein Sommertag bereits acht Tage fr\u00fcher als in diesem Jahr &#8211; sofern heute 25 Grad oder mehr gemessen werden &#8211; verzeichnet werden konnte.<\/p>\n<p style=\"text-align: justify;\">Am morgigen Samstag verlagert sich der W\u00e4rmeschwerpunkt in die Osth\u00e4lfte des Landes. Auch wenn die H\u00f6chsttemperaturen vermutlich nicht mehr ganz so hoch liegen werden wie heute, sind lokal noch einmal 25 Grad und damit ein Sommertag m\u00f6glich. Selbst f\u00fcr Anfang April ist dies immer noch eine beeindruckende &#8222;Hausmarke&#8220;.<\/p>\n<p style=\"text-align: justify;\">M. Sc. Met. Thore Hansen<\/p>\n<p style=\"text-align: justify;\">Deutscher Wetterdienst Vorhersage- und Beratungszentrale Offenbach, den 31.03.2017<\/p>\n<p style=\"text-align: justify;\">Copyright (c) Deutscher Wetterdienst<\/p>\n<p style=\"text-align: justify;\">\n<p style=\"text-align: justify;\"><a href=\"https:\/\/www.hossi-im-netz.de\/wordpress\/wp-content\/uploads\/2017\/03\/IMG_3982.jpg\"><img loading=\"lazy\" decoding=\"async\" data-attachment-id=\"6775\" data-permalink=\"https:\/\/www.hossi-im-netz.de\/wordpress\/auf-rekordjagd-sommerwaerme-im-maerz\/img_3982\/\" data-orig-file=\"https:\/\/www.hossi-im-netz.de\/wordpress\/wp-content\/uploads\/2017\/03\/IMG_3982.jpg\" data-orig-size=\"1920,1080\" data-comments-opened=\"1\" data-image-meta=\"{&quot;aperture&quot;:&quot;0&quot;,&quot;credit&quot;:&quot;&quot;,&quot;camera&quot;:&quot;&quot;,&quot;caption&quot;:&quot;&quot;,&quot;created_timestamp&quot;:&quot;0&quot;,&quot;copyright&quot;:&quot;&quot;,&quot;focal_length&quot;:&quot;0&quot;,&quot;iso&quot;:&quot;0&quot;,&quot;shutter_speed&quot;:&quot;0&quot;,&quot;title&quot;:&quot;&quot;,&quot;orientation&quot;:&quot;0&quot;}\" data-image-title=\"Auf Rekordjagd &amp;#8211; Sommerw\u00e4rme im M\u00e4rz\" data-image-description=\"\" data-image-caption=\"\" data-medium-file=\"https:\/\/www.hossi-im-netz.de\/wordpress\/wp-content\/uploads\/2017\/03\/IMG_3982-300x169.jpg\" data-large-file=\"https:\/\/www.hossi-im-netz.de\/wordpress\/wp-content\/uploads\/2017\/03\/IMG_3982-1024x576.jpg\" class=\"alignnone size-large wp-image-6775\" src=\"https:\/\/www.hossi-im-netz.de\/wordpress\/wp-content\/uploads\/2017\/03\/IMG_3982-1024x576.jpg\" alt=\"\" width=\"1024\" height=\"576\" srcset=\"https:\/\/www.hossi-im-netz.de\/wordpress\/wp-content\/uploads\/2017\/03\/IMG_3982-1024x576.jpg 1024w, https:\/\/www.hossi-im-netz.de\/wordpress\/wp-content\/uploads\/2017\/03\/IMG_3982-300x169.jpg 300w, https:\/\/www.hossi-im-netz.de\/wordpress\/wp-content\/uploads\/2017\/03\/IMG_3982-768x432.jpg 768w, https:\/\/www.hossi-im-netz.de\/wordpress\/wp-content\/uploads\/2017\/03\/IMG_3982.jpg 1920w\" sizes=\"auto, (max-width: 1024px) 100vw, 1024px\" \/><\/a><\/p>\n","protected":false},"excerpt":{"rendered":"<p>Auf Rekordjagd &#8211; Sommerw\u00e4rme im M\u00e4rz Am heutigen Freitag steigen die Temperaturen teilweise in den fr\u00fchsommerlichen Bereich und damit auf ein recht ungew\u00f6hnliches hohes Niveau f\u00fcr M\u00e4rz. An einigen Wetterstationen werden neue Temperaturrekorde erwartet. Bereits in den vergangenen Tagen gab <span class=\"excerpt-dots\">&hellip;<\/span> <a class=\"more-link\" href=\"https:\/\/www.hossi-im-netz.de\/wordpress\/auf-rekordjagd-sommerwaerme-im-maerz\/\"><span class=\"more-msg\">Weiterlesen &rarr;<\/span><\/a><\/p>\n","protected":false},"author":1,"featured_media":6775,"comment_status":"open","ping_status":"closed","sticky":false,"template":"","format":"standard","meta":{"_exactmetrics_skip_tracking":false,"_exactmetrics_sitenote_active":false,"_exactmetrics_sitenote_note":"","_exactmetrics_sitenote_category":0,"jetpack_post_was_ever_published":false,"_jetpack_newsletter_access":"","_jetpack_dont_email_post_to_subs":true,"_jetpack_newsletter_tier_id":0,"_jetpack_memberships_contains_paywalled_content":false,"_jetpack_memberships_contains_paid_content":false,"footnotes":"","jetpack_publicize_message":"","jetpack_publicize_feature_enabled":true,"jetpack_social_post_already_shared":true,"jetpack_social_options":{"image_generator_settings":{"template":"highway","default_image_id":0,"font":"","enabled":false},"version":2}},"categories":[37],"tags":[1352,70,128,3831,3832],"yst_prominent_words":[3651,2135,1216,1411,2171,3827,1579,2259,3826,3624,3829,3828,1451,1606,1513,3830],"class_list":["post-6773","post","type-post","status-publish","format-standard","has-post-thumbnail","hentry","category-wetterblog","tag-1352","tag-fruehling","tag-maerz","tag-rekordjagd","tag-sommerwaerme"],"jetpack_publicize_connections":[],"jetpack_featured_media_url":"https:\/\/www.hossi-im-netz.de\/wordpress\/wp-content\/uploads\/2017\/03\/IMG_3982.jpg","jetpack_sharing_enabled":true,"jetpack_shortlink":"https:\/\/wp.me\/p5DnIb-1Lf","jetpack-related-posts":[],"jetpack_likes_enabled":true,"_links":{"self":[{"href":"https:\/\/www.hossi-im-netz.de\/wordpress\/wp-json\/wp\/v2\/posts\/6773","targetHints":{"allow":["GET"]}}],"collection":[{"href":"https:\/\/www.hossi-im-netz.de\/wordpress\/wp-json\/wp\/v2\/posts"}],"about":[{"href":"https:\/\/www.hossi-im-netz.de\/wordpress\/wp-json\/wp\/v2\/types\/post"}],"author":[{"embeddable":true,"href":"https:\/\/www.hossi-im-netz.de\/wordpress\/wp-json\/wp\/v2\/users\/1"}],"replies":[{"embeddable":true,"href":"https:\/\/www.hossi-im-netz.de\/wordpress\/wp-json\/wp\/v2\/comments?post=6773"}],"version-history":[{"count":2,"href":"https:\/\/www.hossi-im-netz.de\/wordpress\/wp-json\/wp\/v2\/posts\/6773\/revisions"}],"predecessor-version":[{"id":6776,"href":"https:\/\/www.hossi-im-netz.de\/wordpress\/wp-json\/wp\/v2\/posts\/6773\/revisions\/6776"}],"wp:featuredmedia":[{"embeddable":true,"href":"https:\/\/www.hossi-im-netz.de\/wordpress\/wp-json\/wp\/v2\/media\/6775"}],"wp:attachment":[{"href":"https:\/\/www.hossi-im-netz.de\/wordpress\/wp-json\/wp\/v2\/media?parent=6773"}],"wp:term":[{"taxonomy":"category","embeddable":true,"href":"https:\/\/www.hossi-im-netz.de\/wordpress\/wp-json\/wp\/v2\/categories?post=6773"},{"taxonomy":"post_tag","embeddable":true,"href":"https:\/\/www.hossi-im-netz.de\/wordpress\/wp-json\/wp\/v2\/tags?post=6773"},{"taxonomy":"yst_prominent_words","embeddable":true,"href":"https:\/\/www.hossi-im-netz.de\/wordpress\/wp-json\/wp\/v2\/yst_prominent_words?post=6773"}],"curies":[{"name":"wp","href":"https:\/\/api.w.org\/{rel}","templated":true}]}}